{"id":298105,"date":"2026-04-05T11:15:00","date_gmt":"2026-04-05T09:15:00","guid":{"rendered":"https:\/\/www.tucomarca.com\/wordpress\/segunda\/?p=298105"},"modified":"2026-04-07T16:00:53","modified_gmt":"2026-04-07T14:00:53","slug":"fotogaleria-siete-aguas-viu-un-intens-cap-de-setmana-entre-la-setmana-santa-i-linici-de-la-festa-de-la-musica","status":"publish","type":"post","link":"https:\/\/www.tucomarca.com\/wordpress\/segunda\/ca\/fotogaleria-siete-aguas-viu-un-intens-cap-de-setmana-entre-la-setmana-santa-i-linici-de-la-festa-de-la-musica\/","title":{"rendered":"Fotogaler\u00eda: Siete Aguas viu un intens cap de setmana entre la Setmana Santa i l\u2019inici de la Festa de la M\u00fasica"},"content":{"rendered":"\n<p>Siete Aguas ha gaudit d\u2019un cap de setmana marcat per la tradici\u00f3, la devoci\u00f3 i la m\u00fasica, amb la celebraci\u00f3 dels actes de Setmana Santa i l\u2019inici de la Festa de la M\u00fasica.<\/p>\n\n\n\n<p>Els actes religiosos han comptat amb una \u00e0mplia participaci\u00f3 ve\u00efnal, destacant la implicaci\u00f3 de la parr\u00f2quia de Sant Joan, els portadors de les andes i totes les persones que fan possible que esta celebraci\u00f3 es mantinga viva any rere any a la localitat.<\/p>\n\n\n\n<p>Paral\u00b7lelament, la m\u00fasica ha pres protagonisme amb l\u2019inici de la Festa de la M\u00fasica a c\u00e0rrec de la Societat Musical La Paz, que enguany celebra a m\u00e9s el seu 75 aniversari, una efem\u00e8ride especial per a l\u2019agrupaci\u00f3 i per al conjunt del municipi.<\/p>\n\n\n\n<p>Des de l\u2019Ajuntament han volgut recon\u00e9ixer la tasca de totes les persones implicades tant en l\u2019organitzaci\u00f3 de la Setmana Santa com en el desenvolupament d\u2019esta cita musical, animant ve\u00efns i visitants a gaudir intensament d\u2019una programaci\u00f3 que combina cultura, tradici\u00f3 i participaci\u00f3. Informa, <strong>P. Ferrer<\/strong>.<\/p>\n\n\n\n<figure class=\"wp-block-gallery has-nested-images columns-1 is-cropped wp-block-gallery-1 is-layout-flex wp-block-gallery-is-layout-flex\">\n<figure class=\"wp-block-image size-large\"><img loading=\"lazy\" decoding=\"async\" width=\"768\" height=\"1024\" data-id=\"298090\" src=\"https:\/\/www.tucomarca.com\/wordpress\/segunda\/wp-content\/uploads\/2026\/04\/SieteAguasSSanta03-768x1024.jpg\" alt=\"\" class=\"wp-image-298090\" srcset=\"https:\/\/www.tucomarca.com\/wordpress\/segunda\/wp-content\/uploads\/2026\/04\/SieteAguasSSanta03-768x1024.jpg 768w, https:\/\/www.tucomarca.com\/wordpress\/segunda\/wp-content\/uploads\/2026\/04\/SieteAguasSSanta03-225x300.jpg 225w, https:\/\/www.tucomarca.com\/wordpress\/segunda\/wp-content\/uploads\/2026\/04\/SieteAguasSSanta03-1152x1536.jpg 1152w, https:\/\/www.tucomarca.com\/wordpress\/segunda\/wp-content\/uploads\/2026\/04\/SieteAguasSSanta03.jpg 1536w\" sizes=\"auto, (max-width: 768px) 100vw, 768px\" \/><\/figure>\n\n\n\n<figure class=\"wp-block-image size-large\"><img loading=\"lazy\" decoding=\"async\" width=\"768\" height=\"1024\" data-id=\"298098\" src=\"https:\/\/www.tucomarca.com\/wordpress\/segunda\/wp-content\/uploads\/2026\/04\/SieteAguasSSanta07-768x1024.jpg\" alt=\"\" class=\"wp-image-298098\" srcset=\"https:\/\/www.tucomarca.com\/wordpress\/segunda\/wp-content\/uploads\/2026\/04\/SieteAguasSSanta07-768x1024.jpg 768w, https:\/\/www.tucomarca.com\/wordpress\/segunda\/wp-content\/uploads\/2026\/04\/SieteAguasSSanta07-225x300.jpg 225w, https:\/\/www.tucomarca.com\/wordpress\/segunda\/wp-content\/uploads\/2026\/04\/SieteAguasSSanta07-1152x1536.jpg 1152w, https:\/\/www.tucomarca.com\/wordpress\/segunda\/wp-content\/uploads\/2026\/04\/SieteAguasSSanta07.jpg 1536w\" sizes=\"auto, (max-width: 768px) 100vw, 768px\" \/><\/figure>\n\n\n\n<figure class=\"wp-block-image size-large\"><img loading=\"lazy\" decoding=\"async\" width=\"768\" height=\"1024\" data-id=\"298092\" src=\"https:\/\/www.tucomarca.com\/wordpress\/segunda\/wp-content\/uploads\/2026\/04\/SieteAguasSSanta04-768x1024.jpg\" alt=\"\" class=\"wp-image-298092\" srcset=\"https:\/\/www.tucomarca.com\/wordpress\/segunda\/wp-content\/uploads\/2026\/04\/SieteAguasSSanta04-768x1024.jpg 768w, https:\/\/www.tucomarca.com\/wordpress\/segunda\/wp-content\/uploads\/2026\/04\/SieteAguasSSanta04-225x300.jpg 225w, https:\/\/www.tucomarca.com\/wordpress\/segunda\/wp-content\/uploads\/2026\/04\/SieteAguasSSanta04-1152x1536.jpg 1152w, https:\/\/www.tucomarca.com\/wordpress\/segunda\/wp-content\/uploads\/2026\/04\/SieteAguasSSanta04.jpg 1536w\" sizes=\"auto, (max-width: 768px) 100vw, 768px\" \/><\/figure>\n\n\n\n<figure class=\"wp-block-image size-large\"><img loading=\"lazy\" decoding=\"async\" width=\"768\" height=\"1024\" data-id=\"298094\" src=\"https:\/\/www.tucomarca.com\/wordpress\/segunda\/wp-content\/uploads\/2026\/04\/SieteAguasSSanta05-768x1024.jpg\" alt=\"\" class=\"wp-image-298094\" srcset=\"https:\/\/www.tucomarca.com\/wordpress\/segunda\/wp-content\/uploads\/2026\/04\/SieteAguasSSanta05-768x1024.jpg 768w, https:\/\/www.tucomarca.com\/wordpress\/segunda\/wp-content\/uploads\/2026\/04\/SieteAguasSSanta05-225x300.jpg 225w, https:\/\/www.tucomarca.com\/wordpress\/segunda\/wp-content\/uploads\/2026\/04\/SieteAguasSSanta05-1152x1536.jpg 1152w, https:\/\/www.tucomarca.com\/wordpress\/segunda\/wp-content\/uploads\/2026\/04\/SieteAguasSSanta05.jpg 1536w\" sizes=\"auto, (max-width: 768px) 100vw, 768px\" \/><\/figure>\n\n\n\n<figure class=\"wp-block-image size-large\"><img loading=\"lazy\" decoding=\"async\" width=\"473\" height=\"1024\" data-id=\"298100\" src=\"https:\/\/www.tucomarca.com\/wordpress\/segunda\/wp-content\/uploads\/2026\/04\/SieteAguasSSanta08-473x1024.jpg\" alt=\"\" class=\"wp-image-298100\" srcset=\"https:\/\/www.tucomarca.com\/wordpress\/segunda\/wp-content\/uploads\/2026\/04\/SieteAguasSSanta08-473x1024.jpg 473w, https:\/\/www.tucomarca.com\/wordpress\/segunda\/wp-content\/uploads\/2026\/04\/SieteAguasSSanta08-139x300.jpg 139w, https:\/\/www.tucomarca.com\/wordpress\/segunda\/wp-content\/uploads\/2026\/04\/SieteAguasSSanta08-768x1662.jpg 768w, https:\/\/www.tucomarca.com\/wordpress\/segunda\/wp-content\/uploads\/2026\/04\/SieteAguasSSanta08-710x1536.jpg 710w, https:\/\/www.tucomarca.com\/wordpress\/segunda\/wp-content\/uploads\/2026\/04\/SieteAguasSSanta08-946x2048.jpg 946w, https:\/\/www.tucomarca.com\/wordpress\/segunda\/wp-content\/uploads\/2026\/04\/SieteAguasSSanta08-scaled.jpg 1183w\" sizes=\"auto, (max-width: 473px) 100vw, 473px\" \/><\/figure>\n\n\n\n<figure class=\"wp-block-image size-large\"><img loading=\"lazy\" decoding=\"async\" width=\"768\" height=\"1024\" data-id=\"298102\" src=\"https:\/\/www.tucomarca.com\/wordpress\/segunda\/wp-content\/uploads\/2026\/04\/SieteAguasSSanta09-768x1024.jpg\" alt=\"\" class=\"wp-image-298102\" srcset=\"https:\/\/www.tucomarca.com\/wordpress\/segunda\/wp-content\/uploads\/2026\/04\/SieteAguasSSanta09-768x1024.jpg 768w, https:\/\/www.tucomarca.com\/wordpress\/segunda\/wp-content\/uploads\/2026\/04\/SieteAguasSSanta09-225x300.jpg 225w, https:\/\/www.tucomarca.com\/wordpress\/segunda\/wp-content\/uploads\/2026\/04\/SieteAguasSSanta09-1152x1536.jpg 1152w, https:\/\/www.tucomarca.com\/wordpress\/segunda\/wp-content\/uploads\/2026\/04\/SieteAguasSSanta09.jpg 1536w\" sizes=\"auto, (max-width: 768px) 100vw, 768px\" \/><\/figure>\n\n\n\n<figure class=\"wp-block-image size-large\"><img loading=\"lazy\" decoding=\"async\" width=\"768\" height=\"1024\" data-id=\"298096\" src=\"https:\/\/www.tucomarca.com\/wordpress\/segunda\/wp-content\/uploads\/2026\/04\/SieteAguasSSanta06-768x1024.jpg\" alt=\"\" class=\"wp-image-298096\" srcset=\"https:\/\/www.tucomarca.com\/wordpress\/segunda\/wp-content\/uploads\/2026\/04\/SieteAguasSSanta06-768x1024.jpg 768w, https:\/\/www.tucomarca.com\/wordpress\/segunda\/wp-content\/uploads\/2026\/04\/SieteAguasSSanta06-225x300.jpg 225w, https:\/\/www.tucomarca.com\/wordpress\/segunda\/wp-content\/uploads\/2026\/04\/SieteAguasSSanta06-1152x1536.jpg 1152w, https:\/\/www.tucomarca.com\/wordpress\/segunda\/wp-content\/uploads\/2026\/04\/SieteAguasSSanta06.jpg 1536w\" sizes=\"auto, (max-width: 768px) 100vw, 768px\" \/><\/figure>\n\n\n\n<figure class=\"wp-block-image size-large\"><img loading=\"lazy\" decoding=\"async\" width=\"1024\" height=\"480\" data-id=\"298086\" src=\"https:\/\/www.tucomarca.com\/wordpress\/segunda\/wp-content\/uploads\/2026\/04\/SieteAguasSSanta01-1024x480.jpg\" alt=\"\" class=\"wp-image-298086\" srcset=\"https:\/\/www.tucomarca.com\/wordpress\/segunda\/wp-content\/uploads\/2026\/04\/SieteAguasSSanta01-1024x480.jpg 1024w, https:\/\/www.tucomarca.com\/wordpress\/segunda\/wp-content\/uploads\/2026\/04\/SieteAguasSSanta01-300x141.jpg 300w, https:\/\/www.tucomarca.com\/wordpress\/segunda\/wp-content\/uploads\/2026\/04\/SieteAguasSSanta01-768x360.jpg 768w, https:\/\/www.tucomarca.com\/wordpress\/segunda\/wp-content\/uploads\/2026\/04\/SieteAguasSSanta01-1536x720.jpg 1536w, https:\/\/www.tucomarca.com\/wordpress\/segunda\/wp-content\/uploads\/2026\/04\/SieteAguasSSanta01.jpg 1600w\" sizes=\"auto, (max-width: 1024px) 100vw, 1024px\" \/><\/figure>\n<\/figure>\n","protected":false},"excerpt":{"rendered":"<div class=\"mh-excerpt\">Siete Aguas ha gaudit d\u2019un cap de setmana marcat per la tradici\u00f3, la devoci\u00f3 i la m\u00fasica, amb la celebraci\u00f3 dels actes de Setmana Santa i l\u2019inici de la Festa de la M\u00fasica. Els actes <a class=\"mh-excerpt-more\" href=\"https:\/\/www.tucomarca.com\/wordpress\/segunda\/ca\/fotogaleria-siete-aguas-viu-un-intens-cap-de-setmana-entre-la-setmana-santa-i-linici-de-la-festa-de-la-musica\/\" title=\"Fotogaler\u00eda: Siete Aguas viu un intens cap de setmana entre la Setmana Santa i l\u2019inici de la Festa de la M\u00fasica\">[+] <\/a><\/div>\n","protected":false},"author":12,"featured_media":298089,"comment_status":"closed","ping_status":"open","sticky":false,"template":"","format":"gallery","meta":{"footnotes":""},"categories":[10898,10894,10912,11004,11007,11008,10896,10979],"tags":[10914,11991,11157],"class_list":{"0":"post-298105","1":"post","2":"type-post","3":"status-publish","4":"format-gallery","5":"has-post-thumbnail","7":"category-ventana-ca","8":"category-la-comarca-ca","9":"category-la-hoya-ca","10":"category-la-semana-en-imagenes-ca","11":"category-ocio-y-cultura-ca","12":"category-pueblos-en-fiestas-ca","13":"category-seccion-ca","14":"category-siete-aguas-ca","15":"tag-la-hoya-de-bunol-chiva-ca","16":"tag-semana-santa-ca","17":"tag-siete-aguas-ca","18":"post_format-post-format-gallery"},"_links":{"self":[{"href":"https:\/\/www.tucomarca.com\/wordpress\/segunda\/ca\/wp-json\/wp\/v2\/posts\/298105","targetHints":{"allow":["GET"]}}],"collection":[{"href":"https:\/\/www.tucomarca.com\/wordpress\/segunda\/ca\/wp-json\/wp\/v2\/posts"}],"about":[{"href":"https:\/\/www.tucomarca.com\/wordpress\/segunda\/ca\/wp-json\/wp\/v2\/types\/post"}],"author":[{"embeddable":true,"href":"https:\/\/www.tucomarca.com\/wordpress\/segunda\/ca\/wp-json\/wp\/v2\/users\/12"}],"replies":[{"embeddable":true,"href":"https:\/\/www.tucomarca.com\/wordpress\/segunda\/ca\/wp-json\/wp\/v2\/comments?post=298105"}],"version-history":[{"count":0,"href":"https:\/\/www.tucomarca.com\/wordpress\/segunda\/ca\/wp-json\/wp\/v2\/posts\/298105\/revisions"}],"wp:featuredmedia":[{"embeddable":true,"href":"https:\/\/www.tucomarca.com\/wordpress\/segunda\/ca\/wp-json\/wp\/v2\/media\/298089"}],"wp:attachment":[{"href":"https:\/\/www.tucomarca.com\/wordpress\/segunda\/ca\/wp-json\/wp\/v2\/media?parent=298105"}],"wp:term":[{"taxonomy":"category","embeddable":true,"href":"https:\/\/www.tucomarca.com\/wordpress\/segunda\/ca\/wp-json\/wp\/v2\/categories?post=298105"},{"taxonomy":"post_tag","embeddable":true,"href":"https:\/\/www.tucomarca.com\/wordpress\/segunda\/ca\/wp-json\/wp\/v2\/tags?post=298105"}],"curies":[{"name":"wp","href":"https:\/\/api.w.org\/{rel}","templated":true}]}}