{"id":298112,"date":"2026-04-05T08:30:00","date_gmt":"2026-04-05T06:30:00","guid":{"rendered":"https:\/\/www.tucomarca.com\/wordpress\/segunda\/?p=298112"},"modified":"2026-04-07T16:19:04","modified_gmt":"2026-04-07T14:19:04","slug":"derrota-del-cd-bunyol-davant-el-llevant-ud-b-4-0","status":"publish","type":"post","link":"https:\/\/www.tucomarca.com\/wordpress\/segunda\/ca\/derrota-del-cd-bunyol-davant-el-llevant-ud-b-4-0\/","title":{"rendered":"Derrota del CD Bunyol davant el Llevant UD B (4-0)"},"content":{"rendered":"\n<p>El CD Bunyol ha caigut derrotat per 4-0 en la seua visita al Llevant UD B. L&#8217;equip bu\u00f1olense no va aconseguir frenar l&#8217;empenyiment ofensiu del rival, que va saber imposar el seu ritme de joc i materialitzar les seues ocasions al llarg del partit.<\/p>\n\n\n\n<p>Malgrat l&#8217;esfor\u00e7 del CD Bunyol, el marcador no va reflectir opcions de remuntada, en un dol complicat davant un Atl\u00e8tic Llevant UD B efica\u00e7 i s\u00f2lid.<\/p>\n\n\n\n<p>Amb aquest resultat, el conjunt de Bunyol continua treballant per a corregir errors i afrontar amb garanties els pr\u00f2xims compromisos de la temporada.<\/p>\n","protected":false},"excerpt":{"rendered":"<div class=\"mh-excerpt\">El CD Bunyol ha caigut derrotat per 4-0 en la seua visita al Llevant UD B. L&#8217;equip bu\u00f1olense no va aconseguir frenar l&#8217;empenyiment ofensiu del rival, que va saber imposar el seu ritme de joc <a class=\"mh-excerpt-more\" href=\"https:\/\/www.tucomarca.com\/wordpress\/segunda\/ca\/derrota-del-cd-bunyol-davant-el-llevant-ud-b-4-0\/\" title=\"Derrota del CD Bunyol davant el Llevant UD B (4-0)\">[+] <\/a><\/div>\n","protected":false},"author":12,"featured_media":298111,"comment_status":"closed","ping_status":"open","sticky":false,"template":"","format":"standard","meta":{"footnotes":""},"categories":[10911,11015,11003,10894,10912,10896],"tags":[10913,11126,10914,24100],"class_list":{"0":"post-298112","1":"post","2":"type-post","3":"status-publish","4":"format-standard","5":"has-post-thumbnail","7":"category-bunol-ca","8":"category-canal-futbol","9":"category-sports","10":"category-la-comarca-ca","11":"category-la-hoya-ca","12":"category-seccion-ca","13":"tag-bunol-ca","14":"tag-cd-bunol-ca","15":"tag-la-hoya-de-bunol-chiva-ca","16":"tag-levante-ud-b"},"_links":{"self":[{"href":"https:\/\/www.tucomarca.com\/wordpress\/segunda\/ca\/wp-json\/wp\/v2\/posts\/298112","targetHints":{"allow":["GET"]}}],"collection":[{"href":"https:\/\/www.tucomarca.com\/wordpress\/segunda\/ca\/wp-json\/wp\/v2\/posts"}],"about":[{"href":"https:\/\/www.tucomarca.com\/wordpress\/segunda\/ca\/wp-json\/wp\/v2\/types\/post"}],"author":[{"embeddable":true,"href":"https:\/\/www.tucomarca.com\/wordpress\/segunda\/ca\/wp-json\/wp\/v2\/users\/12"}],"replies":[{"embeddable":true,"href":"https:\/\/www.tucomarca.com\/wordpress\/segunda\/ca\/wp-json\/wp\/v2\/comments?post=298112"}],"version-history":[{"count":0,"href":"https:\/\/www.tucomarca.com\/wordpress\/segunda\/ca\/wp-json\/wp\/v2\/posts\/298112\/revisions"}],"wp:featuredmedia":[{"embeddable":true,"href":"https:\/\/www.tucomarca.com\/wordpress\/segunda\/ca\/wp-json\/wp\/v2\/media\/298111"}],"wp:attachment":[{"href":"https:\/\/www.tucomarca.com\/wordpress\/segunda\/ca\/wp-json\/wp\/v2\/media?parent=298112"}],"wp:term":[{"taxonomy":"category","embeddable":true,"href":"https:\/\/www.tucomarca.com\/wordpress\/segunda\/ca\/wp-json\/wp\/v2\/categories?post=298112"},{"taxonomy":"post_tag","embeddable":true,"href":"https:\/\/www.tucomarca.com\/wordpress\/segunda\/ca\/wp-json\/wp\/v2\/tags?post=298112"}],"curies":[{"name":"wp","href":"https:\/\/api.w.org\/{rel}","templated":true}]}}