{"id":298131,"date":"2026-04-08T09:00:00","date_gmt":"2026-04-08T07:00:00","guid":{"rendered":"https:\/\/www.tucomarca.com\/wordpress\/segunda\/?p=298131"},"modified":"2026-04-08T13:44:43","modified_gmt":"2026-04-08T11:44:43","slug":"godelleta-presenta-el-vii-cicle-de-cambra-amb-finalitats-solidaris-a-benefici-de-payasospital","status":"publish","type":"post","link":"https:\/\/www.tucomarca.com\/wordpress\/segunda\/ca\/godelleta-presenta-el-vii-cicle-de-cambra-amb-finalitats-solidaris-a-benefici-de-payasospital\/","title":{"rendered":"Godelleta presenta el VII cicle de Cambra amb finalitats solidaris a benefici de Payasospital"},"content":{"rendered":"\n<p>Godelleta acull una nova edici\u00f3 del cicle de m\u00fasica de cambra, que en 2026 aconsegueix la seua setena edici\u00f3 amb una programaci\u00f3 variada i un marcat car\u00e0cter solidari.<\/p>\n\n\n\n<p>El <strong>VII cicle de Cambra Godelleta<\/strong> destinar\u00e0 la recaptaci\u00f3 a l&#8217;associaci\u00f3 <strong>Payasospital<\/strong>, amb una entrada-donatiu de 3 euros, refor\u00e7ant aix\u00ed el comprom\u00eds social de l&#8217;esdeveniment cultural.<\/p>\n\n\n<div class=\"wp-block-image\">\n<figure class=\"alignleft size-large is-resized\"><img loading=\"lazy\" decoding=\"async\" width=\"819\" height=\"1024\" src=\"https:\/\/www.tucomarca.com\/wordpress\/segunda\/wp-content\/uploads\/2026\/04\/GodelletaSedaJazz-819x1024.jpg\" alt=\"\" class=\"wp-image-298125\" style=\"aspect-ratio:0.7998256194143719;width:384px;height:auto\" srcset=\"https:\/\/www.tucomarca.com\/wordpress\/segunda\/wp-content\/uploads\/2026\/04\/GodelletaSedaJazz-819x1024.jpg 819w, https:\/\/www.tucomarca.com\/wordpress\/segunda\/wp-content\/uploads\/2026\/04\/GodelletaSedaJazz-240x300.jpg 240w, https:\/\/www.tucomarca.com\/wordpress\/segunda\/wp-content\/uploads\/2026\/04\/GodelletaSedaJazz-768x960.jpg 768w, https:\/\/www.tucomarca.com\/wordpress\/segunda\/wp-content\/uploads\/2026\/04\/GodelletaSedaJazz-1229x1536.jpg 1229w, https:\/\/www.tucomarca.com\/wordpress\/segunda\/wp-content\/uploads\/2026\/04\/GodelletaSedaJazz.jpg 1638w\" sizes=\"auto, (max-width: 819px) 100vw, 819px\" \/><\/figure>\n<\/div>\n\n\n<p>La programaci\u00f3 arranca el dissabte 11 d&#8217;abril en el Sal\u00f3 Multiusos a les 23:30 hores amb un Taller de Salsa i Bachata amb l&#8217;energia i professionalitat de <strong>Roc\u00edo i Marcos<\/strong>. A les 00,30 arribar\u00e0 l&#8217;actuaci\u00f3 de <strong>Latin Sextet Sedajazz<\/strong>. Viu la pot\u00e8ncia de la salsa i el latin jazz amb una de les formacions m\u00e9s prestigioses de la m\u00fasica en directe.<\/p>\n\n\n\n<p>El divendres 24 d&#8217;abril tindr\u00e0 lloc un concert did\u00e0ctic a c\u00e0rrec de <strong>Bit\u00e0cola Sonora<\/strong>, dirigit exclusivament a l&#8217;alumnat del col\u00b7legi.<\/p>\n\n\n\n<p>El dissabte 25 d&#8217;abril, a les 18:00 hores en la sala d&#8217;actes de l&#8217;Ajuntament, ser\u00e0 el torn de <strong>Liblikad Duo<\/strong> i <strong>Trio Aurum Ventorum<\/strong>, mentre que el cicle es tancar\u00e0 el diumenge 26 d&#8217;abril a les 12:00 hores amb una jornada que inclour\u00e0 una xarrada de l&#8217;associaci\u00f3 Payasospital i les actuacions de <strong>Duo Cantabile<\/strong> i<strong> Ventus Fugit Quintet.<\/strong><\/p>\n\n\n\n<p>El cicle est\u00e0 organitzat per Cambra Godelleta al costat de la Uni\u00f3 Musical de Godelleta i l&#8217;Ajuntament, amb la col\u00b7laboraci\u00f3 de diverses entitats i empreses locals, consolidant-se com una de les cites culturals destacades del municipi que combina m\u00fasica i solidaritat.<\/p>\n","protected":false},"excerpt":{"rendered":"<div class=\"mh-excerpt\">Godelleta acull una nova edici\u00f3 del cicle de m\u00fasica de cambra, que en 2026 aconsegueix la seua setena edici\u00f3 amb una programaci\u00f3 variada i un marcat car\u00e0cter solidari. El VII cicle de Cambra Godelleta destinar\u00e0 <a class=\"mh-excerpt-more\" href=\"https:\/\/www.tucomarca.com\/wordpress\/segunda\/ca\/godelleta-presenta-el-vii-cicle-de-cambra-amb-finalitats-solidaris-a-benefici-de-payasospital\/\" title=\"Godelleta presenta el VII cicle de Cambra amb finalitats solidaris a benefici de Payasospital\">[+] <\/a><\/div>\n","protected":false},"author":12,"featured_media":298128,"comment_status":"closed","ping_status":"open","sticky":false,"template":"","format":"standard","meta":{"footnotes":""},"categories":[11019,10911,11005,10894,10912,11007,10896],"tags":[11087,10914,24102],"class_list":{"0":"post-298131","1":"post","2":"type-post","3":"status-publish","4":"format-standard","5":"has-post-thumbnail","7":"category-agenda-ca","8":"category-bunol-ca","9":"category-canal-musica","10":"category-la-comarca-ca","11":"category-la-hoya-ca","12":"category-ocio-y-cultura-ca","13":"category-seccion-ca","14":"tag-godelleta-ca","15":"tag-la-hoya-de-bunol-chiva-ca","16":"tag-vii-ciclo-de-camara-de-godelleta"},"_links":{"self":[{"href":"https:\/\/www.tucomarca.com\/wordpress\/segunda\/ca\/wp-json\/wp\/v2\/posts\/298131","targetHints":{"allow":["GET"]}}],"collection":[{"href":"https:\/\/www.tucomarca.com\/wordpress\/segunda\/ca\/wp-json\/wp\/v2\/posts"}],"about":[{"href":"https:\/\/www.tucomarca.com\/wordpress\/segunda\/ca\/wp-json\/wp\/v2\/types\/post"}],"author":[{"embeddable":true,"href":"https:\/\/www.tucomarca.com\/wordpress\/segunda\/ca\/wp-json\/wp\/v2\/users\/12"}],"replies":[{"embeddable":true,"href":"https:\/\/www.tucomarca.com\/wordpress\/segunda\/ca\/wp-json\/wp\/v2\/comments?post=298131"}],"version-history":[{"count":0,"href":"https:\/\/www.tucomarca.com\/wordpress\/segunda\/ca\/wp-json\/wp\/v2\/posts\/298131\/revisions"}],"wp:featuredmedia":[{"embeddable":true,"href":"https:\/\/www.tucomarca.com\/wordpress\/segunda\/ca\/wp-json\/wp\/v2\/media\/298128"}],"wp:attachment":[{"href":"https:\/\/www.tucomarca.com\/wordpress\/segunda\/ca\/wp-json\/wp\/v2\/media?parent=298131"}],"wp:term":[{"taxonomy":"category","embeddable":true,"href":"https:\/\/www.tucomarca.com\/wordpress\/segunda\/ca\/wp-json\/wp\/v2\/categories?post=298131"},{"taxonomy":"post_tag","embeddable":true,"href":"https:\/\/www.tucomarca.com\/wordpress\/segunda\/ca\/wp-json\/wp\/v2\/tags?post=298131"}],"curies":[{"name":"wp","href":"https:\/\/api.w.org\/{rel}","templated":true}]}}