{"id":298137,"date":"2026-04-08T08:45:00","date_gmt":"2026-04-08T06:45:00","guid":{"rendered":"https:\/\/www.tucomarca.com\/wordpress\/segunda\/?p=298137"},"modified":"2026-04-08T13:50:21","modified_gmt":"2026-04-08T11:50:21","slug":"el-passeig-de-sant-lluis-de-bunyol-acollira-este-proxim-cap-de-setmana-les-exposicions-canines-nacional-i-internacional","status":"publish","type":"post","link":"https:\/\/www.tucomarca.com\/wordpress\/segunda\/ca\/el-passeig-de-sant-lluis-de-bunyol-acollira-este-proxim-cap-de-setmana-les-exposicions-canines-nacional-i-internacional\/","title":{"rendered":"El Passeig de Sant Llu\u00eds de Bunyol acollir\u00e0 este pr\u00f2xim cap de setmana les exposicions canines nacional i internacional"},"content":{"rendered":"\n<p>Bunyol acull els pr\u00f2xims dies 11 i 12 d\u2019abril les Exposicions Canines Nacional i Internacional de Val\u00e8ncia, que se celebraran al Parc de Sant Llu\u00eds.<\/p>\n\n\n\n<p>Este esdeveniment est\u00e0 organitzat per la Societat Valenciana per al Foment de les Races Canines, i reunix centenars d\u2019exemplars i un important nombre de participants i visitants, en una cita de refer\u00e8ncia a nivell nacional i internacional.<\/p>\n\n\n\n<p>Es tracta d\u2019una proposta que contribu\u00efx a dinamitzar el municipi i a posar en valor el m\u00f3n can\u00ed des del respecte i el benestar animal.<\/p>\n\n\n\n<p>Durant tot el cap de setmana, ve\u00efns i visitants podran gaudir d\u2019un esdeveniment obert al p\u00fablic en un entorn privilegiat com \u00e9s el Passeig de Sant Llu\u00eds. Esta exposici\u00f3 comptar\u00e0 amb la participaci\u00f3 de professionals, criadors i aficionats de tota Espanya.<\/p>\n","protected":false},"excerpt":{"rendered":"<div class=\"mh-excerpt\">Bunyol acull els pr\u00f2xims dies 11 i 12 d\u2019abril les Exposicions Canines Nacional i Internacional de Val\u00e8ncia, que se celebraran al Parc de Sant Llu\u00eds. Este esdeveniment est\u00e0 organitzat per la Societat Valenciana per al <a class=\"mh-excerpt-more\" href=\"https:\/\/www.tucomarca.com\/wordpress\/segunda\/ca\/el-passeig-de-sant-lluis-de-bunyol-acollira-este-proxim-cap-de-setmana-les-exposicions-canines-nacional-i-internacional\/\" title=\"El Passeig de Sant Llu\u00eds de Bunyol acollir\u00e0 este pr\u00f2xim cap de setmana les exposicions canines nacional i internacional\">[+] <\/a><\/div>\n","protected":false},"author":12,"featured_media":298136,"comment_status":"closed","ping_status":"open","sticky":false,"template":"","format":"standard","meta":{"footnotes":""},"categories":[11019,10911,10894,10912,11007,10896],"tags":[10913,24104,10914],"class_list":{"0":"post-298137","1":"post","2":"type-post","3":"status-publish","4":"format-standard","5":"has-post-thumbnail","7":"category-agenda-ca","8":"category-bunol-ca","9":"category-la-comarca-ca","10":"category-la-hoya-ca","11":"category-ocio-y-cultura-ca","12":"category-seccion-ca","13":"tag-bunol-ca","14":"tag-exposiciones-caninas","15":"tag-la-hoya-de-bunol-chiva-ca"},"_links":{"self":[{"href":"https:\/\/www.tucomarca.com\/wordpress\/segunda\/ca\/wp-json\/wp\/v2\/posts\/298137","targetHints":{"allow":["GET"]}}],"collection":[{"href":"https:\/\/www.tucomarca.com\/wordpress\/segunda\/ca\/wp-json\/wp\/v2\/posts"}],"about":[{"href":"https:\/\/www.tucomarca.com\/wordpress\/segunda\/ca\/wp-json\/wp\/v2\/types\/post"}],"author":[{"embeddable":true,"href":"https:\/\/www.tucomarca.com\/wordpress\/segunda\/ca\/wp-json\/wp\/v2\/users\/12"}],"replies":[{"embeddable":true,"href":"https:\/\/www.tucomarca.com\/wordpress\/segunda\/ca\/wp-json\/wp\/v2\/comments?post=298137"}],"version-history":[{"count":0,"href":"https:\/\/www.tucomarca.com\/wordpress\/segunda\/ca\/wp-json\/wp\/v2\/posts\/298137\/revisions"}],"wp:featuredmedia":[{"embeddable":true,"href":"https:\/\/www.tucomarca.com\/wordpress\/segunda\/ca\/wp-json\/wp\/v2\/media\/298136"}],"wp:attachment":[{"href":"https:\/\/www.tucomarca.com\/wordpress\/segunda\/ca\/wp-json\/wp\/v2\/media?parent=298137"}],"wp:term":[{"taxonomy":"category","embeddable":true,"href":"https:\/\/www.tucomarca.com\/wordpress\/segunda\/ca\/wp-json\/wp\/v2\/categories?post=298137"},{"taxonomy":"post_tag","embeddable":true,"href":"https:\/\/www.tucomarca.com\/wordpress\/segunda\/ca\/wp-json\/wp\/v2\/tags?post=298137"}],"curies":[{"name":"wp","href":"https:\/\/api.w.org\/{rel}","templated":true}]}}