{"id":298142,"date":"2026-04-08T11:50:00","date_gmt":"2026-04-08T09:50:00","guid":{"rendered":"https:\/\/www.tucomarca.com\/wordpress\/segunda\/?p=298142"},"modified":"2026-04-08T18:46:15","modified_gmt":"2026-04-08T16:46:15","slug":"la-generalitat-afronta-la-fase-final-de-la-reconstruccio-del-pont-sobre-el-riu-turia-a-bugarra-despres-dinvertir-tres-milions-deuros","status":"publish","type":"post","link":"https:\/\/www.tucomarca.com\/wordpress\/segunda\/ca\/la-generalitat-afronta-la-fase-final-de-la-reconstruccio-del-pont-sobre-el-riu-turia-a-bugarra-despres-dinvertir-tres-milions-deuros\/","title":{"rendered":"La Generalitat afronta la fase final de la reconstrucci\u00f3 del pont sobre el riu T\u00faria a Bugarra despr\u00e9s d&#8217;invertir tres milions d&#8217;euros"},"content":{"rendered":"\n<h3 class=\"wp-block-heading\">La Generalitat afronta la fase final de la reconstrucci\u00f3 del pont sobre el riu T\u00faria a Bugarra despr\u00e9s d&#8217;invertir tres milions d&#8217;euros.<\/h3>\n\n\n\n<h3 class=\"wp-block-heading\">El conseller d&#8217;Infraestructures visita Bugarra per a con\u00e9ixer els avan\u00e7os de les obres una vegada superada la prova de c\u00e0rrega realitzada aquesta setmana.<\/h3>\n\n\n\n<h3 class=\"wp-block-heading\">El nou disseny incorpora un sistema de drenatge optimitzat que incrementa la seguretat i la durabilitat enfront de futures avingudes.<\/h3>\n\n\n\n<p>la Generalitat afronta la fase final de la reconstrucci\u00f3 integral del nou pont sobre el riu T\u00faria en el terme municipal de Bugarra, despr\u00e9s d&#8217;invertir tres milions d&#8217;euros en una infraestructura que restableix una connexi\u00f3 essencial per a l&#8217;acc\u00e9s a zones agr\u00edcoles i a la central hidroel\u00e8ctrica del municipi.<\/p>\n\n\n\n<p>El vicepresident tercer i conseller de Medi Ambient, Infraestructures, Territori i de la Recuperaci\u00f3, Vicente Mart\u00ednez Mus, ha visitat la localitat al costat de l&#8217;alcaldessa, Mar\u00eda Teresa Cervera, per a con\u00e9ixer els \u00faltims avan\u00e7os de les obres. Una trobada que t\u00e9 lloc despr\u00e9s de superar-se aquesta setmana la prova de c\u00e0rrega, en un pont que va quedar completament danyat per la dana d&#8217;octubre de 2024 i la recuperaci\u00f3 del qual resulta clau per al municipi.<\/p>\n\n\n\n<figure class=\"wp-block-gallery has-nested-images columns-default is-cropped wp-block-gallery-1 is-layout-flex wp-block-gallery-is-layout-flex\">\n<figure class=\"wp-block-image size-large\"><img loading=\"lazy\" decoding=\"async\" width=\"1024\" height=\"768\" data-id=\"298145\" src=\"https:\/\/www.tucomarca.com\/wordpress\/segunda\/wp-content\/uploads\/2026\/04\/PuenteBugarra1-1024x768.jpg\" alt=\"\" class=\"wp-image-298145\" srcset=\"https:\/\/www.tucomarca.com\/wordpress\/segunda\/wp-content\/uploads\/2026\/04\/PuenteBugarra1-1024x768.jpg 1024w, https:\/\/www.tucomarca.com\/wordpress\/segunda\/wp-content\/uploads\/2026\/04\/PuenteBugarra1-300x225.jpg 300w, https:\/\/www.tucomarca.com\/wordpress\/segunda\/wp-content\/uploads\/2026\/04\/PuenteBugarra1-768x576.jpg 768w, https:\/\/www.tucomarca.com\/wordpress\/segunda\/wp-content\/uploads\/2026\/04\/PuenteBugarra1-1536x1152.jpg 1536w, https:\/\/www.tucomarca.com\/wordpress\/segunda\/wp-content\/uploads\/2026\/04\/PuenteBugarra1-2048x1536.jpg 2048w, https:\/\/www.tucomarca.com\/wordpress\/segunda\/wp-content\/uploads\/2026\/04\/PuenteBugarra1-678x509.jpg 678w, https:\/\/www.tucomarca.com\/wordpress\/segunda\/wp-content\/uploads\/2026\/04\/PuenteBugarra1-326x245.jpg 326w, https:\/\/www.tucomarca.com\/wordpress\/segunda\/wp-content\/uploads\/2026\/04\/PuenteBugarra1-80x60.jpg 80w\" sizes=\"auto, (max-width: 1024px) 100vw, 1024px\" \/><\/figure>\n\n\n\n<figure class=\"wp-block-image size-large\"><img loading=\"lazy\" decoding=\"async\" width=\"1024\" height=\"576\" data-id=\"298147\" src=\"https:\/\/www.tucomarca.com\/wordpress\/segunda\/wp-content\/uploads\/2026\/04\/PuenteBugarra2-1024x576.jpg\" alt=\"\" class=\"wp-image-298147\" srcset=\"https:\/\/www.tucomarca.com\/wordpress\/segunda\/wp-content\/uploads\/2026\/04\/PuenteBugarra2-1024x576.jpg 1024w, https:\/\/www.tucomarca.com\/wordpress\/segunda\/wp-content\/uploads\/2026\/04\/PuenteBugarra2-300x169.jpg 300w, https:\/\/www.tucomarca.com\/wordpress\/segunda\/wp-content\/uploads\/2026\/04\/PuenteBugarra2-768x432.jpg 768w, https:\/\/www.tucomarca.com\/wordpress\/segunda\/wp-content\/uploads\/2026\/04\/PuenteBugarra2-1536x864.jpg 1536w, https:\/\/www.tucomarca.com\/wordpress\/segunda\/wp-content\/uploads\/2026\/04\/PuenteBugarra2-2048x1152.jpg 2048w, https:\/\/www.tucomarca.com\/wordpress\/segunda\/wp-content\/uploads\/2026\/04\/PuenteBugarra2-678x381.jpg 678w\" sizes=\"auto, (max-width: 1024px) 100vw, 1024px\" \/><\/figure>\n<\/figure>\n\n\n\n<p>Mart\u00ednez Mus ha explicat que, en aquests moments, \u201cs&#8217;estan ultimant la senyalitzaci\u00f3, els elements de contenci\u00f3 i altres rematades, amb l&#8217;objectiu de posar en servei la infraestructura al m\u00e9s prompte possible i en les adequades condicions de seguretat\u201d. D&#8217;aquesta manera, es podr\u00e0 tornar a donar servei a una zona agr\u00edcola fonamental per al municipi.<\/p>\n\n\n\n<p>L&#8217;actuaci\u00f3, ha destacat el vicepresident, \u201cha perm\u00e9s executar un nou pont m\u00e9s ampli, la qual cosa facilitar\u00e0 una major comoditat i funcionalitat per als ve\u00efns\u201d, especialment en el seu \u00fas quotidi\u00e0 com a via d&#8217;acc\u00e9s a les explotacions agr\u00edcoles de l&#8217;entorn. Aix\u00ed mateix, la nova infraestructura \u201cmillora de manera significativa tant la resist\u00e8ncia estructural com la capacitat hidr\u00e0ulica enfront d&#8217;episodis d&#8217;avingudes\u201d.<\/p>\n\n\n\n<p>Els treballs han incl\u00f2s la instal\u00b7laci\u00f3 de deu bigues prefabricades, cinc per obertura, de 37 metres de longitud i 1,60 metres de cant, aix\u00ed com l&#8217;execuci\u00f3 del tauler mitjan\u00e7ant prelloses, ferrallado i formigonada. Tot aix\u00f2 es recolza en un sistema de fonamentaci\u00f3 entre 12 i 15 metres de profunditat, la qual cosa garanteix una major estabilitat i seguretat del conjunt.<\/p>\n\n\n\n<p>Les obres s&#8217;han desenvolupat despr\u00e9s de la demolici\u00f3 completa de l&#8217;antic pont que connectava Bugarra amb Xestalgar per la Andenia en constatar que els greus danys estructurals provocats per les inundacions feien inviable la seua reparaci\u00f3.<\/p>\n\n\n\n<p>En una primera fase, els treballs es van centrar en la neteja del llit del riu, la retirada de l&#8217;estructura danyada i la demolici\u00f3 dels elements deteriorats. Posteriorment, es van executar les noves fonamentacions i s&#8217;ha elevat la rasant del pont, incorporant a m\u00e9s un sistema de drenatge optimitzat que refor\u00e7a la seua seguretat i durabilitat enfront de futures crescudes.<\/p>\n\n\n\n<p>A la visita han assistit l&#8217;alcaldessa de Bugarra, Mar\u00eda Teresa Cervera; el comissionat per a la Recuperaci\u00f3, Ra\u00fal M\u00e8rida; el secretari auton\u00f2mic d&#8217;Infraestructures i Transport, Francisco Javier Sendra; la directora general de Recuperaci\u00f3 i Reconstrucci\u00f3, Sandra Castillo; i la directora general d&#8217;Infraestructures de Transport Terrestre, Mar\u00eda Jos\u00e9 Mart\u00ednez Ruzafa.<\/p>\n\n\n\n<p>L&#8217;alcaldessa de Bugarra ha subratllat la import\u00e0ncia del pont per a l&#8217;economia local, en tractar-se d&#8217;un municipi \u201cagr\u00edcola al cent per cent\u201d i constituir aquesta infraestructura \u201cun acc\u00e9s clau a les explotacions situades a l&#8217;altre costat del riu T\u00faria\u201d. En aquest sentit, ha destacat que la seua reconstrucci\u00f3 era \u201cmolt necess\u00e0ria\u201d i ha agra\u00eft a la Conselleria que \u201cassumira les regnes del proc\u00e9s\u201d, ja que permet retornar la normalitat i garantir l&#8217;activitat en el municipi.<\/p>\n\n\n\n<p><strong>Pla Endavant<\/strong><\/p>\n\n\n\n<p>Com ha recordat Mart\u00ednez Mus, la reconstrucci\u00f3 del pont de Bugarra s&#8217;emmarca en el Pla Endavant, a trav\u00e9s del qual \u201cla Generalitat va assumir les compet\u00e8ncies municipals necess\u00e0ries per a finan\u00e7ar i executar 60 actuacions de rehabilitaci\u00f3 d&#8217;infraestructures locals en m\u00e9s d&#8217;una vintena de municipis afectats\u201d, davant la dificultat d&#8217;aquestes entitats per a abordar obres d&#8217;aquesta envergadura i la urg\u00e8ncia de la seua execuci\u00f3.<\/p>\n\n\n\n<p><\/p>\n","protected":false},"excerpt":{"rendered":"<div class=\"mh-excerpt\">La Generalitat afronta la fase final de la reconstrucci\u00f3 del pont sobre el riu T\u00faria a Bugarra despr\u00e9s d&#8217;invertir tres milions d&#8217;euros. El conseller d&#8217;Infraestructures visita Bugarra per a con\u00e9ixer els avan\u00e7os de les obres <a class=\"mh-excerpt-more\" href=\"https:\/\/www.tucomarca.com\/wordpress\/segunda\/ca\/la-generalitat-afronta-la-fase-final-de-la-reconstruccio-del-pont-sobre-el-riu-turia-a-bugarra-despres-dinvertir-tres-milions-deuros\/\" title=\"La Generalitat afronta la fase final de la reconstrucci\u00f3 del pont sobre el riu T\u00faria a Bugarra despr\u00e9s d&#8217;invertir tres milions d&#8217;euros\">[+] <\/a><\/div>\n","protected":false},"author":12,"featured_media":298143,"comment_status":"closed","ping_status":"open","sticky":false,"template":"","format":"gallery","meta":{"footnotes":""},"categories":[11040,21466,11046,10898,10948,10894,10904,10903,10947,10896,10897],"tags":[15409,11498,11928,11080,23039,21976],"class_list":{"0":"post-298142","1":"post","2":"type-post","3":"status-publish","4":"format-gallery","5":"has-post-thumbnail","7":"category-bugarra-ca","8":"category-dana-ca","9":"category-los-serranos-ca","10":"category-ventana-ca","11":"category-infraestructuras-ca","12":"category-la-comarca-ca","13":"category-sin-categorizar-ca","14":"category-medio-ambiente-la-comarca-ca","15":"category-politica","16":"category-seccion-ca","17":"category-sucesos-la-comarca-ca","18":"tag-dana-2-ca","19":"tag-generalitat-valenciana-ca","20":"tag-la-serrania-ca","21":"tag-los-serranos-ca","22":"tag-plan-endavant-ca","23":"tag-reconstruccion-ca","24":"post_format-post-format-gallery"},"_links":{"self":[{"href":"https:\/\/www.tucomarca.com\/wordpress\/segunda\/ca\/wp-json\/wp\/v2\/posts\/298142","targetHints":{"allow":["GET"]}}],"collection":[{"href":"https:\/\/www.tucomarca.com\/wordpress\/segunda\/ca\/wp-json\/wp\/v2\/posts"}],"about":[{"href":"https:\/\/www.tucomarca.com\/wordpress\/segunda\/ca\/wp-json\/wp\/v2\/types\/post"}],"author":[{"embeddable":true,"href":"https:\/\/www.tucomarca.com\/wordpress\/segunda\/ca\/wp-json\/wp\/v2\/users\/12"}],"replies":[{"embeddable":true,"href":"https:\/\/www.tucomarca.com\/wordpress\/segunda\/ca\/wp-json\/wp\/v2\/comments?post=298142"}],"version-history":[{"count":0,"href":"https:\/\/www.tucomarca.com\/wordpress\/segunda\/ca\/wp-json\/wp\/v2\/posts\/298142\/revisions"}],"wp:featuredmedia":[{"embeddable":true,"href":"https:\/\/www.tucomarca.com\/wordpress\/segunda\/ca\/wp-json\/wp\/v2\/media\/298143"}],"wp:attachment":[{"href":"https:\/\/www.tucomarca.com\/wordpress\/segunda\/ca\/wp-json\/wp\/v2\/media?parent=298142"}],"wp:term":[{"taxonomy":"category","embeddable":true,"href":"https:\/\/www.tucomarca.com\/wordpress\/segunda\/ca\/wp-json\/wp\/v2\/categories?post=298142"},{"taxonomy":"post_tag","embeddable":true,"href":"https:\/\/www.tucomarca.com\/wordpress\/segunda\/ca\/wp-json\/wp\/v2\/tags?post=298142"}],"curies":[{"name":"wp","href":"https:\/\/api.w.org\/{rel}","templated":true}]}}