{"id":298165,"date":"2026-04-08T11:30:00","date_gmt":"2026-04-08T09:30:00","guid":{"rendered":"https:\/\/www.tucomarca.com\/wordpress\/segunda\/?p=298165"},"modified":"2026-04-08T13:46:59","modified_gmt":"2026-04-08T11:46:59","slug":"la-generalitat-convoca-ajudes-per-valor-de-795-milions-deuros-per-a-financar-actuacions-locals-de-prevencio-dincendis-i-gestio-forestal","status":"publish","type":"post","link":"https:\/\/www.tucomarca.com\/wordpress\/segunda\/ca\/la-generalitat-convoca-ajudes-per-valor-de-795-milions-deuros-per-a-financar-actuacions-locals-de-prevencio-dincendis-i-gestio-forestal\/","title":{"rendered":"La Generalitat convoca ajudes per valor de 7,95 milions d\u2019euros per a finan\u00e7ar actuacions locals de prevenci\u00f3 d\u2019incendis i gesti\u00f3 forestal"},"content":{"rendered":"\n<h3 class=\"wp-block-heading\">Un total de 499 municipis amb terreny forestal i amb un pla local de prevenci\u00f3 d\u2019incendis forestals podran optar a estes subvencions.<\/h3>\n\n\n\n<h3 class=\"wp-block-heading\">Les\u00a0ajudes permeten finan\u00e7ar actuacions com tallafocs, millora de pistes forestals o punts d\u2019aigua.<\/h3>\n\n\n\n<p>La Generalitat ha publicat en el&nbsp;<em>Diari Oficial de la Generalitat Valenciana<\/em>&nbsp;(<a href=\"https:\/\/dogv.gva.es\/va\/resultat-dogv?signatura=2026\/10104\">DOGV<\/a>) la convocat\u00f2ria d\u2019ajudes per valor de 7,95 milions d\u2019euros dirigides als ajuntaments per a l\u2019execuci\u00f3 del Fons Estrat\u00e8gic Municipal de Prevenci\u00f3 d\u2019Incendis i Gesti\u00f3 Forestal corresponent a 2026.<\/p>\n\n\n\n<p>La resoluci\u00f3 establix la via per a canalitzar una ajuda directa als 499 municipis de la Comunitat Valenciana que poden accedir a estes subvencions, ja que disposen de terreny forestal i un pla local de prevenci\u00f3 d\u2019incendis forestals (PLPIF) aprovat.<\/p>\n\n\n\n<p>El vicepresident tercer i conseller de Medi Ambient, Infraestructures, Territori i de la Recuperaci\u00f3, Vicente Mart\u00ednez Mus, ha explicat que els plans locals de prevenci\u00f3 d\u2019incendis \u201cs\u00f3n b\u00e0sics perqu\u00e8, juntament amb tota l\u2019operativa que es desplega des de la Generalitat i les diputacions provincials, siguem tan efectius com siga possible en la prevenci\u00f3 d\u2019esta xacra que s\u00f3n els incendis forestals\u201d.&nbsp;<\/p>\n\n\n\n<p>L\u2019objectiu d\u2019estes ajudes \u00e9s finan\u00e7ar actuacions de prevenci\u00f3 d\u2019incendis i de gesti\u00f3 forestal incloses en la planificaci\u00f3 municipal, per a actuar de la manera m\u00e9s primerenca i minimitzar en la mesura que siga possible estes emerg\u00e8ncies, que cada vegada s\u00f3n m\u00e9s freq\u00fcents en qualsevol \u00e8poca de l\u2019any. Entre les actuacions que poden ser subvencionades destaquen la creaci\u00f3 d\u2019\u00e0rees tallafocs i el seu manteniment, la millora de pistes forestals i de punts d\u2019aigua o tales, podes i desbrossaments.<\/p>\n\n\n\n<p>Este fons estrat\u00e8gic, ha indicat el vicepresident tercer, \u201c\u00e9s una pe\u00e7a clau de la Generalitat per a combatre els incendis i suposa no solament una ajuda econ\u00f2mica, sin\u00f3 una aposta pel futur de les muntanyes perqu\u00e8 estiguen millor preparats davant d\u2019estos episodis\u201d.<\/p>\n\n\n\n<p>Per a fer-ho, ha indicat, \u201ctornem a dotar el Fons Estrat\u00e8gic Municipal per a 499 possibles ajuntaments beneficiaris que podran sol\u00b7licitar la subvenci\u00f3 en els pr\u00f2xims dies per a implementar mesures d\u2019ajuda de prevenci\u00f3, que cada un coneix perfectament en el seu terme municipal\u201d.<\/p>\n\n\n\n<p><strong>Distribuci\u00f3 de les ajudes<\/strong><\/p>\n\n\n\n<p>El PLPIF es va crear l\u2019any 2023 i donava l\u2019oportunitat d\u2019accedir a estes ajudes a 464 municipis de la Comunitat Valenciana. Tres anys m\u00e9s tard, el nombre de municipis beneficiaris s\u2019ha incrementat fins als 499. Per prov\u00edncies, els municipis beneficiaris es distribu\u00efxen en 141 a Alacant, 135 a Castell\u00f3 i 223 a Val\u00e8ncia.<\/p>\n\n\n\n<p>La quantia dels fons ascendix a un import total de 7.952.471,68 euros i la distribuci\u00f3 es fa mitjan\u00e7ant criteris objectius: un 20 % es repartix de manera igualit\u00e0ria entre els municipis beneficiaris, un 40 % en funci\u00f3 de la superf\u00edcie forestal, un altre 20 % segons la relaci\u00f3 entre superf\u00edcie forestal i poblaci\u00f3, i el 20 % restant sobre la base de la superf\u00edcie forestal protegida o catalogada.<\/p>\n\n\n\n<p>A trav\u00e9s d\u2019estes ajudes, la Generalitat busca la m\u00e0xima coordinaci\u00f3 en totes les accions d\u2019intervenci\u00f3 en la massa forestal per a impedir o retardar al m\u00e0xim la seua velocitat de propagaci\u00f3, si es declara un incendi. En definitiva, es tracta d\u2019aportacions per a ajudar els ajuntaments a finan\u00e7ar activitats, obres, servicis i subministraments inclosos en els seus plans de prevenci\u00f3 d\u2019incendis forestals i en els instruments t\u00e8cnics de gesti\u00f3 forestal aprovats.<\/p>\n\n\n\n<p><\/p>\n","protected":false},"excerpt":{"rendered":"<div class=\"mh-excerpt\">Un total de 499 municipis amb terreny forestal i amb un pla local de prevenci\u00f3 d\u2019incendis forestals podran optar a estes subvencions. Les\u00a0ajudes permeten finan\u00e7ar actuacions com tallafocs, millora de pistes forestals o punts d\u2019aigua. <a class=\"mh-excerpt-more\" href=\"https:\/\/www.tucomarca.com\/wordpress\/segunda\/ca\/la-generalitat-convoca-ajudes-per-valor-de-795-milions-deuros-per-a-financar-actuacions-locals-de-prevencio-dincendis-i-gestio-forestal\/\" title=\"La Generalitat convoca ajudes per valor de 7,95 milions d\u2019euros per a finan\u00e7ar actuacions locals de prevenci\u00f3 d\u2019incendis i gesti\u00f3 forestal\">[+] <\/a><\/div>\n","protected":false},"author":12,"featured_media":298164,"comment_status":"closed","ping_status":"open","sticky":false,"template":"","format":"standard","meta":{"footnotes":""},"categories":[10898,10948,10894,10904,10903,10947,10896,10897],"tags":[11498,12350],"class_list":{"0":"post-298165","1":"post","2":"type-post","3":"status-publish","4":"format-standard","5":"has-post-thumbnail","7":"category-ventana-ca","8":"category-infraestructuras-ca","9":"category-la-comarca-ca","10":"category-sin-categorizar-ca","11":"category-medio-ambiente-la-comarca-ca","12":"category-politica","13":"category-seccion-ca","14":"category-sucesos-la-comarca-ca","15":"tag-generalitat-valenciana-ca","16":"tag-prevencion-de-incendios-ca"},"_links":{"self":[{"href":"https:\/\/www.tucomarca.com\/wordpress\/segunda\/ca\/wp-json\/wp\/v2\/posts\/298165","targetHints":{"allow":["GET"]}}],"collection":[{"href":"https:\/\/www.tucomarca.com\/wordpress\/segunda\/ca\/wp-json\/wp\/v2\/posts"}],"about":[{"href":"https:\/\/www.tucomarca.com\/wordpress\/segunda\/ca\/wp-json\/wp\/v2\/types\/post"}],"author":[{"embeddable":true,"href":"https:\/\/www.tucomarca.com\/wordpress\/segunda\/ca\/wp-json\/wp\/v2\/users\/12"}],"replies":[{"embeddable":true,"href":"https:\/\/www.tucomarca.com\/wordpress\/segunda\/ca\/wp-json\/wp\/v2\/comments?post=298165"}],"version-history":[{"count":0,"href":"https:\/\/www.tucomarca.com\/wordpress\/segunda\/ca\/wp-json\/wp\/v2\/posts\/298165\/revisions"}],"wp:featuredmedia":[{"embeddable":true,"href":"https:\/\/www.tucomarca.com\/wordpress\/segunda\/ca\/wp-json\/wp\/v2\/media\/298164"}],"wp:attachment":[{"href":"https:\/\/www.tucomarca.com\/wordpress\/segunda\/ca\/wp-json\/wp\/v2\/media?parent=298165"}],"wp:term":[{"taxonomy":"category","embeddable":true,"href":"https:\/\/www.tucomarca.com\/wordpress\/segunda\/ca\/wp-json\/wp\/v2\/categories?post=298165"},{"taxonomy":"post_tag","embeddable":true,"href":"https:\/\/www.tucomarca.com\/wordpress\/segunda\/ca\/wp-json\/wp\/v2\/tags?post=298165"}],"curies":[{"name":"wp","href":"https:\/\/api.w.org\/{rel}","templated":true}]}}