{"id":298167,"date":"2026-04-08T12:00:00","date_gmt":"2026-04-08T10:00:00","guid":{"rendered":"https:\/\/www.tucomarca.com\/wordpress\/segunda\/?p=298167"},"modified":"2026-04-08T13:40:58","modified_gmt":"2026-04-08T11:40:58","slug":"la-generalitat-posa-en-servei-el-pont-de-lajuntament-de-pedralba-reconstruit-despres-de-la-dana-i-multiplica-la-seua-capacitat-hidraulica","status":"publish","type":"post","link":"https:\/\/www.tucomarca.com\/wordpress\/segunda\/ca\/la-generalitat-posa-en-servei-el-pont-de-lajuntament-de-pedralba-reconstruit-despres-de-la-dana-i-multiplica-la-seua-capacitat-hidraulica\/","title":{"rendered":"La Generalitat posa en servei el pont de l&#8217;Ajuntament de Pedralba reconstru\u00eft despr\u00e9s de la dana i multiplica la seua capacitat hidr\u00e0ulica"},"content":{"rendered":"\n<h3 class=\"wp-block-heading\">Vicente Mart\u00ednez Mus visita la infraestructura de titularitat municipal les obres de la qual va assumir la Generalitat.<\/h3>\n\n\n\n<h3 class=\"wp-block-heading\">El pont s&#8217;ha dissenyat conforme a les caracter\u00edstiques actuals del barranc, multiplicant per cinc la seua longitud i la seua capacitat de desgu\u00e0s.<\/h3>\n\n\n\n<p>La Generalitat ha posat en servei el nou pont de Pedralba despr\u00e9s de la seua reconstrucci\u00f3 completa pels danys provocats per la dana. L&#8217;actuaci\u00f3 ha suposat una inversi\u00f3 de tres milions d&#8217;euros en el municipi, despr\u00e9s d&#8217;assumir la Generalitat les compet\u00e8ncies per a reconstruir la infraestructura davant les dificultats de l&#8217;Ajuntament d&#8217;executar-la dins del termini i en la forma corresponent i augmentar la seua resili\u00e8ncia i capacitat hidr\u00e0ulica.<\/p>\n\n\n\n<p>La intervenci\u00f3, duta a terme per la Direcci\u00f3 General d&#8217;Infraestructures Terrestres, ha perm\u00e9s millorar de manera significativa la capacitat i seguretat de la infraestructura. La reobertura d&#8217;aquest pas, adaptat a les noves condicions del llit, refor\u00e7a la connectivitat local i la resili\u00e8ncia enfront d&#8217;episodis meteorol\u00f2gics extrems.<\/p>\n\n\n\n<p>El vicepresident tercer i conseller de Medi Ambient, Infraestructures, Territori i de la Recuperaci\u00f3, Vicente Mart\u00ednez Mus, ha visitat Pedralba amb motiu de la reobertura del pont, i ha destacat que el 93,3% de les obres locals assumides per la Generalitat despr\u00e9s de les inundacions d&#8217;octubre de 2024 estan ja finalitzades.<\/p>\n\n\n\n<p>En total, s&#8217;ha destinat m\u00e9s de 50 milions d&#8217;euros a la rehabilitaci\u00f3 de 60 infraestructures en una trentena de municipis, de les quals ja han concl\u00f2s 56 en 28 localitats, quedant pendents quatre d&#8217;elles. Totes aquestes intervencions havien de realitzar-les els ajuntaments, per\u00f2 davant les dificultats per a dur-les a terme va ser la Generalitat la que va assumir aquestes tasques.<\/p>\n\n\n\n<p>Duranta la visita a Pedralba, Mart\u00ednez Mus ha explicat que, any i mig despr\u00e9s de la cat\u00e0strofe, \u201caquesta infraestructura \u00e9s ja una realitat\u201d, si b\u00e9 l&#8217;execuci\u00f3 s&#8217;ha prolongat pel fet que la riuada va modificar la morfologia del riu. D&#8217;acord amb aquesta situaci\u00f3, el pont actual presenta majors nivells de resist\u00e8ncia i capacitat, la qual cosa incrementa la seguretat enfront de futures avingudes.<\/p>\n\n\n\n<p>El vicepresident ha assegurat que des de la Generalitat \u201cs&#8217;ha donat compliment al comprom\u00eds adquirit en l&#8217;emerg\u00e8ncia per a rehabilitar infraestructures i retornar la normalitat i la seguretat als municipis afectats\u201d.<\/p>\n\n\n\n<p>En aquest sentit, ha recordat que molts ajuntaments s&#8217;enfrontaven a limitacions econ\u00f2miques i t\u00e8cniques que dificultaven l&#8217;execuci\u00f3 d&#8217;aquestes obres, \u201cmotiu pel qual l&#8217;administraci\u00f3 auton\u00f2mica va assumir directament el seu desenvolupament per a garantir una resposta r\u00e0pida i efica\u00e7\u201d. Com a exemple ha posat Pedralba, el pressupost anual del qual \u00e9s igual al de les actuacions de reconstrucci\u00f3 d&#8217;infraestructures assumides.<\/p>\n\n\n\n<p>Aix\u00ed mateix, Mart\u00ednez Mus ha posat en valor la gesti\u00f3 realitzada, \u201ccentrada en les persones i recolzada en la labor t\u00e8cnica de la Conselleria i de les empreses contractades, que ha perm\u00e9s avan\u00e7ar en la recuperaci\u00f3 de les zones afectades en un termini redu\u00eft\u201d. \u201cLes nostres obres de titularitat auton\u00f2mica estan acabades des de l&#8217;estiu passat, per\u00f2 ara \u00e9s necessari continuar fent costat als municipis\u201d, ha sentenciat.<\/p>\n\n\n\n<figure class=\"wp-block-image size-full\"><img loading=\"lazy\" decoding=\"async\" width=\"773\" height=\"956\" src=\"https:\/\/www.tucomarca.com\/wordpress\/segunda\/wp-content\/uploads\/2026\/04\/PedralbaPuenteDANA2.jpeg\" alt=\"\" class=\"wp-image-298154\" srcset=\"https:\/\/www.tucomarca.com\/wordpress\/segunda\/wp-content\/uploads\/2026\/04\/PedralbaPuenteDANA2.jpeg 773w, https:\/\/www.tucomarca.com\/wordpress\/segunda\/wp-content\/uploads\/2026\/04\/PedralbaPuenteDANA2-243x300.jpeg 243w, https:\/\/www.tucomarca.com\/wordpress\/segunda\/wp-content\/uploads\/2026\/04\/PedralbaPuenteDANA2-768x950.jpeg 768w\" sizes=\"auto, (max-width: 773px) 100vw, 773px\" \/><\/figure>\n\n\n\n<p><\/p>\n\n\n\n<p><strong>Actuacions a Pedralba<\/strong><\/p>\n\n\n\n<p>En el municipi de Pedralba, la Generalitat ha executat diverses actuacions per valor de tres milions d&#8217;euros, entre les quals destaca la reconstrucci\u00f3 del pont en el cam\u00ed del Cerrito Royo, sobre el barranc de Xiva, que va col\u00b7lapsar a conseq\u00fc\u00e8ncia del taponament del llit per l&#8217;acumulaci\u00f3 de vegetaci\u00f3 i materials arrossegats per la riuada. Nom\u00e9s en aquesta actuaci\u00f3 s&#8217;han dedicat quasi 2,2 milions. D&#8217;altra banda, des de l&#8217;any passat estan en servei dos guals que tamb\u00e9 donar servei a la localitat.<\/p>\n\n\n\n<p>Cal recordar que l&#8217;episodi de pluges del 29 d&#8217;octubre de 2024, amb m\u00e9s de 411 litres registrats a Pedralba, sumats a les precipitacions aig\u00fces amunt, va provocar un notable increment del cabal del barranc de Xiva al seu pas pel municipi. L&#8217;elevada velocitat de l&#8217;aigua, afavorida per la forta pendent, va causar importants danys en ponts, guals i pistes forestals.<\/p>\n\n\n\n<p><\/p>\n\n\n\n<figure class=\"wp-block-gallery has-nested-images columns-1 is-cropped wp-block-gallery-1 is-layout-flex wp-block-gallery-is-layout-flex\">\n<figure class=\"wp-block-image size-large\"><img loading=\"lazy\" decoding=\"async\" width=\"1024\" height=\"768\" data-id=\"298150\" src=\"https:\/\/www.tucomarca.com\/wordpress\/segunda\/wp-content\/uploads\/2026\/04\/PedralabaPuenteDANA4-1024x768.jpeg\" alt=\"\" class=\"wp-image-298150\" srcset=\"https:\/\/www.tucomarca.com\/wordpress\/segunda\/wp-content\/uploads\/2026\/04\/PedralabaPuenteDANA4-1024x768.jpeg 1024w, https:\/\/www.tucomarca.com\/wordpress\/segunda\/wp-content\/uploads\/2026\/04\/PedralabaPuenteDANA4-300x225.jpeg 300w, https:\/\/www.tucomarca.com\/wordpress\/segunda\/wp-content\/uploads\/2026\/04\/PedralabaPuenteDANA4-768x576.jpeg 768w, https:\/\/www.tucomarca.com\/wordpress\/segunda\/wp-content\/uploads\/2026\/04\/PedralabaPuenteDANA4-1536x1152.jpeg 1536w, https:\/\/www.tucomarca.com\/wordpress\/segunda\/wp-content\/uploads\/2026\/04\/PedralabaPuenteDANA4-678x509.jpeg 678w, https:\/\/www.tucomarca.com\/wordpress\/segunda\/wp-content\/uploads\/2026\/04\/PedralabaPuenteDANA4-326x245.jpeg 326w, https:\/\/www.tucomarca.com\/wordpress\/segunda\/wp-content\/uploads\/2026\/04\/PedralabaPuenteDANA4-80x60.jpeg 80w, https:\/\/www.tucomarca.com\/wordpress\/segunda\/wp-content\/uploads\/2026\/04\/PedralabaPuenteDANA4.jpeg 1600w\" sizes=\"auto, (max-width: 1024px) 100vw, 1024px\" \/><\/figure>\n\n\n\n<figure class=\"wp-block-image size-large\"><img loading=\"lazy\" decoding=\"async\" width=\"1024\" height=\"768\" data-id=\"298156\" src=\"https:\/\/www.tucomarca.com\/wordpress\/segunda\/wp-content\/uploads\/2026\/04\/PedralbaPuenteDANA3-1024x768.jpeg\" alt=\"\" class=\"wp-image-298156\" srcset=\"https:\/\/www.tucomarca.com\/wordpress\/segunda\/wp-content\/uploads\/2026\/04\/PedralbaPuenteDANA3-1024x768.jpeg 1024w, https:\/\/www.tucomarca.com\/wordpress\/segunda\/wp-content\/uploads\/2026\/04\/PedralbaPuenteDANA3-300x225.jpeg 300w, https:\/\/www.tucomarca.com\/wordpress\/segunda\/wp-content\/uploads\/2026\/04\/PedralbaPuenteDANA3-768x576.jpeg 768w, https:\/\/www.tucomarca.com\/wordpress\/segunda\/wp-content\/uploads\/2026\/04\/PedralbaPuenteDANA3-1536x1152.jpeg 1536w, https:\/\/www.tucomarca.com\/wordpress\/segunda\/wp-content\/uploads\/2026\/04\/PedralbaPuenteDANA3-678x509.jpeg 678w, https:\/\/www.tucomarca.com\/wordpress\/segunda\/wp-content\/uploads\/2026\/04\/PedralbaPuenteDANA3-326x245.jpeg 326w, https:\/\/www.tucomarca.com\/wordpress\/segunda\/wp-content\/uploads\/2026\/04\/PedralbaPuenteDANA3-80x60.jpeg 80w, https:\/\/www.tucomarca.com\/wordpress\/segunda\/wp-content\/uploads\/2026\/04\/PedralbaPuenteDANA3.jpeg 1600w\" sizes=\"auto, (max-width: 1024px) 100vw, 1024px\" \/><\/figure>\n<\/figure>\n","protected":false},"excerpt":{"rendered":"<div class=\"mh-excerpt\">Vicente Mart\u00ednez Mus visita la infraestructura de titularitat municipal les obres de la qual va assumir la Generalitat. El pont s&#8217;ha dissenyat conforme a les caracter\u00edstiques actuals del barranc, multiplicant per cinc la seua longitud <a class=\"mh-excerpt-more\" href=\"https:\/\/www.tucomarca.com\/wordpress\/segunda\/ca\/la-generalitat-posa-en-servei-el-pont-de-lajuntament-de-pedralba-reconstruit-despres-de-la-dana-i-multiplica-la-seua-capacitat-hidraulica\/\" title=\"La Generalitat posa en servei el pont de l&#8217;Ajuntament de Pedralba reconstru\u00eft despr\u00e9s de la dana i multiplica la seua capacitat hidr\u00e0ulica\">[+] <\/a><\/div>\n","protected":false},"author":1,"featured_media":298153,"comment_status":"closed","ping_status":"open","sticky":false,"template":"","format":"gallery","meta":{"footnotes":""},"categories":[21466,11046,10898,10948,10894,10904,10903,11025,10947,10896,10897],"tags":[15409,11928,11080,11135],"class_list":{"0":"post-298167","1":"post","2":"type-post","3":"status-publish","4":"format-gallery","5":"has-post-thumbnail","7":"category-dana-ca","8":"category-los-serranos-ca","9":"category-ventana-ca","10":"category-infraestructuras-ca","11":"category-la-comarca-ca","12":"category-sin-categorizar-ca","13":"category-medio-ambiente-la-comarca-ca","14":"category-pedralba-ca","15":"category-politica","16":"category-seccion-ca","17":"category-sucesos-la-comarca-ca","18":"tag-dana-2-ca","19":"tag-la-serrania-ca","20":"tag-los-serranos-ca","21":"tag-pedralba-ca","22":"post_format-post-format-gallery"},"_links":{"self":[{"href":"https:\/\/www.tucomarca.com\/wordpress\/segunda\/ca\/wp-json\/wp\/v2\/posts\/298167","targetHints":{"allow":["GET"]}}],"collection":[{"href":"https:\/\/www.tucomarca.com\/wordpress\/segunda\/ca\/wp-json\/wp\/v2\/posts"}],"about":[{"href":"https:\/\/www.tucomarca.com\/wordpress\/segunda\/ca\/wp-json\/wp\/v2\/types\/post"}],"author":[{"embeddable":true,"href":"https:\/\/www.tucomarca.com\/wordpress\/segunda\/ca\/wp-json\/wp\/v2\/users\/1"}],"replies":[{"embeddable":true,"href":"https:\/\/www.tucomarca.com\/wordpress\/segunda\/ca\/wp-json\/wp\/v2\/comments?post=298167"}],"version-history":[{"count":0,"href":"https:\/\/www.tucomarca.com\/wordpress\/segunda\/ca\/wp-json\/wp\/v2\/posts\/298167\/revisions"}],"wp:featuredmedia":[{"embeddable":true,"href":"https:\/\/www.tucomarca.com\/wordpress\/segunda\/ca\/wp-json\/wp\/v2\/media\/298153"}],"wp:attachment":[{"href":"https:\/\/www.tucomarca.com\/wordpress\/segunda\/ca\/wp-json\/wp\/v2\/media?parent=298167"}],"wp:term":[{"taxonomy":"category","embeddable":true,"href":"https:\/\/www.tucomarca.com\/wordpress\/segunda\/ca\/wp-json\/wp\/v2\/categories?post=298167"},{"taxonomy":"post_tag","embeddable":true,"href":"https:\/\/www.tucomarca.com\/wordpress\/segunda\/ca\/wp-json\/wp\/v2\/tags?post=298167"}],"curies":[{"name":"wp","href":"https:\/\/api.w.org\/{rel}","templated":true}]}}