{"id":298187,"date":"2026-04-08T11:25:00","date_gmt":"2026-04-08T09:25:00","guid":{"rendered":"https:\/\/www.tucomarca.com\/wordpress\/segunda\/?p=298187"},"modified":"2026-04-08T19:27:19","modified_gmt":"2026-04-08T17:27:19","slug":"la-diputacio-completa-la-reparacio-de-les-72-depuradores-danyades-per-la-dana","status":"publish","type":"post","link":"https:\/\/www.tucomarca.com\/wordpress\/segunda\/ca\/la-diputacio-completa-la-reparacio-de-les-72-depuradores-danyades-per-la-dana\/","title":{"rendered":"La Diputaci\u00f3 completa la reparaci\u00f3 de les 72 depuradores danyades per la DANA"},"content":{"rendered":"\n<h3 class=\"wp-block-heading\">Els t\u00e8cnics i operaris d&#8217;Egevasa han executat els treballs que han finan\u00e7at el Ministeri i l&#8217;EPSAR, amb un estalvi de m\u00e9s de 10 milions d&#8217;euros gr\u00e0cies a la tramitaci\u00f3 de les ajudes per part de la Diputaci\u00f3.<\/h3>\n\n\n\n<h3 class=\"wp-block-heading\">La vicepresidenta Nat\u00e0lia Enguix destaca \u201cla capacitat de resposta d&#8217;Egevasa davant situacions d&#8217;emerg\u00e8ncia com la dana, que demostren la import\u00e0ncia del servici p\u00fablic i de la cooperaci\u00f3 entre institucions\u201d.<\/h3>\n\n\n\n<h3 class=\"wp-block-heading\">Les depuradores de Vall dels Alcalans, Siete Aguas i Godelleta hauran de realitzar obres complexes en un futur per a traure els col\u00b7lectors del llit dels rius, tal com indica la CHJ en determinar nous cursos.<\/h3>\n\n\n\n<p>La Diputaci\u00f3 de Val\u00e8ncia ha completat la reparaci\u00f3 dels desperfectes causats per la dana en 72 depuradores de la prov\u00edncia. Els treballs han sigut executats per l&#8217;empresa Egevasa, dependent de la corporaci\u00f3 que presidix Vicent Momp\u00f3. En este sentit, la vicepresidenta Nat\u00e0lia Enguix, responsable de la Junta d&#8217;Egevasa, destaca \u201cla resposta que va donar la Diputaci\u00f3 des del primer moment per a resoldre els danys causats en les infraestructures h\u00eddriques, tant les de prove\u00efment d&#8217;aigua com en les de depuraci\u00f3\u201d.<\/p>\n\n\n\n<p>Enguix ha posat en valor el paper d&#8217;Egevasa en la reparaci\u00f3 de les depuradores localitzades en diferents comarques, per\u00f2 tamb\u00e9 \u201cen la tramitaci\u00f3 de les ajudes del Ministeri que ha perm\u00e9s disposar de liquiditat i estalviar diners a la Generalitat\u201d. La vicepresidenta es referix al fet que l&#8217;EPSAR \u201cnom\u00e9s ha hagut d&#8217;invertir 2,5 dels 20 milions als quals ha ascendit el cost final dels treballs, despr\u00e9s d&#8217;una estimaci\u00f3 inicial que superava els 30 milions per a realitzar les reparacions necess\u00e0ries en depuradores\u201d. El Ministeri ha cobert la resta amb una aportaci\u00f3 d&#8217;una mica m\u00e9s de 17 milions d&#8217;euros.<\/p>\n\n\n\n<p>En paraules de la presidenta de la Junta d&#8217;Egevasa, \u201cels treballs realitzats pels operaris i t\u00e8cnics de l&#8217;empresa de la Diputaci\u00f3, que han sigut els encarregats de reparar les depuradores, demostren la capacitat de resposta davant situacions sobrevingudes, per\u00f2 tamb\u00e9 la plena disposici\u00f3 d&#8217;Egevasa per a ajudar a tots els municipis valencians a resoldre els seus problemes amb el cicle de l&#8217;aigua, tinguen o no el servici amb la Diputaci\u00f3\u201d. Esta situaci\u00f3 \u201ces va veure clarament quan en les setmanes posteriors a la dana, Egevasa va assistir a noranta municipis malgrat gestionar el servici de tan sols huit, la qual cosa demostra que creiem fermament en el servei p\u00fablic\u201d, afig Enguix.<\/p>\n\n\n\n<p><strong>Tres projectes a futur<\/strong><\/p>\n\n\n\n<p>Tres de les estacions de depuraci\u00f3 en les quals ha intervingut Egevasa hauran d&#8217;escometre obres complexes en els pr\u00f2xims anys per a traure els col\u00b7lectors del llit dels rius, tal com ha indicat la Confederaci\u00f3 Hidrogr\u00e0fica del X\u00faquer en establir de nou el nivell dels llits basant-se en els l\u00edmits on va arribar l&#8217;aigua durant la riuada d&#8217;octubre de 2024.<\/p>\n\n\n\n<p>Estes depuradores s\u00f3n la de Vall dels Alcalans, Siete Aguas i Godelleta, que hauran de condicionar les instal\u00b7lacions per a fer-les compatibles amb els nous llits. El gerent d&#8217;Egevasa, Juan \u00c1ngel Conca, explica que estes actuacions \u201ces prolongaran en el temps en tractar-se de procediments que comporten en alguns casos expropiacions de terreny i estudis per a determinar la millor ubicaci\u00f3 per als nous col\u00b7lectors\u201d. La situaci\u00f3 ja es va donar, per exemple, en la depuradora d&#8217;Ontinyent i el col\u00b7lector que passava pel riu Clariano, afectat per la dana que va assotar la capital de la Vall d&#8217;Albaida en 2019.<\/p>\n\n\n\n<p>El pla de recuperaci\u00f3 de depuradores va comen\u00e7ar a Godelleta a penes dos setmanes despr\u00e9s de la riuada, amb una estimaci\u00f3 pressupost\u00e0ria inicial de 31 milions d&#8217;euros. L&#8217;agilitat amb la qual es va poder donar resposta a les necessitats sobrevingudes va tindre molt a veure amb l&#8217;aprovaci\u00f3 de l&#8217;acord de cooperaci\u00f3 entre la Diputaci\u00f3 i l&#8217;EPSAR, pertanyent a la Generalitat, per a donar resposta a les conting\u00e8ncies.<\/p>\n\n\n\n<p>En mat\u00e8ria d&#8217;aigua, \u201cla Diputaci\u00f3 ha assumit eixe paper de coordinaci\u00f3 entre administracions locals i l&#8217;auton\u00f2mica per a ser m\u00e9s eficients en un servici b\u00e0sic com \u00e9s el prove\u00efment d&#8217;aigua potable, la conducci\u00f3 d&#8217;aig\u00fces residuals i la depuraci\u00f3\u201d, conclou Nat\u00e0lia Enguix, qui destaca el treball que est\u00e0 realitzant la delegaci\u00f3 provincial del Cicle de l&#8217;Aig\u00fca que dirigix Paco Comes.<\/p>\n\n\n\n<p><\/p>\n","protected":false},"excerpt":{"rendered":"<div class=\"mh-excerpt\">Els t\u00e8cnics i operaris d&#8217;Egevasa han executat els treballs que han finan\u00e7at el Ministeri i l&#8217;EPSAR, amb un estalvi de m\u00e9s de 10 milions d&#8217;euros gr\u00e0cies a la tramitaci\u00f3 de les ajudes per part de <a class=\"mh-excerpt-more\" href=\"https:\/\/www.tucomarca.com\/wordpress\/segunda\/ca\/la-diputacio-completa-la-reparacio-de-les-72-depuradores-danyades-per-la-dana\/\" title=\"La Diputaci\u00f3 completa la reparaci\u00f3 de les 72 depuradores danyades per la DANA\">[+] <\/a><\/div>\n","protected":false},"author":12,"featured_media":244915,"comment_status":"closed","ping_status":"open","sticky":false,"template":"","format":"standard","meta":{"footnotes":""},"categories":[21466,10898,10977,10948,10894,10904,10912,10903,10947,10896,10979,10897],"tags":[15409,21492,11246,11087,11157],"class_list":{"0":"post-298187","1":"post","2":"type-post","3":"status-publish","4":"format-standard","5":"has-post-thumbnail","7":"category-dana-ca","8":"category-ventana-ca","9":"category-godelleta-ca","10":"category-infraestructuras-ca","11":"category-la-comarca-ca","12":"category-sin-categorizar-ca","13":"category-la-hoya-ca","14":"category-medio-ambiente-la-comarca-ca","15":"category-politica","16":"category-seccion-ca","17":"category-siete-aguas-ca","18":"category-sucesos-la-comarca-ca","19":"tag-dana-2-ca","20":"tag-depuradoras-ca","21":"tag-diputacio-de-valencia-ca","22":"tag-godelleta-ca","23":"tag-siete-aguas-ca"},"_links":{"self":[{"href":"https:\/\/www.tucomarca.com\/wordpress\/segunda\/ca\/wp-json\/wp\/v2\/posts\/298187","targetHints":{"allow":["GET"]}}],"collection":[{"href":"https:\/\/www.tucomarca.com\/wordpress\/segunda\/ca\/wp-json\/wp\/v2\/posts"}],"about":[{"href":"https:\/\/www.tucomarca.com\/wordpress\/segunda\/ca\/wp-json\/wp\/v2\/types\/post"}],"author":[{"embeddable":true,"href":"https:\/\/www.tucomarca.com\/wordpress\/segunda\/ca\/wp-json\/wp\/v2\/users\/12"}],"replies":[{"embeddable":true,"href":"https:\/\/www.tucomarca.com\/wordpress\/segunda\/ca\/wp-json\/wp\/v2\/comments?post=298187"}],"version-history":[{"count":0,"href":"https:\/\/www.tucomarca.com\/wordpress\/segunda\/ca\/wp-json\/wp\/v2\/posts\/298187\/revisions"}],"wp:featuredmedia":[{"embeddable":true,"href":"https:\/\/www.tucomarca.com\/wordpress\/segunda\/ca\/wp-json\/wp\/v2\/media\/244915"}],"wp:attachment":[{"href":"https:\/\/www.tucomarca.com\/wordpress\/segunda\/ca\/wp-json\/wp\/v2\/media?parent=298187"}],"wp:term":[{"taxonomy":"category","embeddable":true,"href":"https:\/\/www.tucomarca.com\/wordpress\/segunda\/ca\/wp-json\/wp\/v2\/categories?post=298187"},{"taxonomy":"post_tag","embeddable":true,"href":"https:\/\/www.tucomarca.com\/wordpress\/segunda\/ca\/wp-json\/wp\/v2\/tags?post=298187"}],"curies":[{"name":"wp","href":"https:\/\/api.w.org\/{rel}","templated":true}]}}