{"id":298208,"date":"2026-04-08T08:55:00","date_gmt":"2026-04-08T06:55:00","guid":{"rendered":"https:\/\/www.tucomarca.com\/wordpress\/segunda\/?p=298208"},"modified":"2026-04-08T19:21:15","modified_gmt":"2026-04-08T17:21:15","slug":"la-plataforma-el-castellet-de-turis-convoca-una-concentracio-per-a-reclamar-la-regulacio-del-sol-i-la-proteccio-del-territori","status":"publish","type":"post","link":"https:\/\/www.tucomarca.com\/wordpress\/segunda\/ca\/la-plataforma-el-castellet-de-turis-convoca-una-concentracio-per-a-reclamar-la-regulacio-del-sol-i-la-proteccio-del-territori\/","title":{"rendered":"La Plataforma El Castellet de Tur\u00eds convoca una concentraci\u00f3 per a reclamar la regulaci\u00f3 del s\u00f2l i la protecci\u00f3 del territori\u00a0"},"content":{"rendered":"\n<p>La Plataforma El Castellet ha convocat una concentraci\u00f3 aquest divendres, 10 d&#8217;abril, a les 19,30 hores enfront de l&#8217;Ajuntament de Tur\u00eds per a reclamar &#8220;la necessitat urgent de regular l&#8217;\u00fas del s\u00f2l en el municipi i garantir una planificaci\u00f3 que tinga en compte a la ciutadania&#8221;, tal com han informat.\u00a0<\/p>\n\n\n\n<p>Des de la plataforma s&#8217;insisteix &#8220;que la regulaci\u00f3 del territori \u00e9s una necessitat que afecta a tots els \u00e0mbits del municipi, des de l&#8217;agricultura fins a les urbanitzacions, passant pel desenvolupament econ\u00f2mic i la qualitat de vida dels ve\u00efns&#8221;.&nbsp;<\/p>\n\n\n\n<p>&#8220;Tur\u00eds compta amb un important valor agr\u00edcola, sent aquest sector un dels pilars hist\u00f2rics de la seua economia. L&#8217;agricultura no sols \u00e9s un motor econ\u00f2mic, tamb\u00e9 mant\u00e9 el paisatge, la identitat i l&#8217;equilibri del territori&#8221;, destaquen des de la plataforma. En aquest sentit, adverteixen &#8220;que una falta de planificaci\u00f3 pot posar en risc terres de molt alta capacitat agrol\u00f3gica, fonamentals per al futur del municipi&#8221;.\u00a0<\/p>\n\n\n\n<p>Per\u00f2 l&#8217;impacte no es limita al camp. La plataforma tamb\u00e9 alerta &#8220;que moltes urbanitzacions podrien veure&#8217;s envoltades per aquesta mena de projectes, afectant directament les fam\u00edlies que viuen en elles durant tot l&#8217;any o que les utilitzen com a segona resid\u00e8ncia. L&#8217;entorn forma part de la qualitat de vida, i qualsevol transformaci\u00f3 del territori t\u00e9 conseq\u00fc\u00e8ncies directes sobre els ve\u00efns&#8221;, tal com expliquen.&nbsp;<\/p>\n\n\n\n<p>Des de la Plataforma El Castellet subratllen &#8220;que aquesta situaci\u00f3 pot evitar-se amb una correcta planificaci\u00f3, com ja han fet municipis pr\u00f2xims&#8221;. En aquest sentit, destaquen &#8220;el cas de Godelleta, on s&#8217;han desenvolupat instruments de regulaci\u00f3 del s\u00f2l comptant amb la participaci\u00f3 de la ciutadania i de les associacions m\u00e9s afectades&#8221;.&nbsp;<\/p>\n\n\n\n<p>&#8220;Per contra, en altres municipis on aquesta regulaci\u00f3 no existeix, continuen apareixent nous projectes. \u00c9s el cas de Bunyol, on recentment s&#8217;ha plantejat un nou projecte d&#8217;instal\u00b7laci\u00f3 de plaques solars en la zona de Farraj\u00f3n, que se suma a altres infraestructures ja existents i a un projecte de planta de biomet\u00e0 en tramitaci\u00f3&#8221;, afigen<\/p>\n\n\n\n<p>Aix\u00ed mateix, des de la plataforma recorden &#8220;que en diferents punts del territori valenci\u00e0 ja s&#8217;han produ\u00eft conflictes derivats de grans projectes energ\u00e8tics, la qual cosa posa de manifest la import\u00e0ncia d&#8217;anticipar-se i planificar adequadament per a evitar situacions similars&#8221;.&nbsp;<\/p>\n\n\n\n<p>En el cas concret de Tur\u00eds, assenyalen &#8220;el projecte de Torrent Energy, que afecta s\u00f2l agr\u00edcola i a zones pr\u00f2ximes a urbanitzacions del municipi. Per aix\u00f2, la plataforma exigeix a l&#8217;Ajuntament una posici\u00f3 clara i ferma en defensa del territori, aix\u00ed com el comprom\u00eds d&#8217;utilitzar totes les eines legals disponibles, incloent-hi la via contenci\u00f3s-administrativa si fora necessari, per a frenar projectes que consideren perjudicials per al municipi&#8221;.\u00a0<\/p>\n\n\n\n<p>&#8220;La difer\u00e8ncia entre tindre o no planificaci\u00f3 \u00e9s clara: o decideixes el teu model de territori o ho decideixen des de fora&#8221;, afirmen des de la plataforma; i insisteixen &#8220;que el seu objectiu \u00e9s fer poble, protegir el territori i garantir un futur en el qual convisquen l&#8217;agricultura, la vida ve\u00efnal i un desenvolupament ordenat&#8221;.&nbsp;<\/p>\n\n\n\n<p>Per tot aix\u00f2, la concentraci\u00f3 del 10 d&#8217;abril &#8220;pret\u00e9n ser un espai de reivindicaci\u00f3 i participaci\u00f3 ciutadana per a reclamar una regulaci\u00f3 clara del s\u00f2l, que protegisca el territori, l&#8217;agricultura, l&#8217;entorn de les urbanitzacions i el futur de Tur\u00eds&#8221;, han finalitzat.<\/p>\n","protected":false},"excerpt":{"rendered":"<div class=\"mh-excerpt\">La Plataforma El Castellet ha convocat una concentraci\u00f3 aquest divendres, 10 d&#8217;abril, a les 19,30 hores enfront de l&#8217;Ajuntament de Tur\u00eds per a reclamar &#8220;la necessitat urgent de regular l&#8217;\u00fas del s\u00f2l en el municipi <a class=\"mh-excerpt-more\" href=\"https:\/\/www.tucomarca.com\/wordpress\/segunda\/ca\/la-plataforma-el-castellet-de-turis-convoca-una-concentracio-per-a-reclamar-la-regulacio-del-sol-i-la-proteccio-del-territori\/\" title=\"La Plataforma El Castellet de Tur\u00eds convoca una concentraci\u00f3 per a reclamar la regulaci\u00f3 del s\u00f2l i la protecci\u00f3 del territori\u00a0\">[+] <\/a><\/div>\n","protected":false},"author":12,"featured_media":298184,"comment_status":"closed","ping_status":"open","sticky":false,"template":"","format":"standard","meta":{"footnotes":""},"categories":[11019,10948,10894,10902,10903,10947,10896,10897,11047],"tags":[24108,11356,11093],"class_list":{"0":"post-298208","1":"post","2":"type-post","3":"status-publish","4":"format-standard","5":"has-post-thumbnail","7":"category-agenda-ca","8":"category-infraestructuras-ca","9":"category-la-comarca-ca","10":"category-la-ribera-ca","11":"category-medio-ambiente-la-comarca-ca","12":"category-politica","13":"category-seccion-ca","14":"category-sucesos-la-comarca-ca","15":"category-turis-ca","16":"tag-plataforma-el-castellet","17":"tag-ribera-alta-ca","18":"tag-turis-ca"},"_links":{"self":[{"href":"https:\/\/www.tucomarca.com\/wordpress\/segunda\/ca\/wp-json\/wp\/v2\/posts\/298208","targetHints":{"allow":["GET"]}}],"collection":[{"href":"https:\/\/www.tucomarca.com\/wordpress\/segunda\/ca\/wp-json\/wp\/v2\/posts"}],"about":[{"href":"https:\/\/www.tucomarca.com\/wordpress\/segunda\/ca\/wp-json\/wp\/v2\/types\/post"}],"author":[{"embeddable":true,"href":"https:\/\/www.tucomarca.com\/wordpress\/segunda\/ca\/wp-json\/wp\/v2\/users\/12"}],"replies":[{"embeddable":true,"href":"https:\/\/www.tucomarca.com\/wordpress\/segunda\/ca\/wp-json\/wp\/v2\/comments?post=298208"}],"version-history":[{"count":0,"href":"https:\/\/www.tucomarca.com\/wordpress\/segunda\/ca\/wp-json\/wp\/v2\/posts\/298208\/revisions"}],"wp:featuredmedia":[{"embeddable":true,"href":"https:\/\/www.tucomarca.com\/wordpress\/segunda\/ca\/wp-json\/wp\/v2\/media\/298184"}],"wp:attachment":[{"href":"https:\/\/www.tucomarca.com\/wordpress\/segunda\/ca\/wp-json\/wp\/v2\/media?parent=298208"}],"wp:term":[{"taxonomy":"category","embeddable":true,"href":"https:\/\/www.tucomarca.com\/wordpress\/segunda\/ca\/wp-json\/wp\/v2\/categories?post=298208"},{"taxonomy":"post_tag","embeddable":true,"href":"https:\/\/www.tucomarca.com\/wordpress\/segunda\/ca\/wp-json\/wp\/v2\/tags?post=298208"}],"curies":[{"name":"wp","href":"https:\/\/api.w.org\/{rel}","templated":true}]}}