{"id":298221,"date":"2026-04-08T11:55:00","date_gmt":"2026-04-08T09:55:00","guid":{"rendered":"https:\/\/www.tucomarca.com\/wordpress\/segunda\/?p=298221"},"modified":"2026-04-08T19:52:49","modified_gmt":"2026-04-08T17:52:49","slug":"la-diputacio-aprova-66-nous-projectes-del-pla-obert-en-50-municipis-amb-una-inversio-de-105-milions","status":"publish","type":"post","link":"https:\/\/www.tucomarca.com\/wordpress\/segunda\/ca\/la-diputacio-aprova-66-nous-projectes-del-pla-obert-en-50-municipis-amb-una-inversio-de-105-milions\/","title":{"rendered":"La Diputaci\u00f3 aprova 66 nous projectes del Pla Obert en 50 municipis amb una inversi\u00f3 de 10,5 milions"},"content":{"rendered":"\n<h3 class=\"wp-block-heading\">La Ribera Alta i la Safor s\u00f3n les comarques amb m\u00e9s iniciatives aprovades en l&#8217;\u00faltim decret d&#8217;un pla inversor amb 350 milions d&#8217;euros, que suma ja 1.053 projectes en marxa o executats per valor de 158 milions.<\/h3>\n\n\n\n<h3 class=\"wp-block-heading\">La vicepresidenta Enguix i el president Momp\u00f3 destaquen la \u201cnova fornada d&#8217;actuacions en urbanisme, accessibilitat, zones verdes, instal\u00b7lacions esportives, millores d&#8217;edificis p\u00fablics i el cicle integral de l&#8217;aigua\u201d.<\/h3>\n\n\n\n<p>El Pla Obert de la Diputaci\u00f3 suma ja 1.053 projectes en marxa o executats a les comarques valencianes, amb una inversi\u00f3 de 158 milions d&#8217;euros dels 350 milions dels quals consta el pla quadriennal, principal programa inversor de la corporaci\u00f3. A estes xifres s&#8217;arriba despr\u00e9s de l&#8217;aprovaci\u00f3 de l&#8217;\u00faltim decret, amb data 30 de mar\u00e7, en el qual es dona llum verda a 66 iniciatives presentades per 49 ajuntaments i dos mancomunitats. \u201cEl Pla Obert incrementa el seu ritme amb el transcurs de la legislatura, tal com hav\u00edem previst en dotar-lo de major flexibilitat i sense temps tancats\u201d, destaca la vicepresidenta Nat\u00e0lia Enguix.<\/p>\n\n\n\n<p>Enguix \u00e9s la responsable de Cooperaci\u00f3 Municipal, l&#8217;\u00e0rea que coordina el major pla inversor en la hist\u00f2ria de la Diputaci\u00f3 de Val\u00e8ncia. En la seua opini\u00f3, \u201cl&#8217;evoluci\u00f3 del programa demostra que no ens varem equivocar concedint m\u00e9s facilitats als ajuntaments per a presentar les seues sol\u00b7licituds en qualsevol moment, permetent que maduren la decisi\u00f3 d&#8217;en qu\u00e8 invertir els diners, b\u00e9 siga en xicotetes obres i adquisici\u00f3 de material o en grans projectes de legislatura que amb menys temps \u00e9s complicat posar en marxa\u201d.<\/p>\n\n\n\n<p>La responsable de Cooperaci\u00f3 coincidix amb el president de la Diputaci\u00f3, Vicent Momp\u00f3, que el Pla Obert \u201c\u00e9s el reflex de la proximitat que la instituci\u00f3 ha de tindre amb els 266 municipis de la prov\u00edncia, les entitats locals menors i les mancomunitats\u201d. Per a Momp\u00f3, el programa inversor inclou \u201ctot all\u00f2 que ens plantegen els ajuntaments i que necessiten les seues ve\u00efnes i ve\u00efns, des d&#8217;actuacions urban\u00edstiques fins a millores de l&#8217;accessibilitat i les zones verdes i esportives, passant per l&#8217;adequaci\u00f3 d&#8217;edificis i la renovaci\u00f3 del cicle de l&#8217;aigua, entre moltes altres sol\u00b7licituds com l&#8217;adquisici\u00f3 de materials i vehicles municipals\u201d.<\/p>\n\n\n\n<p><strong>Actuacions per comarques<\/strong><\/p>\n\n\n\n<p>Per comarques, la Ribera Alta i la Safor s\u00f3n les que m\u00e9s actuacions concentren en el nou decret del Pla Obert, amb 11 nous projectes cadascuna. Els seguixen la Vall d&#8217;Albaida i la Costera amb huit iniciatives aprovades, i la Serran\u00eda amb sis. A m\u00e9s, l&#8217;\u00e0rea provincial de Cooperaci\u00f3 ha donat llum verda a altres cinc projectes de municipis de l&#8217;Horta Sud; quatre a l&#8217;Horta Nord; altres quatre al Camp de Morvedre; i tres a la Ribera Baixa i el Rinc\u00f3n de Ademuz.<\/p>\n\n\n\n<p>El llistat de noves obres el completen Alborache, en l&#8217;Hoya de Bu\u00f1ol, que millorar\u00e0 l&#8217;accessibilitat del carrer de Baix amb una inversi\u00f3 de 316.000 euros; G\u00e0tova, al Camp de T\u00faria, que rehabilitar\u00e0 la piscina municipal (235.000 euros); i Millares, a la Canal de Navarr\u00e9s, que t\u00e9 previstes millores en el centre de gesti\u00f3 de residus (52.000 euros).<\/p>\n\n\n\n<p>Els municipis m\u00e9s actius esta vegada han sigut Casas Altas, en el Rinc\u00f3n de Ademuz, i Gilet, al Camp de Morvedre, amb tres actuacions presentades i aprovades. Tous, Cotes, Palma de Gandia, Guardamar de la Safor, Salem, Otos, l&#8217;Alc\u00fadia de Crespins, Vallada, Cerd\u00e0, Paiporta i Chelva, compten amb dos nous projectes en marxa.<\/p>\n\n\n\n<p><strong>Projectes destacats<\/strong><\/p>\n\n\n\n<p>Entre les actuacions m\u00e9s destacades trobem la rehabilitaci\u00f3 d&#8217;espais p\u00fablics per a servicis socials a Paiporta, amb una inversi\u00f3 global pr\u00f2xima al mili\u00f3 i mig d&#8217;euros; la renovaci\u00f3 de voreres al carrer Joan Fuster d&#8217;Algemes\u00ed (400.000 euros); la reurbanitzaci\u00f3 de diversos carrers de Vallada, incloent-hi la renovaci\u00f3 de la xarxa de sanejament i aigua potable (498.000); la coberta de la pista de b\u00e0squet del poliesportiu de Benifair\u00f3 de la Valldigna (400.000); i la reforma del parc Primer de Maig de Montaverner (280.000).<\/p>\n\n\n\n<p>Altres projectes destacats s\u00f3n la rehabilitaci\u00f3 d&#8217;un edifici per a llar del jubilat a Emperador (280.000 euros); l&#8217;ampliaci\u00f3 del cam\u00ed de Resalany de Massalav\u00e9s (290.000); i la urbanitzaci\u00f3 del nucli hist\u00f2ric de Palma de Gandia (328.000). En l&#8217;\u00faltim decret comencen a apar\u00e9ixer sol\u00b7licituds per a la millora de piscines municipals, cas de les aprovades a Palma de Gandia, La Yesa, Tu\u00e9jar, Otos i la ja esmentada a G\u00e0tova.<\/p>\n","protected":false},"excerpt":{"rendered":"<div class=\"mh-excerpt\">La Ribera Alta i la Safor s\u00f3n les comarques amb m\u00e9s iniciatives aprovades en l&#8217;\u00faltim decret d&#8217;un pla inversor amb 350 milions d&#8217;euros, que suma ja 1.053 projectes en marxa o executats per valor de <a class=\"mh-excerpt-more\" href=\"https:\/\/www.tucomarca.com\/wordpress\/segunda\/ca\/la-diputacio-aprova-66-nous-projectes-del-pla-obert-en-50-municipis-amb-una-inversio-de-105-milions\/\" title=\"La Diputaci\u00f3 aprova 66 nous projectes del Pla Obert en 50 municipis amb una inversi\u00f3 de 10,5 milions\">[+] <\/a><\/div>\n","protected":false},"author":1,"featured_media":298219,"comment_status":"closed","ping_status":"open","sticky":false,"template":"","format":"standard","meta":{"footnotes":""},"categories":[10890,10923,11046,10898,10948,10963,10894,10904,10912,10902,10903,10947,10906,10896,10897],"tags":[10899,10914,11077,11928,11080,11099,10910],"class_list":{"0":"post-298221","1":"post","2":"type-post","3":"status-publish","4":"format-standard","5":"has-post-thumbnail","7":"category-ademus","8":"category-cases-altes","9":"category-los-serranos-ca","10":"category-ventana-ca","11":"category-infraestructuras-ca","12":"category-la-canal-de-navarres-ca","13":"category-la-comarca-ca","14":"category-sin-categorizar-ca","15":"category-la-hoya-ca","16":"category-la-ribera-ca","17":"category-medio-ambiente-la-comarca-ca","18":"category-politica","19":"category-riba-roja-ca","20":"category-seccion-ca","21":"category-sucesos-la-comarca-ca","22":"tag-camp-de-turia-ca","23":"tag-la-hoya-de-bunol-chiva-ca","24":"tag-la-ribera-alta-ca","25":"tag-la-serrania-ca","26":"tag-los-serranos-ca","27":"tag-requena-ca","28":"tag-requena-utiel-ca"},"_links":{"self":[{"href":"https:\/\/www.tucomarca.com\/wordpress\/segunda\/ca\/wp-json\/wp\/v2\/posts\/298221","targetHints":{"allow":["GET"]}}],"collection":[{"href":"https:\/\/www.tucomarca.com\/wordpress\/segunda\/ca\/wp-json\/wp\/v2\/posts"}],"about":[{"href":"https:\/\/www.tucomarca.com\/wordpress\/segunda\/ca\/wp-json\/wp\/v2\/types\/post"}],"author":[{"embeddable":true,"href":"https:\/\/www.tucomarca.com\/wordpress\/segunda\/ca\/wp-json\/wp\/v2\/users\/1"}],"replies":[{"embeddable":true,"href":"https:\/\/www.tucomarca.com\/wordpress\/segunda\/ca\/wp-json\/wp\/v2\/comments?post=298221"}],"version-history":[{"count":0,"href":"https:\/\/www.tucomarca.com\/wordpress\/segunda\/ca\/wp-json\/wp\/v2\/posts\/298221\/revisions"}],"wp:featuredmedia":[{"embeddable":true,"href":"https:\/\/www.tucomarca.com\/wordpress\/segunda\/ca\/wp-json\/wp\/v2\/media\/298219"}],"wp:attachment":[{"href":"https:\/\/www.tucomarca.com\/wordpress\/segunda\/ca\/wp-json\/wp\/v2\/media?parent=298221"}],"wp:term":[{"taxonomy":"category","embeddable":true,"href":"https:\/\/www.tucomarca.com\/wordpress\/segunda\/ca\/wp-json\/wp\/v2\/categories?post=298221"},{"taxonomy":"post_tag","embeddable":true,"href":"https:\/\/www.tucomarca.com\/wordpress\/segunda\/ca\/wp-json\/wp\/v2\/tags?post=298221"}],"curies":[{"name":"wp","href":"https:\/\/api.w.org\/{rel}","templated":true}]}}