{"id":298265,"date":"2026-04-10T09:15:00","date_gmt":"2026-04-10T07:15:00","guid":{"rendered":"https:\/\/www.tucomarca.com\/wordpress\/segunda\/?p=298265"},"modified":"2026-04-10T19:52:11","modified_gmt":"2026-04-10T17:52:11","slug":"turis-impulsa-la-lectura-amb-la-setmana-literaria-2026-i-la-ix-fireta-del-llibre","status":"publish","type":"post","link":"https:\/\/www.tucomarca.com\/wordpress\/segunda\/ca\/turis-impulsa-la-lectura-amb-la-setmana-literaria-2026-i-la-ix-fireta-del-llibre\/","title":{"rendered":"Tur\u00eds impulsa la lectura amb la Setmana Liter\u00e0ria 2026 i la IX Fireta del Llibre"},"content":{"rendered":"\n<p>Tur\u00eds celebra la Setmana Liter\u00e0ria 2026 amb una completa programaci\u00f3 d\u2019activitats culturals que culminar\u00e0 amb la IX Fireta del Llibre els dies 18 i 19 d\u2019abril.<\/p>\n\n\n\n<p>La programaci\u00f3 arranca este diumenge 12 d\u2019abril amb un concert literari a c\u00e0rrec de la Banda Jove de la Societat Musical Turisense, que tindr\u00e0 lloc a les 19:00 hores al Teatre Ideal, donant inici a uns dies dedicats al foment de la lectura i la literatura.<\/p>\n\n\n\n<p>El dijous 16 d\u2019abril se celebrar\u00e0 una jornada de literatura anglesa al CEIP Joaqu\u00edn Mu\u00f1oz, amb representacions de <em>Plastic<\/em> i <em>Lost in Oz<\/em> a c\u00e0rrec de Forum Teatro. Eixe mateix dia, a les 18:00 hores, la biblioteca acollir\u00e0 una sessi\u00f3 de conta-contes.<\/p>\n\n\n\n<p>El divendres 17 d\u2019abril continuar\u00e0 la programaci\u00f3 amb la presentaci\u00f3 del llibre d\u2019Ana Torrero Garc\u00eda a les 18:00 hores a la biblioteca.<\/p>\n\n\n\n<p>El cap de setmana arribar\u00e0 un dels moments m\u00e9s esperats amb la celebraci\u00f3 de la IX Fireta del Llibre. El dissabte 18 d\u2019abril comen\u00e7ar\u00e0 amb un club de lectura a les 10:00 hores al sal\u00f3 de plens, seguit a les 11:00 hores per la inauguraci\u00f3 oficial a la pla\u00e7a Vicent Ribes, on tamb\u00e9 es presentar\u00e0 el nou logotip de la biblioteca municipal. Durant la jornada, llibreries i expositors oferiran les seues propostes junt amb tallers en horari de mat\u00ed i vesprada.<\/p>\n\n\n\n<p>El diumenge 19 d\u2019abril la programaci\u00f3 continuar\u00e0 amb un taller d\u2019il\u00b7lustraci\u00f3 d\u2019animals fant\u00e0stics, dirigit a majors de 9 anys i amb inscripci\u00f3 pr\u00e8via, a m\u00e9s de jocs infantils a la fira entre les 11:00 i les 13:00 hores.<\/p>\n\n\n\n<p>Amb esta iniciativa, Tur\u00eds refor\u00e7a la seua aposta per la cultura i la lectura, oferint activitats per a tots els p\u00fablics en un ambient participatiu i educatiu.<\/p>\n\n\n\n<figure class=\"wp-block-image size-large\"><img loading=\"lazy\" decoding=\"async\" width=\"724\" height=\"1024\" src=\"https:\/\/www.tucomarca.com\/wordpress\/segunda\/wp-content\/uploads\/2026\/04\/TurisSemanaLiteraria-724x1024.png\" alt=\"\" class=\"wp-image-298258\" srcset=\"https:\/\/www.tucomarca.com\/wordpress\/segunda\/wp-content\/uploads\/2026\/04\/TurisSemanaLiteraria-724x1024.png 724w, https:\/\/www.tucomarca.com\/wordpress\/segunda\/wp-content\/uploads\/2026\/04\/TurisSemanaLiteraria-212x300.png 212w, https:\/\/www.tucomarca.com\/wordpress\/segunda\/wp-content\/uploads\/2026\/04\/TurisSemanaLiteraria-768x1086.png 768w, https:\/\/www.tucomarca.com\/wordpress\/segunda\/wp-content\/uploads\/2026\/04\/TurisSemanaLiteraria.png 1026w\" sizes=\"auto, (max-width: 724px) 100vw, 724px\" \/><\/figure>\n","protected":false},"excerpt":{"rendered":"<div class=\"mh-excerpt\">Tur\u00eds celebra la Setmana Liter\u00e0ria 2026 amb una completa programaci\u00f3 d\u2019activitats culturals que culminar\u00e0 amb la IX Fireta del Llibre els dies 18 i 19 d\u2019abril. La programaci\u00f3 arranca este diumenge 12 d\u2019abril amb un <a class=\"mh-excerpt-more\" href=\"https:\/\/www.tucomarca.com\/wordpress\/segunda\/ca\/turis-impulsa-la-lectura-amb-la-setmana-literaria-2026-i-la-ix-fireta-del-llibre\/\" title=\"Tur\u00eds impulsa la lectura amb la Setmana Liter\u00e0ria 2026 i la IX Fireta del Llibre\">[+] <\/a><\/div>\n","protected":false},"author":12,"featured_media":298263,"comment_status":"closed","ping_status":"open","sticky":false,"template":"","format":"standard","meta":{"footnotes":""},"categories":[11019,10894,10902,11007,10896,11047],"tags":[16983,11356,24111,11093],"class_list":{"0":"post-298265","1":"post","2":"type-post","3":"status-publish","4":"format-standard","5":"has-post-thumbnail","7":"category-agenda-ca","8":"category-la-comarca-ca","9":"category-la-ribera-ca","10":"category-ocio-y-cultura-ca","11":"category-seccion-ca","12":"category-turis-ca","13":"tag-ajuntament-de-turis-2-ca","14":"tag-ribera-alta-ca","15":"tag-setmana-literaria","16":"tag-turis-ca"},"_links":{"self":[{"href":"https:\/\/www.tucomarca.com\/wordpress\/segunda\/ca\/wp-json\/wp\/v2\/posts\/298265","targetHints":{"allow":["GET"]}}],"collection":[{"href":"https:\/\/www.tucomarca.com\/wordpress\/segunda\/ca\/wp-json\/wp\/v2\/posts"}],"about":[{"href":"https:\/\/www.tucomarca.com\/wordpress\/segunda\/ca\/wp-json\/wp\/v2\/types\/post"}],"author":[{"embeddable":true,"href":"https:\/\/www.tucomarca.com\/wordpress\/segunda\/ca\/wp-json\/wp\/v2\/users\/12"}],"replies":[{"embeddable":true,"href":"https:\/\/www.tucomarca.com\/wordpress\/segunda\/ca\/wp-json\/wp\/v2\/comments?post=298265"}],"version-history":[{"count":0,"href":"https:\/\/www.tucomarca.com\/wordpress\/segunda\/ca\/wp-json\/wp\/v2\/posts\/298265\/revisions"}],"wp:featuredmedia":[{"embeddable":true,"href":"https:\/\/www.tucomarca.com\/wordpress\/segunda\/ca\/wp-json\/wp\/v2\/media\/298263"}],"wp:attachment":[{"href":"https:\/\/www.tucomarca.com\/wordpress\/segunda\/ca\/wp-json\/wp\/v2\/media?parent=298265"}],"wp:term":[{"taxonomy":"category","embeddable":true,"href":"https:\/\/www.tucomarca.com\/wordpress\/segunda\/ca\/wp-json\/wp\/v2\/categories?post=298265"},{"taxonomy":"post_tag","embeddable":true,"href":"https:\/\/www.tucomarca.com\/wordpress\/segunda\/ca\/wp-json\/wp\/v2\/tags?post=298265"}],"curies":[{"name":"wp","href":"https:\/\/api.w.org\/{rel}","templated":true}]}}