{"id":298286,"date":"2026-04-09T10:45:00","date_gmt":"2026-04-09T08:45:00","guid":{"rendered":"https:\/\/www.tucomarca.com\/wordpress\/segunda\/?p=298286"},"modified":"2026-04-09T19:27:27","modified_gmt":"2026-04-09T17:27:27","slug":"fotogaleria-xest-participa-en-la-novena-edicio-del-festival-iaios","status":"publish","type":"post","link":"https:\/\/www.tucomarca.com\/wordpress\/segunda\/ca\/fotogaleria-xest-participa-en-la-novena-edicio-del-festival-iaios\/","title":{"rendered":"Fotogaler\u00eda: Xest participa en la novena edici\u00f3 del Festival &#8216;IAIOS&#8217;"},"content":{"rendered":"\n<p>Divendres passat, 27 de mar\u00e7, 76 ve\u00efns i ve\u00efnes de Xest dels programes d&#8217;envelliment actiu i Viu Actiu es van despla\u00e7ar a Val\u00e8ncia en un autob\u00fas noliejat per la regidoria de Sanitat per a participar en la novena edici\u00f3 del Festival d&#8217;Activitat F\u00edsica i gent gran \u201cIAIOS\u201d, celebrat en la Facultat de Ci\u00e8ncies de l&#8217;Activitat F\u00edsica i Esport de la Universitat de Val\u00e8ncia.<\/p>\n\n\n\n<p>Durant la jornada, m\u00e9s de 500 persones majors de tot el pa\u00eds van gaudir de tallers de ball en l\u00ednia, ball \u201cen cadira\u201d, merenga, dansa, estiraments, marxa n\u00f2rdica, orientaci\u00f3, jocs i activitats recreatives, aix\u00ed com del taller d&#8217;entrenament funcional multicomponent EFAM-UV\u00a9, dissenyat per a estimular ment i cos.<\/p>\n\n\n\n<p>\u201c\u00c9s molt gratificant veure com nostres majors es mantenen actius i gaudeixen del moviment en un entorn segur i divertit. Esdeveniments com \u2018IAIOS\u2019 s\u00f3n clau per a promoure h\u00e0bits saludables i la socialitzaci\u00f3 de la tercera edat\u201d, va assenyalar la regidora de Sanitat, M\u00aa \u00c1ngeles Llorente.<\/p>\n\n\n\n<p>L&#8217;Ajuntament de Xest reafirma aix\u00ed el seu comprom\u00eds amb la promoci\u00f3 d&#8217;h\u00e0bits saludables i la millora del benestar de la poblaci\u00f3 major, donant suport a espais d&#8217;activitat f\u00edsica adaptada i conviv\u00e8ncia segura. En deu anys, m\u00e9s de 4.000 persones han participat en aquest esdeveniment que combina salut, exercici i socialitzaci\u00f3.<\/p>\n\n\n\n<figure class=\"wp-block-gallery has-nested-images columns-1 is-cropped wp-block-gallery-1 is-layout-flex wp-block-gallery-is-layout-flex\">\n<figure class=\"wp-block-image size-large\"><img loading=\"lazy\" decoding=\"async\" width=\"945\" height=\"710\" data-id=\"298283\" src=\"https:\/\/www.tucomarca.com\/wordpress\/segunda\/wp-content\/uploads\/2026\/04\/IAIOS_04.jpg\" alt=\"\" class=\"wp-image-298283\" srcset=\"https:\/\/www.tucomarca.com\/wordpress\/segunda\/wp-content\/uploads\/2026\/04\/IAIOS_04.jpg 945w, https:\/\/www.tucomarca.com\/wordpress\/segunda\/wp-content\/uploads\/2026\/04\/IAIOS_04-300x225.jpg 300w, https:\/\/www.tucomarca.com\/wordpress\/segunda\/wp-content\/uploads\/2026\/04\/IAIOS_04-768x577.jpg 768w, https:\/\/www.tucomarca.com\/wordpress\/segunda\/wp-content\/uploads\/2026\/04\/IAIOS_04-678x509.jpg 678w, https:\/\/www.tucomarca.com\/wordpress\/segunda\/wp-content\/uploads\/2026\/04\/IAIOS_04-326x245.jpg 326w, https:\/\/www.tucomarca.com\/wordpress\/segunda\/wp-content\/uploads\/2026\/04\/IAIOS_04-80x60.jpg 80w\" sizes=\"auto, (max-width: 945px) 100vw, 945px\" \/><\/figure>\n\n\n\n<figure class=\"wp-block-image size-large\"><img loading=\"lazy\" decoding=\"async\" width=\"945\" height=\"436\" data-id=\"298279\" src=\"https:\/\/www.tucomarca.com\/wordpress\/segunda\/wp-content\/uploads\/2026\/04\/IAIOS_05.jpg\" alt=\"\" class=\"wp-image-298279\" srcset=\"https:\/\/www.tucomarca.com\/wordpress\/segunda\/wp-content\/uploads\/2026\/04\/IAIOS_05.jpg 945w, https:\/\/www.tucomarca.com\/wordpress\/segunda\/wp-content\/uploads\/2026\/04\/IAIOS_05-300x138.jpg 300w, https:\/\/www.tucomarca.com\/wordpress\/segunda\/wp-content\/uploads\/2026\/04\/IAIOS_05-768x354.jpg 768w\" sizes=\"auto, (max-width: 945px) 100vw, 945px\" \/><\/figure>\n\n\n\n<figure class=\"wp-block-image size-large\"><img loading=\"lazy\" decoding=\"async\" width=\"945\" height=\"532\" data-id=\"298275\" src=\"https:\/\/www.tucomarca.com\/wordpress\/segunda\/wp-content\/uploads\/2026\/04\/IAIOS_08.jpg\" alt=\"\" class=\"wp-image-298275\" srcset=\"https:\/\/www.tucomarca.com\/wordpress\/segunda\/wp-content\/uploads\/2026\/04\/IAIOS_08.jpg 945w, https:\/\/www.tucomarca.com\/wordpress\/segunda\/wp-content\/uploads\/2026\/04\/IAIOS_08-300x169.jpg 300w, https:\/\/www.tucomarca.com\/wordpress\/segunda\/wp-content\/uploads\/2026\/04\/IAIOS_08-768x432.jpg 768w, https:\/\/www.tucomarca.com\/wordpress\/segunda\/wp-content\/uploads\/2026\/04\/IAIOS_08-678x381.jpg 678w\" sizes=\"auto, (max-width: 945px) 100vw, 945px\" \/><\/figure>\n\n\n\n<figure class=\"wp-block-image size-large\"><img loading=\"lazy\" decoding=\"async\" width=\"945\" height=\"436\" data-id=\"298281\" src=\"https:\/\/www.tucomarca.com\/wordpress\/segunda\/wp-content\/uploads\/2026\/04\/IAIOS_02.jpg\" alt=\"\" class=\"wp-image-298281\" srcset=\"https:\/\/www.tucomarca.com\/wordpress\/segunda\/wp-content\/uploads\/2026\/04\/IAIOS_02.jpg 945w, https:\/\/www.tucomarca.com\/wordpress\/segunda\/wp-content\/uploads\/2026\/04\/IAIOS_02-300x138.jpg 300w, https:\/\/www.tucomarca.com\/wordpress\/segunda\/wp-content\/uploads\/2026\/04\/IAIOS_02-768x354.jpg 768w\" sizes=\"auto, (max-width: 945px) 100vw, 945px\" \/><\/figure>\n<\/figure>\n","protected":false},"excerpt":{"rendered":"<div class=\"mh-excerpt\">Divendres passat, 27 de mar\u00e7, 76 ve\u00efns i ve\u00efnes de Xest dels programes d&#8217;envelliment actiu i Viu Actiu es van despla\u00e7ar a Val\u00e8ncia en un autob\u00fas noliejat per la regidoria de Sanitat per a participar <a class=\"mh-excerpt-more\" href=\"https:\/\/www.tucomarca.com\/wordpress\/segunda\/ca\/fotogaleria-xest-participa-en-la-novena-edicio-del-festival-iaios\/\" title=\"Fotogaler\u00eda: Xest participa en la novena edici\u00f3 del Festival &#8216;IAIOS&#8217;\">[+] <\/a><\/div>\n","protected":false},"author":12,"featured_media":298278,"comment_status":"closed","ping_status":"open","sticky":false,"template":"","format":"gallery","meta":{"footnotes":""},"categories":[11010,10894,10912,11007,10896,10974],"tags":[11071,24113,10914],"class_list":{"0":"post-298286","1":"post","2":"type-post","3":"status-publish","4":"format-gallery","5":"has-post-thumbnail","7":"category-canal-salud","8":"category-la-comarca-ca","9":"category-la-hoya-ca","10":"category-ocio-y-cultura-ca","11":"category-seccion-ca","12":"category-cheste-ca","13":"tag-cheste","14":"tag-festival-iaios","15":"tag-la-hoya-de-bunol-chiva-ca","16":"post_format-post-format-gallery"},"_links":{"self":[{"href":"https:\/\/www.tucomarca.com\/wordpress\/segunda\/ca\/wp-json\/wp\/v2\/posts\/298286","targetHints":{"allow":["GET"]}}],"collection":[{"href":"https:\/\/www.tucomarca.com\/wordpress\/segunda\/ca\/wp-json\/wp\/v2\/posts"}],"about":[{"href":"https:\/\/www.tucomarca.com\/wordpress\/segunda\/ca\/wp-json\/wp\/v2\/types\/post"}],"author":[{"embeddable":true,"href":"https:\/\/www.tucomarca.com\/wordpress\/segunda\/ca\/wp-json\/wp\/v2\/users\/12"}],"replies":[{"embeddable":true,"href":"https:\/\/www.tucomarca.com\/wordpress\/segunda\/ca\/wp-json\/wp\/v2\/comments?post=298286"}],"version-history":[{"count":0,"href":"https:\/\/www.tucomarca.com\/wordpress\/segunda\/ca\/wp-json\/wp\/v2\/posts\/298286\/revisions"}],"wp:featuredmedia":[{"embeddable":true,"href":"https:\/\/www.tucomarca.com\/wordpress\/segunda\/ca\/wp-json\/wp\/v2\/media\/298278"}],"wp:attachment":[{"href":"https:\/\/www.tucomarca.com\/wordpress\/segunda\/ca\/wp-json\/wp\/v2\/media?parent=298286"}],"wp:term":[{"taxonomy":"category","embeddable":true,"href":"https:\/\/www.tucomarca.com\/wordpress\/segunda\/ca\/wp-json\/wp\/v2\/categories?post=298286"},{"taxonomy":"post_tag","embeddable":true,"href":"https:\/\/www.tucomarca.com\/wordpress\/segunda\/ca\/wp-json\/wp\/v2\/tags?post=298286"}],"curies":[{"name":"wp","href":"https:\/\/api.w.org\/{rel}","templated":true}]}}