{"id":298313,"date":"2026-04-09T10:00:00","date_gmt":"2026-04-09T08:00:00","guid":{"rendered":"https:\/\/www.tucomarca.com\/wordpress\/segunda\/?p=298313"},"modified":"2026-04-09T19:12:10","modified_gmt":"2026-04-09T17:12:10","slug":"fotogaleria-godelleta-celebra-la-setmana-santa-amb-una-amplia-participacio-veinal-en-els-actes-religiosos","status":"publish","type":"post","link":"https:\/\/www.tucomarca.com\/wordpress\/segunda\/ca\/fotogaleria-godelleta-celebra-la-setmana-santa-amb-una-amplia-participacio-veinal-en-els-actes-religiosos\/","title":{"rendered":"Fotogaleria: Godelleta celebra la Setmana Santa amb una \u00e0mplia participaci\u00f3 ve\u00efnal en els actes religiosos"},"content":{"rendered":"\n<p>El municipi de Godelleta ha viscut una nova Setmana Santa marcada per la tradici\u00f3, la devoci\u00f3 i la participaci\u00f3 de ve\u00efns i ve\u00efnes en els diferents actes religiosos celebrats en la parr\u00f2quia Sant Pere Ap\u00f3stol, sota la direcci\u00f3 del rector Don Jos\u00e9.<\/p>\n\n\n\n<p>L&#8217;alcaldessa de Godelleta, Amparo Pardo Luj\u00e1n, ha destacat: \u201cLa Setmana Santa \u00e9s una de les celebracions m\u00e9s arrelades en la nostra comunitat. \u00c9s important que l&#8217;Ajuntament siga present i acompanye als ve\u00efns en aquests moments de tradici\u00f3 i recolliment\u201d.<\/p>\n\n\n\n<p>La Setmana Santa va arrancar el diumenge de Rams amb la tradicional Process\u00f3 de Ramos i la missa, donant inici oficial a una setmana de devoci\u00f3 i reflexi\u00f3 en el municipi.<\/p>\n\n\n\n<p>Un dels moments m\u00e9s representatius va ser el Divendres Sant, amb la celebraci\u00f3 dels Sants Oficis de la Passi\u00f3 del Senyor, l&#8217;Adoraci\u00f3 de la Creu i la comuni\u00f3, seguits del viacrucis i la tradicional process\u00f3, que va rec\u00f3rrer els carrers del municipi congregant agran part del ve\u00efnat. L&#8217;equip de govern va ser present en la comitiva, encap\u00e7alada pel rector Don Jos\u00e9, acompanyat per l&#8217;alcaldessa, Amparo Pardo Luj\u00e1n, la regidora d&#8217;Educaci\u00f3, Cultura, Festes i Serveis Municipals, Paqui Rico L\u00e1zaro, i el regidor d&#8217;Agricultura, Comer\u00e7, Ind\u00fastria i Transport, Jos\u00e9 Miguel Caballero.<\/p>\n\n\n\n<p>El diumenge de Resurrecci\u00f3, l&#8217;alcaldessa i la regidora Paqui Rico L\u00e1zaro van acompanyar de nou a la ciutadania en la Missa de Pasqua, que va posar el fermall final a una setmana carregada de simbolisme i espiritualitat.<\/p>\n\n\n\n<p>La programaci\u00f3 completa va incloure a m\u00e9s misses durant els dies centrals de la setmana i els actes especials del Dijous Sant, amb la Missa del Sopar del Senyor i l&#8217;Hora Santa.<\/p>\n\n\n\n<p>\u201cAquestes celebracions formen part de la nostra identitat com a poble i \u00e9s un orgull veure com el ve\u00efnat continua participant i mantenint vives aquestes tradicions any rere any\u201d, ha concl\u00f2s l&#8217;alcaldessa.<\/p>\n\n\n\n<figure class=\"wp-block-gallery has-nested-images columns-2 is-cropped wp-block-gallery-1 is-layout-flex wp-block-gallery-is-layout-flex\">\n<figure class=\"wp-block-image size-large\"><img loading=\"lazy\" decoding=\"async\" width=\"945\" height=\"709\" data-id=\"298308\" src=\"https:\/\/www.tucomarca.com\/wordpress\/segunda\/wp-content\/uploads\/2026\/04\/GodelletaSemanaSanta08.jpeg\" alt=\"\" class=\"wp-image-298308\" srcset=\"https:\/\/www.tucomarca.com\/wordpress\/segunda\/wp-content\/uploads\/2026\/04\/GodelletaSemanaSanta08.jpeg 945w, https:\/\/www.tucomarca.com\/wordpress\/segunda\/wp-content\/uploads\/2026\/04\/GodelletaSemanaSanta08-300x225.jpeg 300w, https:\/\/www.tucomarca.com\/wordpress\/segunda\/wp-content\/uploads\/2026\/04\/GodelletaSemanaSanta08-768x576.jpeg 768w, https:\/\/www.tucomarca.com\/wordpress\/segunda\/wp-content\/uploads\/2026\/04\/GodelletaSemanaSanta08-678x509.jpeg 678w, https:\/\/www.tucomarca.com\/wordpress\/segunda\/wp-content\/uploads\/2026\/04\/GodelletaSemanaSanta08-326x245.jpeg 326w, https:\/\/www.tucomarca.com\/wordpress\/segunda\/wp-content\/uploads\/2026\/04\/GodelletaSemanaSanta08-80x60.jpeg 80w\" sizes=\"auto, (max-width: 945px) 100vw, 945px\" \/><\/figure>\n\n\n\n<figure class=\"wp-block-image size-large\"><img loading=\"lazy\" decoding=\"async\" width=\"945\" height=\"709\" data-id=\"298294\" src=\"https:\/\/www.tucomarca.com\/wordpress\/segunda\/wp-content\/uploads\/2026\/04\/GodelletaSemanaSanta01.jpeg\" alt=\"\" class=\"wp-image-298294\" srcset=\"https:\/\/www.tucomarca.com\/wordpress\/segunda\/wp-content\/uploads\/2026\/04\/GodelletaSemanaSanta01.jpeg 945w, https:\/\/www.tucomarca.com\/wordpress\/segunda\/wp-content\/uploads\/2026\/04\/GodelletaSemanaSanta01-300x225.jpeg 300w, https:\/\/www.tucomarca.com\/wordpress\/segunda\/wp-content\/uploads\/2026\/04\/GodelletaSemanaSanta01-768x576.jpeg 768w, https:\/\/www.tucomarca.com\/wordpress\/segunda\/wp-content\/uploads\/2026\/04\/GodelletaSemanaSanta01-678x509.jpeg 678w, https:\/\/www.tucomarca.com\/wordpress\/segunda\/wp-content\/uploads\/2026\/04\/GodelletaSemanaSanta01-326x245.jpeg 326w, https:\/\/www.tucomarca.com\/wordpress\/segunda\/wp-content\/uploads\/2026\/04\/GodelletaSemanaSanta01-80x60.jpeg 80w\" sizes=\"auto, (max-width: 945px) 100vw, 945px\" \/><\/figure>\n\n\n\n<figure class=\"wp-block-image size-large\"><img loading=\"lazy\" decoding=\"async\" width=\"945\" height=\"709\" data-id=\"298310\" src=\"https:\/\/www.tucomarca.com\/wordpress\/segunda\/wp-content\/uploads\/2026\/04\/GodelletaSemanaSanta09.jpeg\" alt=\"\" class=\"wp-image-298310\" srcset=\"https:\/\/www.tucomarca.com\/wordpress\/segunda\/wp-content\/uploads\/2026\/04\/GodelletaSemanaSanta09.jpeg 945w, https:\/\/www.tucomarca.com\/wordpress\/segunda\/wp-content\/uploads\/2026\/04\/GodelletaSemanaSanta09-300x225.jpeg 300w, https:\/\/www.tucomarca.com\/wordpress\/segunda\/wp-content\/uploads\/2026\/04\/GodelletaSemanaSanta09-768x576.jpeg 768w, https:\/\/www.tucomarca.com\/wordpress\/segunda\/wp-content\/uploads\/2026\/04\/GodelletaSemanaSanta09-678x509.jpeg 678w, https:\/\/www.tucomarca.com\/wordpress\/segunda\/wp-content\/uploads\/2026\/04\/GodelletaSemanaSanta09-326x245.jpeg 326w, https:\/\/www.tucomarca.com\/wordpress\/segunda\/wp-content\/uploads\/2026\/04\/GodelletaSemanaSanta09-80x60.jpeg 80w\" sizes=\"auto, (max-width: 945px) 100vw, 945px\" \/><\/figure>\n\n\n\n<figure class=\"wp-block-image size-large\"><img loading=\"lazy\" decoding=\"async\" width=\"945\" height=\"709\" data-id=\"298298\" src=\"https:\/\/www.tucomarca.com\/wordpress\/segunda\/wp-content\/uploads\/2026\/04\/GodelletaSemanaSanta03.jpeg\" alt=\"\" class=\"wp-image-298298\" srcset=\"https:\/\/www.tucomarca.com\/wordpress\/segunda\/wp-content\/uploads\/2026\/04\/GodelletaSemanaSanta03.jpeg 945w, https:\/\/www.tucomarca.com\/wordpress\/segunda\/wp-content\/uploads\/2026\/04\/GodelletaSemanaSanta03-300x225.jpeg 300w, https:\/\/www.tucomarca.com\/wordpress\/segunda\/wp-content\/uploads\/2026\/04\/GodelletaSemanaSanta03-768x576.jpeg 768w, https:\/\/www.tucomarca.com\/wordpress\/segunda\/wp-content\/uploads\/2026\/04\/GodelletaSemanaSanta03-678x509.jpeg 678w, https:\/\/www.tucomarca.com\/wordpress\/segunda\/wp-content\/uploads\/2026\/04\/GodelletaSemanaSanta03-326x245.jpeg 326w, https:\/\/www.tucomarca.com\/wordpress\/segunda\/wp-content\/uploads\/2026\/04\/GodelletaSemanaSanta03-80x60.jpeg 80w\" sizes=\"auto, (max-width: 945px) 100vw, 945px\" \/><\/figure>\n\n\n\n<figure class=\"wp-block-image size-large\"><img loading=\"lazy\" decoding=\"async\" width=\"945\" height=\"709\" data-id=\"298300\" src=\"https:\/\/www.tucomarca.com\/wordpress\/segunda\/wp-content\/uploads\/2026\/04\/GodelletaSemanaSanta04.jpeg\" alt=\"\" class=\"wp-image-298300\" srcset=\"https:\/\/www.tucomarca.com\/wordpress\/segunda\/wp-content\/uploads\/2026\/04\/GodelletaSemanaSanta04.jpeg 945w, https:\/\/www.tucomarca.com\/wordpress\/segunda\/wp-content\/uploads\/2026\/04\/GodelletaSemanaSanta04-300x225.jpeg 300w, https:\/\/www.tucomarca.com\/wordpress\/segunda\/wp-content\/uploads\/2026\/04\/GodelletaSemanaSanta04-768x576.jpeg 768w, https:\/\/www.tucomarca.com\/wordpress\/segunda\/wp-content\/uploads\/2026\/04\/GodelletaSemanaSanta04-678x509.jpeg 678w, https:\/\/www.tucomarca.com\/wordpress\/segunda\/wp-content\/uploads\/2026\/04\/GodelletaSemanaSanta04-326x245.jpeg 326w, https:\/\/www.tucomarca.com\/wordpress\/segunda\/wp-content\/uploads\/2026\/04\/GodelletaSemanaSanta04-80x60.jpeg 80w\" sizes=\"auto, (max-width: 945px) 100vw, 945px\" \/><\/figure>\n\n\n\n<figure class=\"wp-block-image size-large\"><img loading=\"lazy\" decoding=\"async\" width=\"945\" height=\"709\" data-id=\"298306\" src=\"https:\/\/www.tucomarca.com\/wordpress\/segunda\/wp-content\/uploads\/2026\/04\/GodelletaSemanaSanta07.jpeg\" alt=\"\" class=\"wp-image-298306\" srcset=\"https:\/\/www.tucomarca.com\/wordpress\/segunda\/wp-content\/uploads\/2026\/04\/GodelletaSemanaSanta07.jpeg 945w, https:\/\/www.tucomarca.com\/wordpress\/segunda\/wp-content\/uploads\/2026\/04\/GodelletaSemanaSanta07-300x225.jpeg 300w, https:\/\/www.tucomarca.com\/wordpress\/segunda\/wp-content\/uploads\/2026\/04\/GodelletaSemanaSanta07-768x576.jpeg 768w, https:\/\/www.tucomarca.com\/wordpress\/segunda\/wp-content\/uploads\/2026\/04\/GodelletaSemanaSanta07-678x509.jpeg 678w, https:\/\/www.tucomarca.com\/wordpress\/segunda\/wp-content\/uploads\/2026\/04\/GodelletaSemanaSanta07-326x245.jpeg 326w, https:\/\/www.tucomarca.com\/wordpress\/segunda\/wp-content\/uploads\/2026\/04\/GodelletaSemanaSanta07-80x60.jpeg 80w\" sizes=\"auto, (max-width: 945px) 100vw, 945px\" \/><\/figure>\n\n\n\n<figure class=\"wp-block-image size-large\"><img loading=\"lazy\" decoding=\"async\" width=\"945\" height=\"709\" data-id=\"298304\" src=\"https:\/\/www.tucomarca.com\/wordpress\/segunda\/wp-content\/uploads\/2026\/04\/GodelletaSemanaSanta06.jpeg\" alt=\"\" class=\"wp-image-298304\" srcset=\"https:\/\/www.tucomarca.com\/wordpress\/segunda\/wp-content\/uploads\/2026\/04\/GodelletaSemanaSanta06.jpeg 945w, https:\/\/www.tucomarca.com\/wordpress\/segunda\/wp-content\/uploads\/2026\/04\/GodelletaSemanaSanta06-300x225.jpeg 300w, https:\/\/www.tucomarca.com\/wordpress\/segunda\/wp-content\/uploads\/2026\/04\/GodelletaSemanaSanta06-768x576.jpeg 768w, https:\/\/www.tucomarca.com\/wordpress\/segunda\/wp-content\/uploads\/2026\/04\/GodelletaSemanaSanta06-678x509.jpeg 678w, https:\/\/www.tucomarca.com\/wordpress\/segunda\/wp-content\/uploads\/2026\/04\/GodelletaSemanaSanta06-326x245.jpeg 326w, https:\/\/www.tucomarca.com\/wordpress\/segunda\/wp-content\/uploads\/2026\/04\/GodelletaSemanaSanta06-80x60.jpeg 80w\" sizes=\"auto, (max-width: 945px) 100vw, 945px\" \/><\/figure>\n\n\n\n<figure class=\"wp-block-image size-large\"><img loading=\"lazy\" decoding=\"async\" width=\"945\" height=\"709\" data-id=\"298302\" src=\"https:\/\/www.tucomarca.com\/wordpress\/segunda\/wp-content\/uploads\/2026\/04\/GodelletaSemanaSanta05.jpeg\" alt=\"\" class=\"wp-image-298302\" srcset=\"https:\/\/www.tucomarca.com\/wordpress\/segunda\/wp-content\/uploads\/2026\/04\/GodelletaSemanaSanta05.jpeg 945w, https:\/\/www.tucomarca.com\/wordpress\/segunda\/wp-content\/uploads\/2026\/04\/GodelletaSemanaSanta05-300x225.jpeg 300w, https:\/\/www.tucomarca.com\/wordpress\/segunda\/wp-content\/uploads\/2026\/04\/GodelletaSemanaSanta05-768x576.jpeg 768w, https:\/\/www.tucomarca.com\/wordpress\/segunda\/wp-content\/uploads\/2026\/04\/GodelletaSemanaSanta05-678x509.jpeg 678w, https:\/\/www.tucomarca.com\/wordpress\/segunda\/wp-content\/uploads\/2026\/04\/GodelletaSemanaSanta05-326x245.jpeg 326w, https:\/\/www.tucomarca.com\/wordpress\/segunda\/wp-content\/uploads\/2026\/04\/GodelletaSemanaSanta05-80x60.jpeg 80w\" sizes=\"auto, (max-width: 945px) 100vw, 945px\" \/><\/figure>\n\n\n\n<figure class=\"wp-block-image size-large\"><img loading=\"lazy\" decoding=\"async\" width=\"945\" height=\"709\" data-id=\"298296\" src=\"https:\/\/www.tucomarca.com\/wordpress\/segunda\/wp-content\/uploads\/2026\/04\/GodelletaSemanaSanta02.jpeg\" alt=\"\" class=\"wp-image-298296\" srcset=\"https:\/\/www.tucomarca.com\/wordpress\/segunda\/wp-content\/uploads\/2026\/04\/GodelletaSemanaSanta02.jpeg 945w, https:\/\/www.tucomarca.com\/wordpress\/segunda\/wp-content\/uploads\/2026\/04\/GodelletaSemanaSanta02-300x225.jpeg 300w, https:\/\/www.tucomarca.com\/wordpress\/segunda\/wp-content\/uploads\/2026\/04\/GodelletaSemanaSanta02-768x576.jpeg 768w, https:\/\/www.tucomarca.com\/wordpress\/segunda\/wp-content\/uploads\/2026\/04\/GodelletaSemanaSanta02-678x509.jpeg 678w, https:\/\/www.tucomarca.com\/wordpress\/segunda\/wp-content\/uploads\/2026\/04\/GodelletaSemanaSanta02-326x245.jpeg 326w, https:\/\/www.tucomarca.com\/wordpress\/segunda\/wp-content\/uploads\/2026\/04\/GodelletaSemanaSanta02-80x60.jpeg 80w\" sizes=\"auto, (max-width: 945px) 100vw, 945px\" \/><\/figure>\n<\/figure>\n","protected":false},"excerpt":{"rendered":"<div class=\"mh-excerpt\">El municipi de Godelleta ha viscut una nova Setmana Santa marcada per la tradici\u00f3, la devoci\u00f3 i la participaci\u00f3 de ve\u00efns i ve\u00efnes en els diferents actes religiosos celebrats en la parr\u00f2quia Sant Pere Ap\u00f3stol, <a class=\"mh-excerpt-more\" href=\"https:\/\/www.tucomarca.com\/wordpress\/segunda\/ca\/fotogaleria-godelleta-celebra-la-setmana-santa-amb-una-amplia-participacio-veinal-en-els-actes-religiosos\/\" title=\"Fotogaleria: Godelleta celebra la Setmana Santa amb una \u00e0mplia participaci\u00f3 ve\u00efnal en els actes religiosos\">[+] <\/a><\/div>\n","protected":false},"author":12,"featured_media":298293,"comment_status":"closed","ping_status":"open","sticky":false,"template":"","format":"gallery","meta":{"footnotes":""},"categories":[10977,10894,10912,11004,11007,11008,10896],"tags":[11087,10914,24086],"class_list":{"0":"post-298313","1":"post","2":"type-post","3":"status-publish","4":"format-gallery","5":"has-post-thumbnail","7":"category-godelleta-ca","8":"category-la-comarca-ca","9":"category-la-hoya-ca","10":"category-la-semana-en-imagenes-ca","11":"category-ocio-y-cultura-ca","12":"category-pueblos-en-fiestas-ca","13":"category-seccion-ca","14":"tag-godelleta-ca","15":"tag-la-hoya-de-bunol-chiva-ca","16":"tag-semana-santa-2026","17":"post_format-post-format-gallery"},"_links":{"self":[{"href":"https:\/\/www.tucomarca.com\/wordpress\/segunda\/ca\/wp-json\/wp\/v2\/posts\/298313","targetHints":{"allow":["GET"]}}],"collection":[{"href":"https:\/\/www.tucomarca.com\/wordpress\/segunda\/ca\/wp-json\/wp\/v2\/posts"}],"about":[{"href":"https:\/\/www.tucomarca.com\/wordpress\/segunda\/ca\/wp-json\/wp\/v2\/types\/post"}],"author":[{"embeddable":true,"href":"https:\/\/www.tucomarca.com\/wordpress\/segunda\/ca\/wp-json\/wp\/v2\/users\/12"}],"replies":[{"embeddable":true,"href":"https:\/\/www.tucomarca.com\/wordpress\/segunda\/ca\/wp-json\/wp\/v2\/comments?post=298313"}],"version-history":[{"count":0,"href":"https:\/\/www.tucomarca.com\/wordpress\/segunda\/ca\/wp-json\/wp\/v2\/posts\/298313\/revisions"}],"wp:featuredmedia":[{"embeddable":true,"href":"https:\/\/www.tucomarca.com\/wordpress\/segunda\/ca\/wp-json\/wp\/v2\/media\/298293"}],"wp:attachment":[{"href":"https:\/\/www.tucomarca.com\/wordpress\/segunda\/ca\/wp-json\/wp\/v2\/media?parent=298313"}],"wp:term":[{"taxonomy":"category","embeddable":true,"href":"https:\/\/www.tucomarca.com\/wordpress\/segunda\/ca\/wp-json\/wp\/v2\/categories?post=298313"},{"taxonomy":"post_tag","embeddable":true,"href":"https:\/\/www.tucomarca.com\/wordpress\/segunda\/ca\/wp-json\/wp\/v2\/tags?post=298313"}],"curies":[{"name":"wp","href":"https:\/\/api.w.org\/{rel}","templated":true}]}}