{"id":298338,"date":"2026-04-09T10:30:00","date_gmt":"2026-04-09T08:30:00","guid":{"rendered":"https:\/\/www.tucomarca.com\/wordpress\/segunda\/?p=298338"},"modified":"2026-04-09T19:22:10","modified_gmt":"2026-04-09T17:22:10","slug":"lhospital-de-manises-reforca-latencio-a-pacients-critics-amb-un-programa-de-simulacio-clinica-en-urgencies","status":"publish","type":"post","link":"https:\/\/www.tucomarca.com\/wordpress\/segunda\/ca\/lhospital-de-manises-reforca-latencio-a-pacients-critics-amb-un-programa-de-simulacio-clinica-en-urgencies\/","title":{"rendered":"L&#8217;Hospital de Manises refor\u00e7a l&#8217;atenci\u00f3 a pacients cr\u00edtics amb un programa de simulaci\u00f3 cl\u00ednica en Urg\u00e8ncies"},"content":{"rendered":"\n<h3 class=\"wp-block-heading\">La iniciativa, activa des de mitjan 2025, s&#8217;ha consolidat com una activitat formativa peri\u00f2dica dins del servei.<\/h3>\n\n\n\n<h3 class=\"wp-block-heading\">L&#8217;entrenament permet practicar escenaris cl\u00ednics complexos en un entorn segur i millorar la resposta assistencial.<\/h3>\n\n\n\n<p>El Servei d&#8217;Urg\u00e8ncies de l&#8217;Hospital de Manises ha posat en marxa un programa estructurat de simulaci\u00f3 cl\u00ednica avan\u00e7ada orientat a entrenar als professionals en el maneig del pacient cr\u00edtic.<\/p>\n\n\n\n<p>Aquesta iniciativa, activa des de mitjan 2025, es desenvolupa en un entorn controlat i segur que permet refor\u00e7ar coneixements, revisar l&#8217;aplicaci\u00f3 de guies cl\u00edniques actualitzades i millorar la capacitat de resposta davant situacions d&#8217;alta complexitat assistencial.<br><br>El programa ha sigut impulsat per la Direcci\u00f3 del Servei d&#8217;Urg\u00e8ncies, dirigida pel doctor Juan Garc\u00eda Prieto, i&nbsp;coordinat pels doctors Alonso Rizo Guerrero, Marta Garc\u00eda Zurita i Cristina Mart\u00ednez Espert, responsables de la seua implementaci\u00f3 i consolidaci\u00f3 dins de l&#8217;activitat docent del servei.<br><br>El projecte s&#8217;ha consolidat com una activitat formativa estructurada, amb la participaci\u00f3 organitzada dels diferents professionals del Servei d&#8217;Urg\u00e8ncies.<\/p>\n\n\n\n<p>Segons ha explicat el cap del Servei d&#8217;Urg\u00e8ncies de l&#8217;Hospital de Manises, el doctor Juan Garc\u00eda Prieto, \u201cla simulaci\u00f3 cl\u00ednica ens permet entrenar escenaris cr\u00edtics abans d&#8217;enfrontar-nos a ells en la pr\u00e0ctica real. Aix\u00f2 millora la coordinaci\u00f3 de l&#8217;equip, refor\u00e7a la seguretat del pacient i ens ajuda a prendre decisions amb major rapidesa i precisi\u00f3 quan cada minut compta\u201d.<\/p>\n\n\n\n<figure class=\"wp-block-image size-large is-resized\"><img loading=\"lazy\" decoding=\"async\" width=\"768\" height=\"1024\" src=\"https:\/\/www.tucomarca.com\/wordpress\/segunda\/wp-content\/uploads\/2026\/04\/SimulacrosUrgenciasManises2-768x1024.jpeg\" alt=\"\" class=\"wp-image-298333\" style=\"aspect-ratio:0.7500119337438541;width:516px;height:auto\" srcset=\"https:\/\/www.tucomarca.com\/wordpress\/segunda\/wp-content\/uploads\/2026\/04\/SimulacrosUrgenciasManises2-768x1024.jpeg 768w, https:\/\/www.tucomarca.com\/wordpress\/segunda\/wp-content\/uploads\/2026\/04\/SimulacrosUrgenciasManises2-225x300.jpeg 225w, https:\/\/www.tucomarca.com\/wordpress\/segunda\/wp-content\/uploads\/2026\/04\/SimulacrosUrgenciasManises2-1152x1536.jpeg 1152w, https:\/\/www.tucomarca.com\/wordpress\/segunda\/wp-content\/uploads\/2026\/04\/SimulacrosUrgenciasManises2.jpeg 1536w\" sizes=\"auto, (max-width: 768px) 100vw, 768px\" \/><\/figure>\n\n\n\n<p><\/p>\n\n\n\n<p><strong>Simulaci\u00f3 d&#8217;escenaris cr\u00edtics<\/strong><\/p>\n\n\n\n<p>El programa contempla l&#8217;entrenament en&nbsp;12 escenaris cl\u00ednics diferents, un per cada mes de l&#8217;any, que es repeteixen de manera peri\u00f2dica per a facilitar la rotaci\u00f3 de tots els professionals del servei i consolidar l&#8217;aprenentatge mitjan\u00e7ant la pr\u00e0ctica continuada.<\/p>\n\n\n\n<p>Aquests escenaris reprodueixen situacions cl\u00edniques freq\u00fcents en l&#8217;\u00e0rea de cr\u00edtics d&#8217;Urg\u00e8ncies, com la parada cardiorespirat\u00f2ria, el politraumatisme greu, la insufici\u00e8ncia respirat\u00f2ria aguda, el xoc s\u00e8ptic, la s\u00edndrome coron\u00e0ria aguda, l&#8217;estatus epil\u00e8ptic o el xoc anafil\u00e0ctic, entre altres.<\/p>\n\n\n\n<p>Cada sessi\u00f3 es desenvolupa amb la participaci\u00f3 de les diferents categories professionals del servei, la qual cosa afavoreix l&#8217;entrenament conjunt i permet millorar aspectes clau com la comunicaci\u00f3 cl\u00ednica, la coordinaci\u00f3 de l&#8217;equip assistencial i el treball multidisciplinari en situacions d&#8217;emerg\u00e8ncia.<\/p>\n\n\n\n<p>A m\u00e9s, el programa permet entrenar tant compet\u00e8ncies t\u00e8cniques com compet\u00e8ncies no t\u00e8cniques, fonamentals en entorns d&#8217;alta pressi\u00f3 assistencial, entre les quals destaquen el lideratge cl\u00ednic, la comunicaci\u00f3 efectiva entre professionals i la coordinaci\u00f3 de l&#8217;equip.<\/p>\n\n\n\n<p>L&#8217;Hospital de Manises forma part del Departament de Salut de Manises, que presta cobertura i assist\u00e8ncia sanit\u00e0ria, tant ambulat\u00f2ria com domicili\u00e0ria, a m\u00e9s de 211.805 persones de 14 localitats. La xarxa assistencial del departament est\u00e0 integrada pel propi Hospital de Manises, l&#8217;Hospital de Cr\u00f2nics de Mislata, l&#8217;Hospital d&#8217;Aguts de Manises, nou centres de salut, onze consultoris auxiliars, dos centres d&#8217;especialitats, i un centre de salut integrat.<\/p>\n","protected":false},"excerpt":{"rendered":"<div class=\"mh-excerpt\">La iniciativa, activa des de mitjan 2025, s&#8217;ha consolidat com una activitat formativa peri\u00f2dica dins del servei. L&#8217;entrenament permet practicar escenaris cl\u00ednics complexos en un entorn segur i millorar la resposta assistencial. El Servei d&#8217;Urg\u00e8ncies <a class=\"mh-excerpt-more\" href=\"https:\/\/www.tucomarca.com\/wordpress\/segunda\/ca\/lhospital-de-manises-reforca-latencio-a-pacients-critics-amb-un-programa-de-simulacio-clinica-en-urgencies\/\" title=\"L&#8217;Hospital de Manises refor\u00e7a l&#8217;atenci\u00f3 a pacients cr\u00edtics amb un programa de simulaci\u00f3 cl\u00ednica en Urg\u00e8ncies\">[+] <\/a><\/div>\n","protected":false},"author":12,"featured_media":298332,"comment_status":"closed","ping_status":"open","sticky":false,"template":"","format":"standard","meta":{"footnotes":""},"categories":[10892,11010,10894,10904,10912,10896,11047],"tags":[10913,10899,11092,10914],"class_list":{"0":"post-298338","1":"post","2":"type-post","3":"status-publish","4":"format-standard","5":"has-post-thumbnail","7":"category-camp-de-turia-ca","8":"category-canal-salud","9":"category-la-comarca-ca","10":"category-sin-categorizar-ca","11":"category-la-hoya-ca","12":"category-seccion-ca","13":"category-turis-ca","14":"tag-bunol-ca","15":"tag-camp-de-turia-ca","16":"tag-hospital-de-manises-ca","17":"tag-la-hoya-de-bunol-chiva-ca"},"_links":{"self":[{"href":"https:\/\/www.tucomarca.com\/wordpress\/segunda\/ca\/wp-json\/wp\/v2\/posts\/298338","targetHints":{"allow":["GET"]}}],"collection":[{"href":"https:\/\/www.tucomarca.com\/wordpress\/segunda\/ca\/wp-json\/wp\/v2\/posts"}],"about":[{"href":"https:\/\/www.tucomarca.com\/wordpress\/segunda\/ca\/wp-json\/wp\/v2\/types\/post"}],"author":[{"embeddable":true,"href":"https:\/\/www.tucomarca.com\/wordpress\/segunda\/ca\/wp-json\/wp\/v2\/users\/12"}],"replies":[{"embeddable":true,"href":"https:\/\/www.tucomarca.com\/wordpress\/segunda\/ca\/wp-json\/wp\/v2\/comments?post=298338"}],"version-history":[{"count":0,"href":"https:\/\/www.tucomarca.com\/wordpress\/segunda\/ca\/wp-json\/wp\/v2\/posts\/298338\/revisions"}],"wp:featuredmedia":[{"embeddable":true,"href":"https:\/\/www.tucomarca.com\/wordpress\/segunda\/ca\/wp-json\/wp\/v2\/media\/298332"}],"wp:attachment":[{"href":"https:\/\/www.tucomarca.com\/wordpress\/segunda\/ca\/wp-json\/wp\/v2\/media?parent=298338"}],"wp:term":[{"taxonomy":"category","embeddable":true,"href":"https:\/\/www.tucomarca.com\/wordpress\/segunda\/ca\/wp-json\/wp\/v2\/categories?post=298338"},{"taxonomy":"post_tag","embeddable":true,"href":"https:\/\/www.tucomarca.com\/wordpress\/segunda\/ca\/wp-json\/wp\/v2\/tags?post=298338"}],"curies":[{"name":"wp","href":"https:\/\/api.w.org\/{rel}","templated":true}]}}