{"id":298357,"date":"2026-04-09T11:00:00","date_gmt":"2026-04-09T09:00:00","guid":{"rendered":"https:\/\/www.tucomarca.com\/wordpress\/segunda\/?p=298357"},"modified":"2026-04-09T19:55:12","modified_gmt":"2026-04-09T17:55:12","slug":"labora-impulsa-per-primera-vegada-formacio-especifica-en-economia-verda-i-construccio-per-a-respondre-a-la-demanda-de-les-empreses","status":"publish","type":"post","link":"https:\/\/www.tucomarca.com\/wordpress\/segunda\/ca\/labora-impulsa-per-primera-vegada-formacio-especifica-en-economia-verda-i-construccio-per-a-respondre-a-la-demanda-de-les-empreses\/","title":{"rendered":"Labora impulsa per primera vegada formaci\u00f3 espec\u00edfica en economia verda i construcci\u00f3 per a respondre a la demanda de les empreses"},"content":{"rendered":"\n<h3 class=\"wp-block-heading\">La convocat\u00f2ria, dotada amb 4,1 milions d\u2019euros, permetr\u00e0 desenrotllar accions formatives dirigides priorit\u00e0riament a persones desocupades.<\/h3>\n\n\n\n<h3 class=\"wp-block-heading\">Estes accions s\u2019emmarquen en el Pla de formaci\u00f3 2026 de Labora, orientat a adaptar la qualificaci\u00f3 a les necessitats del mercat laboral.<\/h3>\n\n\n\n<p>Labora, el Servici Valenci\u00e0 d\u2019Ocupaci\u00f3 i Formaci\u00f3, ha publicat la&nbsp;<a href=\"https:\/\/labora.gva.es\/va\/entitats-col-laboradores-de-formacio\/2026\/-\/asset_publisher\/5SwBcVKviIUd\/content\/subvenciones-para-la-realizacion-de-acciones-formativas-de-economia-verde-sector-de-la-construccion-y-rehabilitacion-de-edificios-oficios-y-profesione?redirect=https%3A%2F%2Flabora.gva.es%2Fes%2Fentitats-col-laboradores-de-formacio%2F2026%3Fp_p_id%3D101_INSTANCE_5SwBcVKviIUd%26p_p_lifecycle%3D0%26p_p_state%3Dnormal%26p_p_mode%3Dview%26p_p_col_id%3D_118_INSTANCE_KMf3UKW4OKqX__column-2%26p_p_col_count%3D1\">convocat\u00f2ria de subvencions per a la realitzaci\u00f3 d\u2019accions formatives<\/a>&nbsp;en economia verda, sector de la construcci\u00f3 i rehabilitaci\u00f3 d\u2019edificis, aix\u00ed com en professions i oficis vinculats als sectors productius, dirigides priorit\u00e0riament a persones desocupades en la Comunitat Valenciana.<\/p>\n\n\n\n<p>Es tracta de la primera vegada que Labora oferix una convocat\u00f2ria espec\u00edfica centrada en estos \u00e0mbits estrat\u00e8gics, amb l\u2019objectiu de donar resposta directa a la demanda de perfils professionals per part del teixit empresarial i anticipar les necessitats de qualificaci\u00f3 del sistema productiu.<\/p>\n\n\n\n<p>La convocat\u00f2ria compta amb una dotaci\u00f3 global de 4,1 milions d\u2019euros per al per\u00edode 2026-2027, finan\u00e7ats amb fons del Ministeri d\u2019Educaci\u00f3, Formaci\u00f3 Professional i Esports, i permetr\u00e0 impartir accions formatives conduents a certificats professionals.<\/p>\n\n\n\n<p><strong>Formaci\u00f3 alineada amb les necessitats del mercat&nbsp;<\/strong><\/p>\n\n\n\n<p>Estes accions formatives estan dissenyades a partir de l\u2019an\u00e0lisi cont\u00ednua de les necessitats del mercat laboral i se centren en sectors amb alta demanda d\u2019ocupaci\u00f3, com l\u2019economia verda, la construcci\u00f3, la rehabilitaci\u00f3 d\u2019edificis i diferents oficis vinculats als sectors productius.<\/p>\n\n\n\n<p>L\u2019objectiu \u00e9s millorar l\u2019ocupabilitat de les persones desocupades, facilitar la seua inserci\u00f3 laboral i garantir que les empreses disposen de professionals qualificats en perfils que actualment presenten dificultats de cobertura.<\/p>\n\n\n\n<p>A m\u00e9s, les accions formatives inclouran continguts complementaris orientats a la inserci\u00f3 laboral, la sostenibilitat ambiental, la igualtat de g\u00e8nere i el foment del treball aut\u00f2nom, refor\u00e7ant aix\u00ed la preparaci\u00f3 integral de l\u2019alumnat.<\/p>\n\n\n\n<p><strong>Pla de formaci\u00f3 2026 de Labora<\/strong><\/p>\n\n\n\n<p>Esta convocat\u00f2ria s\u2019emmarca en el Pla de formaci\u00f3 2026 de Labora, una estrat\u00e8gia dotada amb prop de 200 milions d\u2019euros que permetr\u00e0 desenrotllar m\u00e9s de 4.100 accions formatives i oferir formaci\u00f3 a m\u00e9s de 58.000 persones en la Comunitat Valenciana.<\/p>\n\n\n\n<p>El pla t\u00e9 com a eix principal adaptar la formaci\u00f3 a les necessitats reals de les empreses, millorar la qualificaci\u00f3 de les persones treballadores i desocupades i refor\u00e7ar la connexi\u00f3 entre formaci\u00f3 i ocupaci\u00f3.<\/p>\n\n\n\n<p><strong>Acc\u00e9s als cursos<\/strong><\/p>\n\n\n\n<p>Una vegada es posen en marxa, els cursos estaran disponibles en el portal Punt Labora, en el qual les persones interessades podran consultar-los i fer la seua preinscripci\u00f3.<\/p>\n\n\n\n<p>Actualment, Labora t\u00e9 ja prop de 200 cursos amb el termini d\u2019inscripci\u00f3 obert dins de la seua programaci\u00f3 formativa.<\/p>\n\n\n\n<p>Per a poder participar en estes accions formatives cal estar inscrit com a demandant d\u2019ocupaci\u00f3 en Labora. Les persones interessades poden sol\u00b7licitar cita en el seu Espai Labora, a on el personal orientador els informar\u00e0 sobre els cursos disponibles i els ajudar\u00e0 a definir el seu itinerari formatiu en funci\u00f3 del seu perfil professional.<\/p>\n\n\n\n<p><strong>Col\u00b7lectius prioritaris<\/strong><\/p>\n\n\n\n<p>Les accions formatives estan dirigides priorit\u00e0riament a persones desocupades, amb especial atenci\u00f3 a col\u00b7lectius amb m\u00e9s dificultats d\u2019inserci\u00f3 laboral, com j\u00f3vens amb baixa qualificaci\u00f3, persones desocupades de llarga duraci\u00f3, majors de 45 anys, persones amb discapacitat, dones amb baixa qualificaci\u00f3 o v\u00edctimes de viol\u00e8ncia de g\u00e8nere, entre altres.<\/p>\n\n\n\n<p>Aix\u00ed mateix, podran participar persones ocupades en un percentatge limitat, si b\u00e9 les persones desocupades tindran prioritat en l\u2019acc\u00e9s.<\/p>\n\n\n\n<p><strong>Entitats benefici\u00e0ries<\/strong><\/p>\n\n\n\n<p>Podran beneficiar-se d\u2019estes subvencions els centres i entitats de formaci\u00f3 p\u00fabliques o privades, aix\u00ed com empreses o associacions empresarials inscrites en el Registre de centres del Sistema de Formaci\u00f3 Professional.<\/p>\n\n\n\n<p>Estes entitats seran les encarregades d\u2019impartir la formaci\u00f3, que permetr\u00e0 a les persones participants obtindre certificats professionals vinculats al Cat\u00e0leg nacional d\u2019est\u00e0ndards de compet\u00e8ncies professionals.<\/p>\n","protected":false},"excerpt":{"rendered":"<div class=\"mh-excerpt\">La convocat\u00f2ria, dotada amb 4,1 milions d\u2019euros, permetr\u00e0 desenrotllar accions formatives dirigides priorit\u00e0riament a persones desocupades. Estes accions s\u2019emmarquen en el Pla de formaci\u00f3 2026 de Labora, orientat a adaptar la qualificaci\u00f3 a les necessitats <a class=\"mh-excerpt-more\" href=\"https:\/\/www.tucomarca.com\/wordpress\/segunda\/ca\/labora-impulsa-per-primera-vegada-formacio-especifica-en-economia-verda-i-construccio-per-a-respondre-a-la-demanda-de-les-empreses\/\" title=\"Labora impulsa per primera vegada formaci\u00f3 espec\u00edfica en economia verda i construcci\u00f3 per a respondre a la demanda de les empreses\">[+] <\/a><\/div>\n","protected":false},"author":12,"featured_media":253999,"comment_status":"closed","ping_status":"open","sticky":false,"template":"","format":"standard","meta":{"footnotes":""},"categories":[10898,10948,10894,10904,10947,10896],"tags":[11498,11485],"class_list":{"0":"post-298357","1":"post","2":"type-post","3":"status-publish","4":"format-standard","5":"has-post-thumbnail","7":"category-ventana-ca","8":"category-infraestructuras-ca","9":"category-la-comarca-ca","10":"category-sin-categorizar-ca","11":"category-politica","12":"category-seccion-ca","13":"tag-generalitat-valenciana-ca","14":"tag-labora-ca"},"_links":{"self":[{"href":"https:\/\/www.tucomarca.com\/wordpress\/segunda\/ca\/wp-json\/wp\/v2\/posts\/298357","targetHints":{"allow":["GET"]}}],"collection":[{"href":"https:\/\/www.tucomarca.com\/wordpress\/segunda\/ca\/wp-json\/wp\/v2\/posts"}],"about":[{"href":"https:\/\/www.tucomarca.com\/wordpress\/segunda\/ca\/wp-json\/wp\/v2\/types\/post"}],"author":[{"embeddable":true,"href":"https:\/\/www.tucomarca.com\/wordpress\/segunda\/ca\/wp-json\/wp\/v2\/users\/12"}],"replies":[{"embeddable":true,"href":"https:\/\/www.tucomarca.com\/wordpress\/segunda\/ca\/wp-json\/wp\/v2\/comments?post=298357"}],"version-history":[{"count":0,"href":"https:\/\/www.tucomarca.com\/wordpress\/segunda\/ca\/wp-json\/wp\/v2\/posts\/298357\/revisions"}],"wp:featuredmedia":[{"embeddable":true,"href":"https:\/\/www.tucomarca.com\/wordpress\/segunda\/ca\/wp-json\/wp\/v2\/media\/253999"}],"wp:attachment":[{"href":"https:\/\/www.tucomarca.com\/wordpress\/segunda\/ca\/wp-json\/wp\/v2\/media?parent=298357"}],"wp:term":[{"taxonomy":"category","embeddable":true,"href":"https:\/\/www.tucomarca.com\/wordpress\/segunda\/ca\/wp-json\/wp\/v2\/categories?post=298357"},{"taxonomy":"post_tag","embeddable":true,"href":"https:\/\/www.tucomarca.com\/wordpress\/segunda\/ca\/wp-json\/wp\/v2\/tags?post=298357"}],"curies":[{"name":"wp","href":"https:\/\/api.w.org\/{rel}","templated":true}]}}