{"id":298388,"date":"2026-04-08T20:00:00","date_gmt":"2026-04-08T18:00:00","guid":{"rendered":"https:\/\/www.tucomarca.com\/wordpress\/segunda\/?p=298388"},"modified":"2026-04-09T19:52:53","modified_gmt":"2026-04-09T17:52:53","slug":"labora-destina-16-milions-deuros-per-a-accions-formatives-dirigides-prioritariament-a-persones-treballadores","status":"publish","type":"post","link":"https:\/\/www.tucomarca.com\/wordpress\/segunda\/ca\/labora-destina-16-milions-deuros-per-a-accions-formatives-dirigides-prioritariament-a-persones-treballadores\/","title":{"rendered":"Labora destina 16 milions d\u2019euros per a accions formatives dirigides priorit\u00e0riament a persones treballadores"},"content":{"rendered":"\n<h3 class=\"wp-block-heading\">L\u2019objectiu \u00e9s millorar la qualificaci\u00f3 professional, l\u2019adaptaci\u00f3 als canvis del mercat laboral i la mobilitat.<\/h3>\n\n\n\n<h3 class=\"wp-block-heading\">Estes accions formatives s\u2019emmarquen en el Pla de formaci\u00f3 2026 de Labora, una estrat\u00e8gia dotada amb prop de 200 milions d\u2019euros que permetr\u00e0 oferir formaci\u00f3 a m\u00e9s de 58.000 persones.<\/h3>\n\n\n\n<p>Labora, el Servici Valenci\u00e0 d\u2019Ocupaci\u00f3 i Formaci\u00f3, ha publicat en el&nbsp;<a href=\"https:\/\/labora.gva.es\/va\/entitats-col-laboradores-de-formacio\/2026\/-\/asset_publisher\/5SwBcVKviIUd\/content\/solicitud-de-subvenciones-para-la-realizacion-de-acciones-formativas-conducentes-a-certificados-profesionales-y-dirigidas-prioritariamente-a-personas-?redirect=https%3A%2F%2Flabora.gva.es%2Fca%2Fentitats-col-laboradores-de-formacio%2F2026%3Fp_p_id%3D101_INSTANCE_5SwBcVKviIUd%26p_p_lifecycle%3D0%26p_p_state%3Dnormal%26p_p_mode%3Dview%26p_p_col_id%3D_118_INSTANCE_KMf3UKW4OKqX__column-2%26p_p_col_count%3D1\">Diari Oficial de la Generalitat Valenciana (DOGV)<\/a>&nbsp;la convocat\u00f2ria de subvencions destinades a entitats per a la realitzaci\u00f3 d\u2019accions formatives dirigides priorit\u00e0riament a persones treballadores ocupades en la Comunitat Valenciana, amb una dotaci\u00f3 de 16 milions d\u2019euros.<\/p>\n\n\n\n<p>Estes accions formatives tenen com a objectiu millorar la qualificaci\u00f3 professional de les persones treballadores, afavorir la seua adaptaci\u00f3 als canvis del mercat laboral i facilitar l\u2019actualitzaci\u00f3 permanent de les seues compet\u00e8ncies professionals.<\/p>\n\n\n\n<p>La convocat\u00f2ria establix que les accions formatives estaran dirigides priorit\u00e0riament a persones ocupades, encara que tamb\u00e9 podran participar persones desocupades fins a un determinat percentatge, amb la finalitat de millorar les seues oportunitats d\u2019inserci\u00f3 laboral.<\/p>\n\n\n\n<p><strong>Formaci\u00f3 cont\u00ednua per a millorar l\u2019ocupabilitat\u00a0<\/strong><\/p>\n\n\n\n<p>Estes accions formatives estan orientades a promoure la formaci\u00f3 cont\u00ednua, el reciclatge professional i l\u2019actualitzaci\u00f3 de coneixements de les persones treballadores de la Comunitat Valenciana, en un context de transformaci\u00f3 del mercat laboral i de canvis tecnol\u00f2gics i productius.<\/p>\n\n\n\n<p>La formaci\u00f3 t\u00e9 com a finalitat millorar l\u2019ocupabilitat de les persones treballadores, facilitar la seua mobilitat intersectorial i donar resposta a les necessitats de qualificaci\u00f3 dels sectors productius de la Comunitat Valenciana.<\/p>\n\n\n\n<p>Les accions formatives estaran relacionades amb sectors estrat\u00e8gics de l\u2019economia valenciana com la ind\u00fastria, la construcci\u00f3, el sector agroalimentari, el transport, el turisme i l\u2019hostaleria, la log\u00edstica, el comer\u00e7, la depend\u00e8ncia o la digitalitzaci\u00f3, entre altres.<\/p>\n\n\n\n<p><strong>Sol\u00b7licituds<\/strong><\/p>\n\n\n\n<p>Les entitats interessades hauran de presentar les sol\u00b7licituds de manera telem\u00e0tica, a trav\u00e9s de la Seu Electr\u00f2nica de la Generalitat o a trav\u00e9s de la web de Labora.<\/p>\n\n\n\n<p>Estes accions formatives s\u2019emmarquen en el Pla de formaci\u00f3 2026 de Labora, una estrat\u00e8gia dotada amb prop de 200 milions d\u2019euros que permetr\u00e0 desenrotllar m\u00e9s de 4.100 accions formatives i oferir formaci\u00f3 a m\u00e9s de 58.000 persones.<\/p>\n","protected":false},"excerpt":{"rendered":"<div class=\"mh-excerpt\">L\u2019objectiu \u00e9s millorar la qualificaci\u00f3 professional, l\u2019adaptaci\u00f3 als canvis del mercat laboral i la mobilitat. Estes accions formatives s\u2019emmarquen en el Pla de formaci\u00f3 2026 de Labora, una estrat\u00e8gia dotada amb prop de 200 milions <a class=\"mh-excerpt-more\" href=\"https:\/\/www.tucomarca.com\/wordpress\/segunda\/ca\/labora-destina-16-milions-deuros-per-a-accions-formatives-dirigides-prioritariament-a-persones-treballadores\/\" title=\"Labora destina 16 milions d\u2019euros per a accions formatives dirigides priorit\u00e0riament a persones treballadores\">[+] <\/a><\/div>\n","protected":false},"author":1,"featured_media":148122,"comment_status":"closed","ping_status":"open","sticky":false,"template":"","format":"standard","meta":{"footnotes":""},"categories":[10898,10948,10894,10904,10947,10896],"tags":[11199,11485],"class_list":{"0":"post-298388","1":"post","2":"type-post","3":"status-publish","4":"format-standard","5":"has-post-thumbnail","7":"category-ventana-ca","8":"category-infraestructuras-ca","9":"category-la-comarca-ca","10":"category-sin-categorizar-ca","11":"category-politica","12":"category-seccion-ca","13":"tag-la-comunitat-ca","14":"tag-labora-ca"},"_links":{"self":[{"href":"https:\/\/www.tucomarca.com\/wordpress\/segunda\/ca\/wp-json\/wp\/v2\/posts\/298388","targetHints":{"allow":["GET"]}}],"collection":[{"href":"https:\/\/www.tucomarca.com\/wordpress\/segunda\/ca\/wp-json\/wp\/v2\/posts"}],"about":[{"href":"https:\/\/www.tucomarca.com\/wordpress\/segunda\/ca\/wp-json\/wp\/v2\/types\/post"}],"author":[{"embeddable":true,"href":"https:\/\/www.tucomarca.com\/wordpress\/segunda\/ca\/wp-json\/wp\/v2\/users\/1"}],"replies":[{"embeddable":true,"href":"https:\/\/www.tucomarca.com\/wordpress\/segunda\/ca\/wp-json\/wp\/v2\/comments?post=298388"}],"version-history":[{"count":0,"href":"https:\/\/www.tucomarca.com\/wordpress\/segunda\/ca\/wp-json\/wp\/v2\/posts\/298388\/revisions"}],"wp:featuredmedia":[{"embeddable":true,"href":"https:\/\/www.tucomarca.com\/wordpress\/segunda\/ca\/wp-json\/wp\/v2\/media\/148122"}],"wp:attachment":[{"href":"https:\/\/www.tucomarca.com\/wordpress\/segunda\/ca\/wp-json\/wp\/v2\/media?parent=298388"}],"wp:term":[{"taxonomy":"category","embeddable":true,"href":"https:\/\/www.tucomarca.com\/wordpress\/segunda\/ca\/wp-json\/wp\/v2\/categories?post=298388"},{"taxonomy":"post_tag","embeddable":true,"href":"https:\/\/www.tucomarca.com\/wordpress\/segunda\/ca\/wp-json\/wp\/v2\/tags?post=298388"}],"curies":[{"name":"wp","href":"https:\/\/api.w.org\/{rel}","templated":true}]}}