{"id":298431,"date":"2026-04-10T09:30:00","date_gmt":"2026-04-10T07:30:00","guid":{"rendered":"https:\/\/www.tucomarca.com\/wordpress\/segunda\/?p=298431"},"modified":"2026-04-10T19:55:07","modified_gmt":"2026-04-10T17:55:07","slug":"bellamarina-covinas-destapa-el-seu-ultim-llancament-a-la-mostra-proava","status":"publish","type":"post","link":"https:\/\/www.tucomarca.com\/wordpress\/segunda\/ca\/bellamarina-covinas-destapa-el-seu-ultim-llancament-a-la-mostra-proava\/","title":{"rendered":"Bellamarina: Covi\u00f1as destapa el seu \u00faltim llan\u00e7ament a la Mostra PROAVA"},"content":{"rendered":"\n<h3 class=\"wp-block-heading\">Un blanc i un rosat vers\u00e0tils, frescos, elegants i amb personalitat.<\/h3>\n\n\n\n<h3 class=\"wp-block-heading\">Triple celebraci\u00f3 del celler en este esdeveniment. Junt amb la presentaci\u00f3 oficial d\u2019esta nova gamma, el seu Cava AULA Semi-Seco ha sigut guardonat en l\u2019XI Concurs Oficial de Vins de la Comunitat Valenciana i el seu ferm comprom\u00eds amb la sostenibilitat ha sigut reconegut amb el Premi Cajamar.<\/h3>\n\n\n\n<p>Covi\u00f1as ha presentat oficialment el seu \u00faltim projecte enol\u00f2gic: BELLAMARINA a la Mostra PROAVA, que s\u2019ha inaugurat hui i es desenvolupar\u00e0 fins al pr\u00f2xim 13 d\u2019abril al Jard\u00ed del T\u00faria (entre el pont de l\u2019Exposici\u00f3 i el pont de les Flors). El celler referent de la Denominaci\u00f3 d\u2019Origen Utiel-Requena suma amb este llan\u00e7ament un nou fita en el seu comprom\u00eds amb l\u2019elaboraci\u00f3 de vins que connecten amb tots els perfils de consumidors.<\/p>\n\n\n\n<p>Un blanc i un rosat que naixen d\u2019un proc\u00e9s de creaci\u00f3 amb total llibertat enol\u00f2gica. Elaborats amb una selecci\u00f3 de ra\u00efms mediterranis, sense Denominaci\u00f3 d\u2019Origen ni varietal declarat, per a centrar-se en all\u00f2 essencial: frescor, equilibri i plaer. Dues refer\u00e8ncies, amb una est\u00e8tica actual, disseny estilitzat i minimalista en tonalitats empolsades, pensades per a seduir a primera vista i conquistar al primer glop.<\/p>\n\n\n\n<p>Sofisticaci\u00f3 sense excessos en una gamma que convertix el luxe en accessible, quotidi\u00e0 i disfrutable, dirigida a un p\u00fablic urb\u00e0 i social, atent a les tend\u00e8ncies i que aposta per vins vers\u00e0tils, elegants i amb personalitat. Aix\u00ed \u00e9s BELLAMARINA.<\/p>\n\n\n\n<p><strong>BELLAMARINA Blanc<\/strong><\/p>\n\n\n\n<p>Frescor, equilibri i lleugeresa mediterr\u00e0nia, amb sabors c\u00edtrics i fruitals que s\u2019entrellacen amb una delicada sensaci\u00f3 mineral i conviden a disfrutar. Perfecte per a maridar amb sushi, peixos, marisc, arrossos mediterranis o ensalades fresques. Tamb\u00e9 com a aperitiu en moments de terraceig o trobades informals.<\/p>\n\n\n\n<p><strong>BELLAMARINA Rosat<\/strong><\/p>\n\n\n\n<p>Refrescant i sed\u00f3s, de cos lleuger, amb sabors fruitals equilibrats: notes de maduixa fresca, bresquilla blanca i flors silvestres que evoquen els rosats proven\u00e7als. Excel\u00b7lent acompanyament per a aperitius, plats mediterranis lleugers, ensalades, arrossos o cuina marinera. Per a assaborir en moments distesos i en reunions sense etiquetes ni formalismes.<\/p>\n\n\n\n<figure class=\"wp-block-gallery has-nested-images columns-default is-cropped wp-block-gallery-1 is-layout-flex wp-block-gallery-is-layout-flex\">\n<figure class=\"wp-block-image size-large\"><img loading=\"lazy\" decoding=\"async\" width=\"768\" height=\"1024\" data-id=\"298418\" src=\"https:\/\/www.tucomarca.com\/wordpress\/segunda\/wp-content\/uploads\/2026\/04\/BELLAMARINACovinas-768x1024.jpg\" alt=\"\" class=\"wp-image-298418\" srcset=\"https:\/\/www.tucomarca.com\/wordpress\/segunda\/wp-content\/uploads\/2026\/04\/BELLAMARINACovinas-768x1024.jpg 768w, https:\/\/www.tucomarca.com\/wordpress\/segunda\/wp-content\/uploads\/2026\/04\/BELLAMARINACovinas-225x300.jpg 225w, https:\/\/www.tucomarca.com\/wordpress\/segunda\/wp-content\/uploads\/2026\/04\/BELLAMARINACovinas.jpg 886w\" sizes=\"auto, (max-width: 768px) 100vw, 768px\" \/><\/figure>\n\n\n\n<figure class=\"wp-block-image size-large\"><img loading=\"lazy\" decoding=\"async\" width=\"768\" height=\"1024\" data-id=\"298420\" src=\"https:\/\/www.tucomarca.com\/wordpress\/segunda\/wp-content\/uploads\/2026\/04\/CAVAAULASEMI-SECOCovinas-768x1024.jpg\" alt=\"\" class=\"wp-image-298420\" srcset=\"https:\/\/www.tucomarca.com\/wordpress\/segunda\/wp-content\/uploads\/2026\/04\/CAVAAULASEMI-SECOCovinas-768x1024.jpg 768w, https:\/\/www.tucomarca.com\/wordpress\/segunda\/wp-content\/uploads\/2026\/04\/CAVAAULASEMI-SECOCovinas-225x300.jpg 225w, https:\/\/www.tucomarca.com\/wordpress\/segunda\/wp-content\/uploads\/2026\/04\/CAVAAULASEMI-SECOCovinas.jpg 886w\" sizes=\"auto, (max-width: 768px) 100vw, 768px\" \/><\/figure>\n<\/figure>\n\n\n\n<p><strong>Covi\u00f1as: tradici\u00f3, innovaci\u00f3 i diversitat<\/strong><\/p>\n\n\n\n<p>Junt amb BELLAMARINA, en l\u2019estand de Covi\u00f1as a la Mostra PROAVA es descorcharan les seues refer\u00e8ncies m\u00e9s emblem\u00e0tiques i les novetats que el celler ha anat incorporant al seu portfoli. Tradici\u00f3, innovaci\u00f3 i diversitat. Una mostra vibrant de vins i caves que reflectixen la pluralitat de prefer\u00e8ncies i formes de viure l\u2019experi\u00e8ncia del vi que conviuen en l\u2019actualitat. Un espai en el qual degustar tamb\u00e9 el Cava AULA Semi-Seco, la qualitat del qual ha sigut reconeguda amb la Medalla de Bronze en la seua categoria en l\u2019XI Concurs Oficial de Vins de la Comunitat Valenciana.<\/p>\n\n\n\n<p><strong>Premi Cajamar a la Sostenibilitat: Covi\u00f1as cuida la terra i la seua gent<\/strong><\/p>\n\n\n\n<p>El ferm comprom\u00eds de Covi\u00f1as amb la sostenibilitat, el territori i la seua gent tamb\u00e9 ha sigut reconegut a la Mostra amb el Premi Cajamar a la Sostenibilitat. Consolidada com a motor socioecon\u00f2mic de la comarca Requena-Utiel, el celler representa m\u00e9s de 3.000 fam\u00edlies de viticultors que treballen en equilibri i harmonia amb la naturalesa. Amb un enfocament que aposta per adaptar la seua activitat a l\u2019evoluci\u00f3 del canvi clim\u00e0tic i reduir la seua petjada de carboni, el celler desenvolupa pr\u00e0ctiques sostenibles en totes les \u00e0rees d\u2019activitat (viticultura, elaboraci\u00f3, comercialitzaci\u00f3 i distribuci\u00f3), implementant programes que contribu\u00efxen a regenerar i millorar el seu entorn. \u201cSom garants d\u2019un llegat que volem transmetre a les pr\u00f2ximes generacions. La sostenibilitat de les nostres vinyes, algunes centen\u00e0ries, i el futur dels nostres agricultors marquen el nostre full de ruta\u201d, ha assenyalat el director general de Covi\u00f1as, Jorge Srougi.<\/p>\n\n\n\n<p>Despr\u00e9s de mostrar el seu agra\u00efment i satisfacci\u00f3 pels dos reconeixements, ha destacat: \u201cEl nostre estand a la Mostra projecta la diversitat de la nostra oferta, que reflectix respecte a la tradici\u00f3, aposta per la innovaci\u00f3 i capacitat d\u2019adaptaci\u00f3 a les tend\u00e8ncies del mercat. Vins i caves per a perfils de consum diferenciats, que compartixen un denominador com\u00fa: autenticitat i car\u00e0cter territorial\u201d.<\/p>\n","protected":false},"excerpt":{"rendered":"<div class=\"mh-excerpt\">Un blanc i un rosat vers\u00e0tils, frescos, elegants i amb personalitat. Triple celebraci\u00f3 del celler en este esdeveniment. Junt amb la presentaci\u00f3 oficial d\u2019esta nova gamma, el seu Cava AULA Semi-Seco ha sigut guardonat en <a class=\"mh-excerpt-more\" href=\"https:\/\/www.tucomarca.com\/wordpress\/segunda\/ca\/bellamarina-covinas-destapa-el-seu-ultim-llancament-a-la-mostra-proava\/\" title=\"Bellamarina: Covi\u00f1as destapa el seu \u00faltim llan\u00e7ament a la Mostra PROAVA\">[+] <\/a><\/div>\n","protected":false},"author":12,"featured_media":298423,"comment_status":"closed","ping_status":"open","sticky":false,"template":"","format":"standard","meta":{"footnotes":""},"categories":[11006,10894,10904,11007,10908,10909,10896],"tags":[20589,10910],"class_list":{"0":"post-298431","1":"post","2":"type-post","3":"status-publish","4":"format-standard","5":"has-post-thumbnail","7":"category-canal-vinos","8":"category-la-comarca-ca","9":"category-sin-categorizar-ca","10":"category-ocio-y-cultura-ca","11":"category-requena-ca","12":"category-requena-utiel-ca","13":"category-seccion-ca","14":"tag-bodegas-covinas-ca","15":"tag-requena-utiel-ca"},"_links":{"self":[{"href":"https:\/\/www.tucomarca.com\/wordpress\/segunda\/ca\/wp-json\/wp\/v2\/posts\/298431","targetHints":{"allow":["GET"]}}],"collection":[{"href":"https:\/\/www.tucomarca.com\/wordpress\/segunda\/ca\/wp-json\/wp\/v2\/posts"}],"about":[{"href":"https:\/\/www.tucomarca.com\/wordpress\/segunda\/ca\/wp-json\/wp\/v2\/types\/post"}],"author":[{"embeddable":true,"href":"https:\/\/www.tucomarca.com\/wordpress\/segunda\/ca\/wp-json\/wp\/v2\/users\/12"}],"replies":[{"embeddable":true,"href":"https:\/\/www.tucomarca.com\/wordpress\/segunda\/ca\/wp-json\/wp\/v2\/comments?post=298431"}],"version-history":[{"count":0,"href":"https:\/\/www.tucomarca.com\/wordpress\/segunda\/ca\/wp-json\/wp\/v2\/posts\/298431\/revisions"}],"wp:featuredmedia":[{"embeddable":true,"href":"https:\/\/www.tucomarca.com\/wordpress\/segunda\/ca\/wp-json\/wp\/v2\/media\/298423"}],"wp:attachment":[{"href":"https:\/\/www.tucomarca.com\/wordpress\/segunda\/ca\/wp-json\/wp\/v2\/media?parent=298431"}],"wp:term":[{"taxonomy":"category","embeddable":true,"href":"https:\/\/www.tucomarca.com\/wordpress\/segunda\/ca\/wp-json\/wp\/v2\/categories?post=298431"},{"taxonomy":"post_tag","embeddable":true,"href":"https:\/\/www.tucomarca.com\/wordpress\/segunda\/ca\/wp-json\/wp\/v2\/tags?post=298431"}],"curies":[{"name":"wp","href":"https:\/\/api.w.org\/{rel}","templated":true}]}}