{"id":298440,"date":"2026-04-10T09:00:00","date_gmt":"2026-04-10T07:00:00","guid":{"rendered":"https:\/\/www.tucomarca.com\/wordpress\/segunda\/?p=298440"},"modified":"2026-04-10T19:45:35","modified_gmt":"2026-04-10T17:45:35","slug":"el-circuit-ricardo-tormo-celebra-este-cap-de-setmana-lepic-napa-racing-weekend","status":"publish","type":"post","link":"https:\/\/www.tucomarca.com\/wordpress\/segunda\/ca\/el-circuit-ricardo-tormo-celebra-este-cap-de-setmana-lepic-napa-racing-weekend\/","title":{"rendered":"El Circuit Ricardo Tormo celebra este cap de setmana l\u2019\u2018Epic NAPA Racing Weekend\u2019"},"content":{"rendered":"\n<h3 class=\"wp-block-heading\">Els aficionats tindran entrada lliure amb p\u00e0doc obert i quatre categories en competici\u00f3.<\/h3>\n\n\n\n<h3 class=\"wp-block-heading\">La F\u00f3rmula 4, la Toyota GR Cup, el GT-CET i el regional valenci\u00e0 protagonitzen un intens programa esportiu.<\/h3>\n\n\n\n<p>El Circuit Ricardo Tormo acull este cap de setmana, 11 i 12 d\u2019abril, l\u2019\u2018Epic NAPA Racing Weekend\u2019, una cita que servir\u00e0 per a donar el tret d\u2019eixida a la temporada d\u2019automobilisme en circuits amb algunes de les categories m\u00e9s destacades del panorama nacional.<\/p>\n\n\n\n<p>El programa esportiu inclou l\u2019inici de la temporada del Campionat d\u2019Espanya de F\u00f3rmula 4, la Toyota GR Cup Spain, el GT-CET i el Campionat de Velocitat de la Comunitat Valenciana, el Campionat Regional Valenci\u00e0 d\u2019Automobilisme.<\/p>\n\n\n\n<p>La F\u00f3rmula 4 afrontar\u00e0 dos m\u00e0negues el dissabte, una de 30 minuts i una altra de 25, mentres que la Toyota GR Cup i el GT-CET celebraran una carrera en esta primera jornada. El diumenge concentrar\u00e0 la part decisiva del cap de setmana, amb les carreres finals de totes les categories, que permetran definir als primers vencedors de la temporada.<\/p>\n\n\n\n<p>Despr\u00e9s de diversos anys d\u2019experi\u00e8ncia organitzant competicions d\u2019alt nivell, \u2018EPIC Championships\u2019 pren el relleu del \u2018Racing Weekend\u2019 amb l\u2019objectiu de consolidar una proposta que combina esport, desenrotllament de talent i esdeveniments oberts a nous p\u00fablics. El calendari 2026 comptar\u00e0 amb cinc cites a Cheste, Alca\u00f1\u00edz, Jerez, Navarra i Montmel\u00f3.<\/p>\n\n\n\n<p><strong>Marta Garc\u00eda correr\u00e0 la Toyota GR Cup<\/strong><\/p>\n\n\n\n<p>Dins de l\u2019\u2018Epic NAPA Racing Weekend\u2019, la Toyota GR Cup Spain viur\u00e0 en el Circuit Ricardo Tormo el seu segon esdeveniment de la temporada. La cita comptar\u00e0 amb la participaci\u00f3 com a convidada de la valenciana Marta Garc\u00eda, primera campiona de la hist\u00f2ria de l\u2019F1 Academy, que disputar\u00e0 les dos carreres del cap de setmana en el Circuit. El campionat arriba marcat per la igualtat despr\u00e9s de la prova inaugural, amb Marco Aguilera i Sandro P\u00e9rez empatats al capdavant de la classificaci\u00f3 general.<\/p>\n\n\n\n<p>A m\u00e9s de la F\u00f3rmula 4 i de la Toyota GR Cup els GT i els turismes eixiran a la pista en el Campionat d\u2019Espanya de Resist\u00e8ncia i GT i en el Campionat de Velocitat de la Comunitat Valenciana organitzat per la federaci\u00f3 auton\u00f2mica d\u2019automobilisme.<\/p>\n\n\n\n<p>Els aficionats tindran acc\u00e9s gratu\u00eft al p\u00e0doc i la tribuna de boxs que rebr\u00e0 la visita de milers de convidats de la firma NAPA, principal patrocinador de l\u2019esdeveniment.<\/p>\n","protected":false},"excerpt":{"rendered":"<div class=\"mh-excerpt\">Els aficionats tindran entrada lliure amb p\u00e0doc obert i quatre categories en competici\u00f3. La F\u00f3rmula 4, la Toyota GR Cup, el GT-CET i el regional valenci\u00e0 protagonitzen un intens programa esportiu. El Circuit Ricardo Tormo <a class=\"mh-excerpt-more\" href=\"https:\/\/www.tucomarca.com\/wordpress\/segunda\/ca\/el-circuit-ricardo-tormo-celebra-este-cap-de-setmana-lepic-napa-racing-weekend\/\" title=\"El Circuit Ricardo Tormo celebra este cap de setmana l\u2019\u2018Epic NAPA Racing Weekend\u2019\">[+] <\/a><\/div>\n","protected":false},"author":12,"featured_media":298436,"comment_status":"closed","ping_status":"open","sticky":false,"template":"","format":"standard","meta":{"footnotes":""},"categories":[11019,11017,11003,10894,10904,10912,10896,10974],"tags":[11071,12173,10914],"class_list":{"0":"post-298440","1":"post","2":"type-post","3":"status-publish","4":"format-standard","5":"has-post-thumbnail","7":"category-agenda-ca","8":"category-automovilismo-ca","9":"category-sports","10":"category-la-comarca-ca","11":"category-sin-categorizar-ca","12":"category-la-hoya-ca","13":"category-seccion-ca","14":"category-cheste-ca","15":"tag-cheste","16":"tag-circuito-ricardo-tormo-ca","17":"tag-la-hoya-de-bunol-chiva-ca"},"_links":{"self":[{"href":"https:\/\/www.tucomarca.com\/wordpress\/segunda\/ca\/wp-json\/wp\/v2\/posts\/298440","targetHints":{"allow":["GET"]}}],"collection":[{"href":"https:\/\/www.tucomarca.com\/wordpress\/segunda\/ca\/wp-json\/wp\/v2\/posts"}],"about":[{"href":"https:\/\/www.tucomarca.com\/wordpress\/segunda\/ca\/wp-json\/wp\/v2\/types\/post"}],"author":[{"embeddable":true,"href":"https:\/\/www.tucomarca.com\/wordpress\/segunda\/ca\/wp-json\/wp\/v2\/users\/12"}],"replies":[{"embeddable":true,"href":"https:\/\/www.tucomarca.com\/wordpress\/segunda\/ca\/wp-json\/wp\/v2\/comments?post=298440"}],"version-history":[{"count":0,"href":"https:\/\/www.tucomarca.com\/wordpress\/segunda\/ca\/wp-json\/wp\/v2\/posts\/298440\/revisions"}],"wp:featuredmedia":[{"embeddable":true,"href":"https:\/\/www.tucomarca.com\/wordpress\/segunda\/ca\/wp-json\/wp\/v2\/media\/298436"}],"wp:attachment":[{"href":"https:\/\/www.tucomarca.com\/wordpress\/segunda\/ca\/wp-json\/wp\/v2\/media?parent=298440"}],"wp:term":[{"taxonomy":"category","embeddable":true,"href":"https:\/\/www.tucomarca.com\/wordpress\/segunda\/ca\/wp-json\/wp\/v2\/categories?post=298440"},{"taxonomy":"post_tag","embeddable":true,"href":"https:\/\/www.tucomarca.com\/wordpress\/segunda\/ca\/wp-json\/wp\/v2\/tags?post=298440"}],"curies":[{"name":"wp","href":"https:\/\/api.w.org\/{rel}","templated":true}]}}