{"id":298445,"date":"2026-04-10T12:45:00","date_gmt":"2026-04-10T10:45:00","guid":{"rendered":"https:\/\/www.tucomarca.com\/wordpress\/segunda\/?p=298445"},"modified":"2026-04-10T20:04:14","modified_gmt":"2026-04-10T18:04:14","slug":"la-guardia-civil-dete-als-lladres-de-14-000-metres-de-cablejat-a-aiora","status":"publish","type":"post","link":"https:\/\/www.tucomarca.com\/wordpress\/segunda\/ca\/la-guardia-civil-dete-als-lladres-de-14-000-metres-de-cablejat-a-aiora\/","title":{"rendered":"La Gu\u00e0rdia Civil det\u00e9 als lladres de 14.000 metres de cablejat a Aiora"},"content":{"rendered":"\n<p>Diversos robatoris a l&#8217;interior de camps fotovoltaics a Aiora van fer sospitar als agents de la Gu\u00e0rdia Civil que podia tractar-se d&#8217;un grup criminal que, amb id\u00e8ntic modus operandi, es dedicava a robar coure per eixa zona.<\/p>\n\n\n\n<p>Es van establir una s\u00e8rie de punts de verificaci\u00f3 en els possibles llocs de pas dels autors. Aix\u00ed \u00e9s com s&#8217;aconsegueix la identificaci\u00f3 d&#8217;una furgoneta amb quatre ocupants que contenia en el seu interior diverses bobines de coure (14.000 metres de clabeado).<\/p>\n\n\n\n<p>Les posteriors gestions d&#8217;investigaci\u00f3 van permetre esclarir un altre fet delictiu succe\u00eft al novembre de 2025 a Utiel. Els mateixos autors van emprar una furgoneta llogada amb dades i documentaci\u00f3 falsificada per a tractar de sostraure un corr\u00f3 premsador.<\/p>\n\n\n\n<p>Els quatre autors, homes d&#8217;entre 24 i 49 anys d&#8217;edat van ser detinguts el 26 de febrer. Per tots dos fets se&#8217;ls imputen els delictes de furt, apropiaci\u00f3 indeguda, usurpaci\u00f3, robatori amb for\u00e7a en les coses i pertinen\u00e7a a organitzaci\u00f3 criminal.<\/p>\n\n\n\n<p>Dels fets coneix la Secci\u00f3 Civil i d&#8217;Instrucci\u00f3 del Tribunal de Requena, pla\u00e7a n\u00famero 2.<\/p>\n","protected":false},"excerpt":{"rendered":"<div class=\"mh-excerpt\">Diversos robatoris a l&#8217;interior de camps fotovoltaics a Aiora van fer sospitar als agents de la Gu\u00e0rdia Civil que podia tractar-se d&#8217;un grup criminal que, amb id\u00e8ntic modus operandi, es dedicava a robar coure per <a class=\"mh-excerpt-more\" href=\"https:\/\/www.tucomarca.com\/wordpress\/segunda\/ca\/la-guardia-civil-dete-als-lladres-de-14-000-metres-de-cablejat-a-aiora\/\" title=\"La Gu\u00e0rdia Civil det\u00e9 als lladres de 14.000 metres de cablejat a Aiora\">[+] <\/a><\/div>\n","protected":false},"author":12,"featured_media":163835,"comment_status":"closed","ping_status":"open","sticky":false,"template":"","format":"standard","meta":{"footnotes":""},"categories":[10954,10951,10898,10948,10894,10896,10897],"tags":[11163,16189,11118,11440],"class_list":{"0":"post-298445","1":"post","2":"type-post","3":"status-publish","4":"format-standard","5":"has-post-thumbnail","7":"category-ayora-ca","8":"category-ayora-cofrentes-ca","9":"category-ventana-ca","10":"category-infraestructuras-ca","11":"category-la-comarca-ca","12":"category-seccion-ca","13":"category-sucesos-la-comarca-ca","14":"tag-ayora-ca","15":"tag-cable-cobre-ca","16":"tag-guardia-civil-ca","17":"tag-valle-de-ayora-cofrentes-ca"},"_links":{"self":[{"href":"https:\/\/www.tucomarca.com\/wordpress\/segunda\/ca\/wp-json\/wp\/v2\/posts\/298445","targetHints":{"allow":["GET"]}}],"collection":[{"href":"https:\/\/www.tucomarca.com\/wordpress\/segunda\/ca\/wp-json\/wp\/v2\/posts"}],"about":[{"href":"https:\/\/www.tucomarca.com\/wordpress\/segunda\/ca\/wp-json\/wp\/v2\/types\/post"}],"author":[{"embeddable":true,"href":"https:\/\/www.tucomarca.com\/wordpress\/segunda\/ca\/wp-json\/wp\/v2\/users\/12"}],"replies":[{"embeddable":true,"href":"https:\/\/www.tucomarca.com\/wordpress\/segunda\/ca\/wp-json\/wp\/v2\/comments?post=298445"}],"version-history":[{"count":0,"href":"https:\/\/www.tucomarca.com\/wordpress\/segunda\/ca\/wp-json\/wp\/v2\/posts\/298445\/revisions"}],"wp:featuredmedia":[{"embeddable":true,"href":"https:\/\/www.tucomarca.com\/wordpress\/segunda\/ca\/wp-json\/wp\/v2\/media\/163835"}],"wp:attachment":[{"href":"https:\/\/www.tucomarca.com\/wordpress\/segunda\/ca\/wp-json\/wp\/v2\/media?parent=298445"}],"wp:term":[{"taxonomy":"category","embeddable":true,"href":"https:\/\/www.tucomarca.com\/wordpress\/segunda\/ca\/wp-json\/wp\/v2\/categories?post=298445"},{"taxonomy":"post_tag","embeddable":true,"href":"https:\/\/www.tucomarca.com\/wordpress\/segunda\/ca\/wp-json\/wp\/v2\/tags?post=298445"}],"curies":[{"name":"wp","href":"https:\/\/api.w.org\/{rel}","templated":true}]}}