{"id":298462,"date":"2026-04-10T12:30:00","date_gmt":"2026-04-10T10:30:00","guid":{"rendered":"https:\/\/www.tucomarca.com\/wordpress\/segunda\/?p=298462"},"modified":"2026-04-10T20:00:51","modified_gmt":"2026-04-10T18:00:51","slug":"els-bombers-rescaten-quatre-gats-i-un-hamster-en-el-incendi-duna-vivenda-a-alzira","status":"publish","type":"post","link":"https:\/\/www.tucomarca.com\/wordpress\/segunda\/ca\/els-bombers-rescaten-quatre-gats-i-un-hamster-en-el-incendi-duna-vivenda-a-alzira\/","title":{"rendered":"Els bombers rescaten quatre gats i un h\u00e0mster en el incendi d&#8217;una vivenda a Alzira"},"content":{"rendered":"\n<p>Efectius del Consorci Provincial de Bombers de Val\u00e8ncia han intervingut este dimarts en un incendi declarat en una vivenda d\u2019<strong>Alzira<\/strong>, sense que s\u2019hagen registrat danys personals.<\/p>\n\n\n\n<p>El foc es va originar a les <strong>10:33 hores<\/strong> en un pis situat al carrer <strong>Josep Maria Llopico<\/strong>, fins on es van despla\u00e7ar <strong>quatre dotacions dels parcs d\u2019Alzira i Cullera<\/strong>, junt amb un sergent del parc d\u2019Alzira i suport del grup de rescat <strong>GERA<\/strong>.<\/p>\n\n\n\n<p>Encara que l\u2019incendi no va causar ferits, els bombers van haver d\u2019actuar a l\u2019interior de la vivenda, que es trobava <strong>completament inundada de fum<\/strong>, per a rescatar els animals que es trobaven dins.<\/p>\n\n\n\n<p>En total, els efectius van aconseguir traure amb vida <strong>quatre gats i un h\u00e0mster<\/strong>, evitant aix\u00ed conseq\u00fc\u00e8ncies fatals per a les mascotes.<\/p>\n\n\n\n<p>La r\u00e0pida intervenci\u00f3 va permetre controlar la situaci\u00f3 i evitar que l\u2019incendi tinguera majors conseq\u00fc\u00e8ncies.<\/p>\n\n\n\n<figure class=\"wp-block-gallery has-nested-images columns-2 is-cropped wp-block-gallery-1 is-layout-flex wp-block-gallery-is-layout-flex\">\n<figure class=\"wp-block-image size-large\"><img loading=\"lazy\" decoding=\"async\" width=\"819\" height=\"1024\" data-id=\"298455\" src=\"https:\/\/www.tucomarca.com\/wordpress\/segunda\/wp-content\/uploads\/2026\/04\/BomberosGato3-819x1024.jpg\" alt=\"\" class=\"wp-image-298455\" srcset=\"https:\/\/www.tucomarca.com\/wordpress\/segunda\/wp-content\/uploads\/2026\/04\/BomberosGato3-819x1024.jpg 819w, https:\/\/www.tucomarca.com\/wordpress\/segunda\/wp-content\/uploads\/2026\/04\/BomberosGato3-240x300.jpg 240w, https:\/\/www.tucomarca.com\/wordpress\/segunda\/wp-content\/uploads\/2026\/04\/BomberosGato3-768x960.jpg 768w, https:\/\/www.tucomarca.com\/wordpress\/segunda\/wp-content\/uploads\/2026\/04\/BomberosGato3.jpg 945w\" sizes=\"auto, (max-width: 819px) 100vw, 819px\" \/><\/figure>\n\n\n\n<figure class=\"wp-block-image size-large\"><img loading=\"lazy\" decoding=\"async\" width=\"819\" height=\"1024\" data-id=\"298457\" src=\"https:\/\/www.tucomarca.com\/wordpress\/segunda\/wp-content\/uploads\/2026\/04\/BomberosGato4-819x1024.jpg\" alt=\"\" class=\"wp-image-298457\" srcset=\"https:\/\/www.tucomarca.com\/wordpress\/segunda\/wp-content\/uploads\/2026\/04\/BomberosGato4-819x1024.jpg 819w, https:\/\/www.tucomarca.com\/wordpress\/segunda\/wp-content\/uploads\/2026\/04\/BomberosGato4-240x300.jpg 240w, https:\/\/www.tucomarca.com\/wordpress\/segunda\/wp-content\/uploads\/2026\/04\/BomberosGato4-768x960.jpg 768w, https:\/\/www.tucomarca.com\/wordpress\/segunda\/wp-content\/uploads\/2026\/04\/BomberosGato4.jpg 945w\" sizes=\"auto, (max-width: 819px) 100vw, 819px\" \/><\/figure>\n\n\n\n<figure class=\"wp-block-image size-large\"><img loading=\"lazy\" decoding=\"async\" width=\"945\" height=\"664\" data-id=\"298453\" src=\"https:\/\/www.tucomarca.com\/wordpress\/segunda\/wp-content\/uploads\/2026\/04\/BomberosGato2.jpg\" alt=\"\" class=\"wp-image-298453\" srcset=\"https:\/\/www.tucomarca.com\/wordpress\/segunda\/wp-content\/uploads\/2026\/04\/BomberosGato2.jpg 945w, https:\/\/www.tucomarca.com\/wordpress\/segunda\/wp-content\/uploads\/2026\/04\/BomberosGato2-300x211.jpg 300w, https:\/\/www.tucomarca.com\/wordpress\/segunda\/wp-content\/uploads\/2026\/04\/BomberosGato2-768x540.jpg 768w\" sizes=\"auto, (max-width: 945px) 100vw, 945px\" \/><\/figure>\n<\/figure>\n","protected":false},"excerpt":{"rendered":"<div class=\"mh-excerpt\">Efectius del Consorci Provincial de Bombers de Val\u00e8ncia han intervingut este dimarts en un incendi declarat en una vivenda d\u2019Alzira, sense que s\u2019hagen registrat danys personals. El foc es va originar a les 10:33 hores <a class=\"mh-excerpt-more\" href=\"https:\/\/www.tucomarca.com\/wordpress\/segunda\/ca\/els-bombers-rescaten-quatre-gats-i-un-hamster-en-el-incendi-duna-vivenda-a-alzira\/\" title=\"Els bombers rescaten quatre gats i un h\u00e0mster en el incendi d&#8217;una vivenda a Alzira\">[+] <\/a><\/div>\n","protected":false},"author":12,"featured_media":298452,"comment_status":"closed","ping_status":"open","sticky":false,"template":"","format":"gallery","meta":{"footnotes":""},"categories":[10889,10898,10894,10902,10896,10897],"tags":[11192,20509,11356],"class_list":{"0":"post-298462","1":"post","2":"type-post","3":"status-publish","4":"format-gallery","5":"has-post-thumbnail","7":"category-alzira-cat","8":"category-ventana-ca","9":"category-la-comarca-ca","10":"category-la-ribera-ca","11":"category-seccion-ca","12":"category-sucesos-la-comarca-ca","13":"tag-alzira-ca","14":"tag-consorcio-de-bomberos-de-valencia-ca","15":"tag-ribera-alta-ca","16":"post_format-post-format-gallery"},"_links":{"self":[{"href":"https:\/\/www.tucomarca.com\/wordpress\/segunda\/ca\/wp-json\/wp\/v2\/posts\/298462","targetHints":{"allow":["GET"]}}],"collection":[{"href":"https:\/\/www.tucomarca.com\/wordpress\/segunda\/ca\/wp-json\/wp\/v2\/posts"}],"about":[{"href":"https:\/\/www.tucomarca.com\/wordpress\/segunda\/ca\/wp-json\/wp\/v2\/types\/post"}],"author":[{"embeddable":true,"href":"https:\/\/www.tucomarca.com\/wordpress\/segunda\/ca\/wp-json\/wp\/v2\/users\/12"}],"replies":[{"embeddable":true,"href":"https:\/\/www.tucomarca.com\/wordpress\/segunda\/ca\/wp-json\/wp\/v2\/comments?post=298462"}],"version-history":[{"count":0,"href":"https:\/\/www.tucomarca.com\/wordpress\/segunda\/ca\/wp-json\/wp\/v2\/posts\/298462\/revisions"}],"wp:featuredmedia":[{"embeddable":true,"href":"https:\/\/www.tucomarca.com\/wordpress\/segunda\/ca\/wp-json\/wp\/v2\/media\/298452"}],"wp:attachment":[{"href":"https:\/\/www.tucomarca.com\/wordpress\/segunda\/ca\/wp-json\/wp\/v2\/media?parent=298462"}],"wp:term":[{"taxonomy":"category","embeddable":true,"href":"https:\/\/www.tucomarca.com\/wordpress\/segunda\/ca\/wp-json\/wp\/v2\/categories?post=298462"},{"taxonomy":"post_tag","embeddable":true,"href":"https:\/\/www.tucomarca.com\/wordpress\/segunda\/ca\/wp-json\/wp\/v2\/tags?post=298462"}],"curies":[{"name":"wp","href":"https:\/\/api.w.org\/{rel}","templated":true}]}}