{"id":298474,"date":"2026-04-10T08:45:00","date_gmt":"2026-04-10T06:45:00","guid":{"rendered":"https:\/\/www.tucomarca.com\/wordpress\/segunda\/?p=298474"},"modified":"2026-04-10T19:49:35","modified_gmt":"2026-04-10T17:49:35","slug":"la-diputacio-de-valencia-oferix-per-a-este-cap-de-setmana-un-ampli-programa-cultural-per-a-totes-les-edats","status":"publish","type":"post","link":"https:\/\/www.tucomarca.com\/wordpress\/segunda\/ca\/la-diputacio-de-valencia-oferix-per-a-este-cap-de-setmana-un-ampli-programa-cultural-per-a-totes-les-edats\/","title":{"rendered":"La Diputaci\u00f3 de Val\u00e8ncia oferix per a este cap de setmana un ampli programa cultural per a totes les edats"},"content":{"rendered":"\n<h3 class=\"wp-block-heading\">La corporaci\u00f3 provincial, a trav\u00e9s de la seua \u00e0rea de Cultura, organitza tallers infantils, concerts i visites guiades en el Centre Cultural la Benefic\u00e8ncia.<\/h3>\n\n\n\n<h3 class=\"wp-block-heading\">L&#8217;ETNO porta a Macastre fins al pr\u00f2xim 17 de maig \u2018Rituals de festa i foc\u2019, amb fotografies de David Cantillo.<\/h3>\n\n\n\n<p>La Diputaci\u00f3 de Val\u00e8ncia oferix este cap de setmana una variada agenda cultural repleta d&#8217;activitats que van des d&#8217;exposicions de fotografia, tallers infantils i concerts que posen en valor el patrimoni musical valenci\u00e0, programaci\u00f3 que ve acompanyada per les visites guiades que oferixen l&#8217;oportunitat de rec\u00f3rrer en fam\u00edlia les exposicions dels museus de la corporaci\u00f3 provincial.<\/p>\n\n\n\n<p><strong>&#8216;Rituals de festa i foc&#8217;<\/strong><\/p>\n\n\n\n<p>L&#8217;edifici polivalent Doctor Eduardo Alonso de Macastre acull des d&#8217;este dissabte 11 d&#8217;abril i fins al pr\u00f2xim 17 de maig \u2018Rituals de festa i foc\u2019, amb fotografies de David Cantillo, una mostra que forma part del programa d&#8217;exposicions itinerants de L\u2019ETNO, Museu Valenci\u00e0 d\u2019Etnologia.<\/p>\n\n\n\n<p>David Cantillo narra a trav\u00e9s del seu objectiu el paper que t\u00e9 el foc en les diferents manifestacions festives de la Comunitat Valenciana. Una cuidada selecci\u00f3 de fotografies de diverses grand\u00e0ries que convida a realitzar un recorregut pels festejos en els quals es combina la bellesa que atorguen les flames a la festa i el component cultural.<\/p>\n\n\n\n<figure class=\"wp-block-gallery has-nested-images columns-default is-cropped wp-block-gallery-1 is-layout-flex wp-block-gallery-is-layout-flex\">\n<figure class=\"wp-block-image size-large\"><img loading=\"lazy\" decoding=\"async\" width=\"945\" height=\"614\" data-id=\"298469\" src=\"https:\/\/www.tucomarca.com\/wordpress\/segunda\/wp-content\/uploads\/2026\/04\/Rituales_2.jpg\" alt=\"\" class=\"wp-image-298469\" srcset=\"https:\/\/www.tucomarca.com\/wordpress\/segunda\/wp-content\/uploads\/2026\/04\/Rituales_2.jpg 945w, https:\/\/www.tucomarca.com\/wordpress\/segunda\/wp-content\/uploads\/2026\/04\/Rituales_2-300x195.jpg 300w, https:\/\/www.tucomarca.com\/wordpress\/segunda\/wp-content\/uploads\/2026\/04\/Rituales_2-768x499.jpg 768w\" sizes=\"auto, (max-width: 945px) 100vw, 945px\" \/><\/figure>\n<\/figure>\n\n\n\n<p><strong>&#8216;Llavors de la terra&#8217;<\/strong><\/p>\n\n\n\n<p>Dins del programa &#8216;Llavors de la terra&#8217;, la Diputaci\u00f3 de Val\u00e8ncia oferir\u00e0 este dissabte 11 d&#8217;abril a les 18.00 hores a la Sala Alfons el Magn\u00e0nim del Centre Cultural La Benefic\u00e8ncia el concert de l&#8217;Orfe\u00f3 de Veus Juntes de Quart de Poblet. L&#8217;entrades (s\u00f3n gratu\u00eftes) ja estan disponibles per a arreplegar en el punt d&#8217;Informaci\u00f3 del Centre Cultural La Benefic\u00e8ncia.<\/p>\n\n\n\n<p>Aix\u00ed mateix, el Museu de Prehist\u00f2ria de Val\u00e8ncia oferix este diumenge 12 d&#8217;abril a les 12 hores el taller Desperta els teus sentits en el museu, en el qual els participants podran experimentar i aprendre coses noves a partir dels objectes que es troben a les sales del Mupreva. La proposta est\u00e0 recomanada per a majors de quatre anys.<\/p>\n\n\n\n<p>El museu oferix tamb\u00e9 visites guiades a les seues exposicions. Per a este diumenge dia 12 a les 11.00 hores est\u00e0 programada una visita comentada on es descobriran algunes curiositats sobre el Neol\u00edtic i l&#8217;Edat dels Metalls. Les entrades per a les activitats i visites guiades es poden arreplegar en el punt d&#8217;Informaci\u00f3 el mateix diumenge a partir de les 10.00 hores.<\/p>\n\n\n\n<p>Tamb\u00e9 per al diumenge, la Diputaci\u00f3 de Val\u00e8ncia, a trav\u00e9s de la seua \u00e0rea de Cultura, ha organitzat el contacontes en valenci\u00e0 Indiana Bones i el misteri dels monstres d&#8217;\u00cdtaca. L&#8217;activitat narrar\u00e0 les aventures d&#8217;Ulisses en el seu cam\u00ed a \u00cdtaca de la m\u00e0 d&#8217;un paleont\u00f2leg que viatja amb els seus f\u00f2ssils per a donar a con\u00e9ixer les hist\u00f2ries que hi ha darrere d&#8217;ells. L&#8217;activitat tindr\u00e0 lloc este diumenge 12 d&#8217;abril a les 11.00 h.<\/p>\n","protected":false},"excerpt":{"rendered":"<div class=\"mh-excerpt\">La corporaci\u00f3 provincial, a trav\u00e9s de la seua \u00e0rea de Cultura, organitza tallers infantils, concerts i visites guiades en el Centre Cultural la Benefic\u00e8ncia. L&#8217;ETNO porta a Macastre fins al pr\u00f2xim 17 de maig \u2018Rituals <a class=\"mh-excerpt-more\" href=\"https:\/\/www.tucomarca.com\/wordpress\/segunda\/ca\/la-diputacio-de-valencia-oferix-per-a-este-cap-de-setmana-un-ampli-programa-cultural-per-a-totes-les-edats\/\" title=\"La Diputaci\u00f3 de Val\u00e8ncia oferix per a este cap de setmana un ampli programa cultural per a totes les edats\">[+] <\/a><\/div>\n","protected":false},"author":12,"featured_media":298468,"comment_status":"closed","ping_status":"open","sticky":false,"template":"","format":"standard","meta":{"footnotes":""},"categories":[11019,10894,10912,10978,11007,10896],"tags":[11246,20474,10914],"class_list":{"0":"post-298474","1":"post","2":"type-post","3":"status-publish","4":"format-standard","5":"has-post-thumbnail","7":"category-agenda-ca","8":"category-la-comarca-ca","9":"category-la-hoya-ca","10":"category-macastre-ca","11":"category-ocio-y-cultura-ca","12":"category-seccion-ca","13":"tag-diputacio-de-valencia-ca","14":"tag-letno-ca","15":"tag-la-hoya-de-bunol-chiva-ca"},"_links":{"self":[{"href":"https:\/\/www.tucomarca.com\/wordpress\/segunda\/ca\/wp-json\/wp\/v2\/posts\/298474","targetHints":{"allow":["GET"]}}],"collection":[{"href":"https:\/\/www.tucomarca.com\/wordpress\/segunda\/ca\/wp-json\/wp\/v2\/posts"}],"about":[{"href":"https:\/\/www.tucomarca.com\/wordpress\/segunda\/ca\/wp-json\/wp\/v2\/types\/post"}],"author":[{"embeddable":true,"href":"https:\/\/www.tucomarca.com\/wordpress\/segunda\/ca\/wp-json\/wp\/v2\/users\/12"}],"replies":[{"embeddable":true,"href":"https:\/\/www.tucomarca.com\/wordpress\/segunda\/ca\/wp-json\/wp\/v2\/comments?post=298474"}],"version-history":[{"count":0,"href":"https:\/\/www.tucomarca.com\/wordpress\/segunda\/ca\/wp-json\/wp\/v2\/posts\/298474\/revisions"}],"wp:featuredmedia":[{"embeddable":true,"href":"https:\/\/www.tucomarca.com\/wordpress\/segunda\/ca\/wp-json\/wp\/v2\/media\/298468"}],"wp:attachment":[{"href":"https:\/\/www.tucomarca.com\/wordpress\/segunda\/ca\/wp-json\/wp\/v2\/media?parent=298474"}],"wp:term":[{"taxonomy":"category","embeddable":true,"href":"https:\/\/www.tucomarca.com\/wordpress\/segunda\/ca\/wp-json\/wp\/v2\/categories?post=298474"},{"taxonomy":"post_tag","embeddable":true,"href":"https:\/\/www.tucomarca.com\/wordpress\/segunda\/ca\/wp-json\/wp\/v2\/tags?post=298474"}],"curies":[{"name":"wp","href":"https:\/\/api.w.org\/{rel}","templated":true}]}}