{"id":298480,"date":"2026-04-10T12:00:00","date_gmt":"2026-04-10T10:00:00","guid":{"rendered":"https:\/\/www.tucomarca.com\/wordpress\/segunda\/?p=298480"},"modified":"2026-04-10T19:57:43","modified_gmt":"2026-04-10T17:57:43","slug":"el-consell-autoritza-la-contractacio-demergencia-del-subministrament-electric-per-a-donar-servici-al-complex-educatiu-de-xest","status":"publish","type":"post","link":"https:\/\/www.tucomarca.com\/wordpress\/segunda\/ca\/el-consell-autoritza-la-contractacio-demergencia-del-subministrament-electric-per-a-donar-servici-al-complex-educatiu-de-xest\/","title":{"rendered":"El Consell autoritza la contractaci\u00f3 d\u2019emerg\u00e8ncia del subministrament el\u00e8ctric per a donar servici al Complex Educatiu de Xest"},"content":{"rendered":"\n<h3 class=\"wp-block-heading\">El contracte inclou el lloguer de cel\u00b7les i d\u2019un generador el\u00e8ctric per a garantir el subministrament a les zones dependents del centre de transformaci\u00f3 n\u00famero 3 fins a la seua contractaci\u00f3 per via ordin\u00e0ria.<\/h3>\n\n\n\n<p>El Consell ha autoritzat la declaraci\u00f3 d\u2019emerg\u00e8ncia de la contractaci\u00f3, en r\u00e8gim de lloguer, del subministrament el\u00e8ctric i equipament necessari per al centre de transformaci\u00f3 n\u00famero 3 del Complex Educatiu de Xest, amb un cost de 77.585 euros.<\/p>\n\n\n\n<p>El contracte inclou el subministrament de cel\u00b7les modulars de protecci\u00f3 general, aix\u00ed com un generador el\u00e8ctric auxiliar i el subministrament del gasoil necessari per al funcionament del grup electrogen.&nbsp;<\/p>\n\n\n\n<p>L\u2019objectiu \u00e9s garantir el subministrament el\u00e8ctric a les zones del Complex Educatiu de Xest que depenen del centre de transformaci\u00f3 n\u00famero 3 fins que es contracten per tramitaci\u00f3 ordin\u00e0ria la resta de prestacions necess\u00e0ries per a completar l\u2019actuaci\u00f3.<\/p>\n\n\n\n<p>Este contracte t\u00e9 un termini estimat d\u2019execuci\u00f3 de 9 mesos, si b\u00e9 la seua vig\u00e8ncia es prolongar\u00e0 fins a la instal\u00b7laci\u00f3 de les cel\u00b7les modulars de protecci\u00f3 definitives, que es dur\u00e0 a terme mitjan\u00e7ant la contractaci\u00f3 ordin\u00e0ria corresponent.&nbsp;<\/p>\n","protected":false},"excerpt":{"rendered":"<div class=\"mh-excerpt\">El contracte inclou el lloguer de cel\u00b7les i d\u2019un generador el\u00e8ctric per a garantir el subministrament a les zones dependents del centre de transformaci\u00f3 n\u00famero 3 fins a la seua contractaci\u00f3 per via ordin\u00e0ria. El <a class=\"mh-excerpt-more\" href=\"https:\/\/www.tucomarca.com\/wordpress\/segunda\/ca\/el-consell-autoritza-la-contractacio-demergencia-del-subministrament-electric-per-a-donar-servici-al-complex-educatiu-de-xest\/\" title=\"El Consell autoritza la contractaci\u00f3 d\u2019emerg\u00e8ncia del subministrament el\u00e8ctric per a donar servici al Complex Educatiu de Xest\">[+] <\/a><\/div>\n","protected":false},"author":1,"featured_media":257008,"comment_status":"closed","ping_status":"open","sticky":false,"template":"","format":"standard","meta":{"footnotes":""},"categories":[10898,10948,10894,10904,10912,10947,10896,10974],"tags":[11071,12683,10914],"class_list":{"0":"post-298480","1":"post","2":"type-post","3":"status-publish","4":"format-standard","5":"has-post-thumbnail","7":"category-ventana-ca","8":"category-infraestructuras-ca","9":"category-la-comarca-ca","10":"category-sin-categorizar-ca","11":"category-la-hoya-ca","12":"category-politica","13":"category-seccion-ca","14":"category-cheste-ca","15":"tag-cheste","16":"tag-consell-ca","17":"tag-la-hoya-de-bunol-chiva-ca"},"_links":{"self":[{"href":"https:\/\/www.tucomarca.com\/wordpress\/segunda\/ca\/wp-json\/wp\/v2\/posts\/298480","targetHints":{"allow":["GET"]}}],"collection":[{"href":"https:\/\/www.tucomarca.com\/wordpress\/segunda\/ca\/wp-json\/wp\/v2\/posts"}],"about":[{"href":"https:\/\/www.tucomarca.com\/wordpress\/segunda\/ca\/wp-json\/wp\/v2\/types\/post"}],"author":[{"embeddable":true,"href":"https:\/\/www.tucomarca.com\/wordpress\/segunda\/ca\/wp-json\/wp\/v2\/users\/1"}],"replies":[{"embeddable":true,"href":"https:\/\/www.tucomarca.com\/wordpress\/segunda\/ca\/wp-json\/wp\/v2\/comments?post=298480"}],"version-history":[{"count":0,"href":"https:\/\/www.tucomarca.com\/wordpress\/segunda\/ca\/wp-json\/wp\/v2\/posts\/298480\/revisions"}],"wp:featuredmedia":[{"embeddable":true,"href":"https:\/\/www.tucomarca.com\/wordpress\/segunda\/ca\/wp-json\/wp\/v2\/media\/257008"}],"wp:attachment":[{"href":"https:\/\/www.tucomarca.com\/wordpress\/segunda\/ca\/wp-json\/wp\/v2\/media?parent=298480"}],"wp:term":[{"taxonomy":"category","embeddable":true,"href":"https:\/\/www.tucomarca.com\/wordpress\/segunda\/ca\/wp-json\/wp\/v2\/categories?post=298480"},{"taxonomy":"post_tag","embeddable":true,"href":"https:\/\/www.tucomarca.com\/wordpress\/segunda\/ca\/wp-json\/wp\/v2\/tags?post=298480"}],"curies":[{"name":"wp","href":"https:\/\/api.w.org\/{rel}","templated":true}]}}