{"id":298498,"date":"2026-04-10T11:50:00","date_gmt":"2026-04-10T09:50:00","guid":{"rendered":"https:\/\/www.tucomarca.com\/wordpress\/segunda\/?p=298498"},"modified":"2026-04-10T20:26:28","modified_gmt":"2026-04-10T18:26:28","slug":"la-diputacio-de-valencia-eleva-la-seua-aposta-per-la-salut-publica-i-arriba-als-450-000-euros-en-ajudes-per-als-municipis","status":"publish","type":"post","link":"https:\/\/www.tucomarca.com\/wordpress\/segunda\/ca\/la-diputacio-de-valencia-eleva-la-seua-aposta-per-la-salut-publica-i-arriba-als-450-000-euros-en-ajudes-per-als-municipis\/","title":{"rendered":"La Diputaci\u00f3 de Val\u00e8ncia eleva la seua aposta per la salut p\u00fablica i arriba als 450.000 euros en ajudes per als municipis"},"content":{"rendered":"\n<h3 class=\"wp-block-heading\">La corporaci\u00f3 provincial subvenciona les campanyes de municipis i entitats locals menors de desratitzaci\u00f3, desinsectaci\u00f3 i desinfecci\u00f3 en edificis municipals i clavegueram, o control de vectors.<\/h3>\n\n\n\n<p>La Diputaci\u00f3 de Val\u00e8ncia subvenciona les campanyes de salut p\u00fablica de 2026 de municipis i entitats locals menors amb una poblaci\u00f3 inferior a 20.000 habitants mitjan\u00e7ant la convocat\u00f2ria anual de subvencions. Aix\u00ed, per a enguany, la corporaci\u00f3 provincial invertix 449.000 euros -45.000 euros m\u00e9s que en l&#8217;anterior convocat\u00f2ria- que es repartiran entre un total de 221 municipis &#8220;per a garantir un adequat manteniment de les instal\u00b7lacions locals i millorar les condicions de salubritat en els municipis de la prov\u00edncia&#8221;, ha assenyalat la diputada de Benestar i Inclusi\u00f3 Social, Imma Gonz\u00e1lez.<\/p>\n\n\n\n<p>En este sentit, Gonz\u00e1lez ha destacat que la corporaci\u00f3 provincial \u201ccom la instituci\u00f3 m\u00e9s pr\u00f2xima als municipis, considera necessari invertir per a ajudar els municipis a fer front al cost d&#8217;estes actuacions&#8221;. Aix\u00ed, la Diputaci\u00f3 de Val\u00e8ncia ajuda als municipis per a dur a terme una de les seg\u00fcents campanyes: desratitzaci\u00f3, desinsectaci\u00f3 i desinfecci\u00f3 en edificis municipals i clavegueram; i control de vectors (mosques i mosquits). En esta \u00faltima s&#8217;inclouen les actuacions espec\u00edfiques contra la mosca negra i el mosquit tigre. La quantia m\u00e0xima subvencionable es determina prenent com a refer\u00e8ncia l&#8217;import de la campanya i el nombre d&#8217;habitants conforme als barems de la convocat\u00f2ria.&nbsp;<\/p>\n\n\n\n<p>Les ajudes emmarcades en la campanya de desratitzaci\u00f3, desinsectaci\u00f3 i desinfecci\u00f3 en edificis municipals i clavegueram s&#8217;atorguen en funci\u00f3 de la poblaci\u00f3 de cada municipi i l&#8217;import de la campanya, que va des de 1.650 euros (poblaci\u00f3 d&#8217;1 a 2.500 habitants) fins als 5.150 (poblaci\u00f3 de 17.501 fins als 19.999 habitants). Aix\u00ed, se subvenciona des del 65% i fins al 100% d&#8217;este import. El percentatge \u00e9s major en els municipis amb una poblaci\u00f3 inferior. Quant a la campanya de control de vectors, l&#8217;import de la subvenci\u00f3 \u00e9s com a m\u00e0xim de 3.150 euros, i se subvencionar\u00e0 des d&#8217;un 65% del cost, fins a un 100%, depenent del nombre d&#8217;habitants. Igual que en l&#8217;altra campanya, el percentatge resulta major en municipis amb menys habitants. A m\u00e9s, s&#8217;han distribu\u00eft els romanents de la convocat\u00f2ria augmentant les quantitats en alguns casos, sense sobrepassar el l\u00edmit del cost.<\/p>\n","protected":false},"excerpt":{"rendered":"<div class=\"mh-excerpt\">La corporaci\u00f3 provincial subvenciona les campanyes de municipis i entitats locals menors de desratitzaci\u00f3, desinsectaci\u00f3 i desinfecci\u00f3 en edificis municipals i clavegueram, o control de vectors. La Diputaci\u00f3 de Val\u00e8ncia subvenciona les campanyes de salut <a class=\"mh-excerpt-more\" href=\"https:\/\/www.tucomarca.com\/wordpress\/segunda\/ca\/la-diputacio-de-valencia-eleva-la-seua-aposta-per-la-salut-publica-i-arriba-als-450-000-euros-en-ajudes-per-als-municipis\/\" title=\"La Diputaci\u00f3 de Val\u00e8ncia eleva la seua aposta per la salut p\u00fablica i arriba als 450.000 euros en ajudes per als municipis\">[+] <\/a><\/div>\n","protected":false},"author":1,"featured_media":298496,"comment_status":"closed","ping_status":"open","sticky":false,"template":"","format":"standard","meta":{"footnotes":""},"categories":[11010,10898,10948,10894,10904,10903,10947,10896,10897],"tags":[11246,11199],"class_list":{"0":"post-298498","1":"post","2":"type-post","3":"status-publish","4":"format-standard","5":"has-post-thumbnail","7":"category-canal-salud","8":"category-ventana-ca","9":"category-infraestructuras-ca","10":"category-la-comarca-ca","11":"category-sin-categorizar-ca","12":"category-medio-ambiente-la-comarca-ca","13":"category-politica","14":"category-seccion-ca","15":"category-sucesos-la-comarca-ca","16":"tag-diputacio-de-valencia-ca","17":"tag-la-comunitat-ca"},"_links":{"self":[{"href":"https:\/\/www.tucomarca.com\/wordpress\/segunda\/ca\/wp-json\/wp\/v2\/posts\/298498","targetHints":{"allow":["GET"]}}],"collection":[{"href":"https:\/\/www.tucomarca.com\/wordpress\/segunda\/ca\/wp-json\/wp\/v2\/posts"}],"about":[{"href":"https:\/\/www.tucomarca.com\/wordpress\/segunda\/ca\/wp-json\/wp\/v2\/types\/post"}],"author":[{"embeddable":true,"href":"https:\/\/www.tucomarca.com\/wordpress\/segunda\/ca\/wp-json\/wp\/v2\/users\/1"}],"replies":[{"embeddable":true,"href":"https:\/\/www.tucomarca.com\/wordpress\/segunda\/ca\/wp-json\/wp\/v2\/comments?post=298498"}],"version-history":[{"count":0,"href":"https:\/\/www.tucomarca.com\/wordpress\/segunda\/ca\/wp-json\/wp\/v2\/posts\/298498\/revisions"}],"wp:featuredmedia":[{"embeddable":true,"href":"https:\/\/www.tucomarca.com\/wordpress\/segunda\/ca\/wp-json\/wp\/v2\/media\/298496"}],"wp:attachment":[{"href":"https:\/\/www.tucomarca.com\/wordpress\/segunda\/ca\/wp-json\/wp\/v2\/media?parent=298498"}],"wp:term":[{"taxonomy":"category","embeddable":true,"href":"https:\/\/www.tucomarca.com\/wordpress\/segunda\/ca\/wp-json\/wp\/v2\/categories?post=298498"},{"taxonomy":"post_tag","embeddable":true,"href":"https:\/\/www.tucomarca.com\/wordpress\/segunda\/ca\/wp-json\/wp\/v2\/tags?post=298498"}],"curies":[{"name":"wp","href":"https:\/\/api.w.org\/{rel}","templated":true}]}}