{"id":298510,"date":"2026-04-10T09:35:00","date_gmt":"2026-04-10T07:35:00","guid":{"rendered":"https:\/\/www.tucomarca.com\/wordpress\/segunda\/?p=298510"},"modified":"2026-04-10T20:41:22","modified_gmt":"2026-04-10T18:41:22","slug":"la-diputacio-promociona-a-miami-la-provincia-com-a-destinacio-turistica-de-creuers-complementari-a-la-ciutat","status":"publish","type":"post","link":"https:\/\/www.tucomarca.com\/wordpress\/segunda\/ca\/la-diputacio-promociona-a-miami-la-provincia-com-a-destinacio-turistica-de-creuers-complementari-a-la-ciutat\/","title":{"rendered":"La Diputaci\u00f3 promociona a Miami la prov\u00edncia com a destinaci\u00f3 tur\u00edstica de creuers complementari a la ciutat"},"content":{"rendered":"\n<h3 class=\"wp-block-heading\">La corporaci\u00f3, amb el diputat de Turisme Pedro Cuesta al capdavant, participa per primera vegada en la fira de creuers Seatrade Cruise Global Miami del 13 al 16 d&#8217;abril, en col\u00b7laboraci\u00f3 amb l&#8217;Autoritat Portu\u00e0ria de Val\u00e8ncia.<\/h3>\n\n\n\n<h3 class=\"wp-block-heading\">Pedro Cuesta afirma que \u201cvolem aprofitar el potencial del tr\u00e0nsit de creuers que arriba a la ciutat per a generar oportunitats a la prov\u00edncia, especialment en els nostres municipis de l&#8217;interior\u201d.<\/h3>\n\n\n\n<p>La Diputaci\u00f3 de Val\u00e8ncia promocionar\u00e0 la prov\u00edncia com a destinaci\u00f3 tur\u00edstica complement\u00e0ria a la ciutat per als creueristes que facen escala en el port de Val\u00e8ncia, aprofitant la seua participaci\u00f3 en la Seatrade Cruise Global Miami 2026, la fira internacional que congrega als principals agents de tot el m\u00f3n implicats en el desenvolupament del turisme de creuers i que se celebra entre el 13 i el 16 d&#8217;abril a la ciutat de l&#8217;estat de Florida.<\/p>\n\n\n\n<p>El diputat de Turisme de la Diputaci\u00f3 de Val\u00e8ncia, Pedro Cuesta, ha explicat que la corporaci\u00f3 provincial participar\u00e0 per primera vegada en esta cita internacional amb l&#8217;objectiu de potenciar el desenvolupament del producte tur\u00edstic creuerista a la prov\u00edncia. \u201cVolem aprofitar el potencial del tr\u00e0nsit de creuers que arriba a la ciutat de Val\u00e8ncia per a generar oportunitats a la prov\u00edncia, especialment en els nostres municipis de l&#8217;interior, contribuint a una millor distribuci\u00f3 dels fluxos tur\u00edstics i a un desenvolupament m\u00e9s equilibrat del dest\u00ed\u201d.<\/p>\n\n\n\n<p>L&#8217;acci\u00f3 es desenvolupar\u00e0 en col\u00b7laboraci\u00f3 amb l&#8217;Autoritat Portu\u00e0ria de Val\u00e8ncia (Valenciaport) i s&#8217;emmarca en l&#8217;estrat\u00e8gia d&#8217;internacionalitzaci\u00f3 del dest\u00ed prov\u00edncia de Val\u00e8ncia 2026 posada en marxa per la Diputaci\u00f3.<\/p>\n\n\n\n<p>\u201c\u00c9s una clara aposta per la col\u00b7laboraci\u00f3 institucional i la coordinaci\u00f3 entre administracions, alguna cosa que considerem clau per al desenvolupament d&#8217;un model tur\u00edstic m\u00e9s competitiu, sostenible i equilibrat. Treballem de manera conjunta per a consolidar un model tur\u00edstic basat en la cooperaci\u00f3, la innovaci\u00f3 i la generaci\u00f3 de valor per al conjunt de la prov\u00edncia\u201d, ha manifestat Pedro Cuesta.<\/p>\n\n\n\n<figure class=\"wp-block-image size-large\"><img loading=\"lazy\" decoding=\"async\" width=\"1024\" height=\"683\" src=\"https:\/\/www.tucomarca.com\/wordpress\/segunda\/wp-content\/uploads\/2026\/04\/1-1024x683.jpg\" alt=\"\" class=\"wp-image-298503\" srcset=\"https:\/\/www.tucomarca.com\/wordpress\/segunda\/wp-content\/uploads\/2026\/04\/1-1024x683.jpg 1024w, https:\/\/www.tucomarca.com\/wordpress\/segunda\/wp-content\/uploads\/2026\/04\/1-300x200.jpg 300w, https:\/\/www.tucomarca.com\/wordpress\/segunda\/wp-content\/uploads\/2026\/04\/1-768x512.jpg 768w, https:\/\/www.tucomarca.com\/wordpress\/segunda\/wp-content\/uploads\/2026\/04\/1-1536x1024.jpg 1536w, https:\/\/www.tucomarca.com\/wordpress\/segunda\/wp-content\/uploads\/2026\/04\/1.jpg 2048w\" sizes=\"auto, (max-width: 1024px) 100vw, 1024px\" \/><\/figure>\n\n\n\n<p><\/p>\n\n\n\n<p><strong>Participaci\u00f3 i acci\u00f3 promocional<\/strong><\/p>\n\n\n\n<p>La prov\u00edncia de Val\u00e8ncia tindr\u00e0 pres\u00e8ncia pr\u00f2pia en el certamen amb estand, on se celebraran reunions amb professionals del sector com a turoperadors, navilieres, consultores, consignat\u00e0ries, representants de Puertos del Estado i de Turespa\u00f1a. Els representants provincials tamb\u00e9 participaran en confer\u00e8ncies sectorials (MedCruise) i el networking institucional previstos durant el certamen.<\/p>\n\n\n\n<p>Tot aix\u00f2 permetr\u00e0 identificar tend\u00e8ncies de mercat, validar propostes de producte tur\u00edstic local i establir relacions comercials orientades a la inclusi\u00f3 d&#8217;experi\u00e8ncies de la prov\u00edncia de Val\u00e8ncia en les excursions de creuers que arriben al port de Val\u00e8ncia, a m\u00e9s de coordinar estrat\u00e8gies i definir noves l\u00ednies d&#8217;actuaci\u00f3 per a promocionar la prov\u00edncia en els mercats nord-americ\u00e0 i sud-americ\u00e0.<\/p>\n\n\n\n<p>A m\u00e9s, la Diputaci\u00f3 de Val\u00e8ncia i Valenciaport realitzaran una presentaci\u00f3 oficial conjunta el 15 d&#8217;abril per a posicionar la prov\u00edncia de Val\u00e8ncia en el certamen com un dest\u00ed sostenible, diversificat, complementari a la ciutat, amb un producte experiencial aut\u00e8ntic i de qualitat per als creueristes, a m\u00e9s d&#8217;alineat amb les actuals tend\u00e8ncies del mercat.<\/p>\n\n\n\n<p>La presentaci\u00f3 t\u00e8cnica es complementar\u00e0 amb una acci\u00f3 promocional experiencial centrada en la gastronomia valenciana, en la qual s&#8217;elaboraran i degustaran arrossos valencians tradicionals, a m\u00e9s d&#8217;una fideu\u00e0, maridados amb vins i caves de la prov\u00edncia de Val\u00e8ncia.<\/p>\n\n\n\n<p><strong>Jornades de Producte Tur\u00edstic Creuerista<\/strong><\/p>\n\n\n\n<p>La Diputaci\u00f3 de Val\u00e8ncia ha participat pr\u00e8viament en diverses jornades dirigides a destins i empreses tur\u00edstiques de la prov\u00edncia amb l&#8217;objectiu de dissenyar i desenrotllar nous productes adaptats al mercat creuerista, mitjan\u00e7ant experi\u00e8ncies amb propostes culturals, patrimonials, gastron\u00f2miques i de naturalesa, en col\u00b7laboraci\u00f3 amb Valenciaport.<\/p>\n\n\n\n<p>Estes accions complementen la participaci\u00f3 de la corporaci\u00f3 en la fira internacional de Miami, una acci\u00f3 global que busca \u201caprofitar el turisme de creuers com a ferramenta de vertebraci\u00f3 territorial, contribuint aix\u00ed a ampliar l&#8217;impacte econ\u00f2mic del tr\u00e0nsit de creuers m\u00e9s enll\u00e0 de l&#8217;entorn portuari, en els municipis de la prov\u00edncia\u201d, ha concl\u00f2s el diputat.<\/p>\n","protected":false},"excerpt":{"rendered":"<div class=\"mh-excerpt\">La corporaci\u00f3, amb el diputat de Turisme Pedro Cuesta al capdavant, participa per primera vegada en la fira de creuers Seatrade Cruise Global Miami del 13 al 16 d&#8217;abril, en col\u00b7laboraci\u00f3 amb l&#8217;Autoritat Portu\u00e0ria de <a class=\"mh-excerpt-more\" href=\"https:\/\/www.tucomarca.com\/wordpress\/segunda\/ca\/la-diputacio-promociona-a-miami-la-provincia-com-a-destinacio-turistica-de-creuers-complementari-a-la-ciutat\/\" title=\"La Diputaci\u00f3 promociona a Miami la prov\u00edncia com a destinaci\u00f3 tur\u00edstica de creuers complementari a la ciutat\">[+] <\/a><\/div>\n","protected":false},"author":12,"featured_media":298506,"comment_status":"closed","ping_status":"open","sticky":false,"template":"","format":"standard","meta":{"footnotes":""},"categories":[10898,10894,10904,11007,10896],"tags":[11246,18066],"class_list":{"0":"post-298510","1":"post","2":"type-post","3":"status-publish","4":"format-standard","5":"has-post-thumbnail","7":"category-ventana-ca","8":"category-la-comarca-ca","9":"category-sin-categorizar-ca","10":"category-ocio-y-cultura-ca","11":"category-seccion-ca","12":"tag-diputacio-de-valencia-ca","13":"tag-valencia-turisme-2-ca"},"_links":{"self":[{"href":"https:\/\/www.tucomarca.com\/wordpress\/segunda\/ca\/wp-json\/wp\/v2\/posts\/298510","targetHints":{"allow":["GET"]}}],"collection":[{"href":"https:\/\/www.tucomarca.com\/wordpress\/segunda\/ca\/wp-json\/wp\/v2\/posts"}],"about":[{"href":"https:\/\/www.tucomarca.com\/wordpress\/segunda\/ca\/wp-json\/wp\/v2\/types\/post"}],"author":[{"embeddable":true,"href":"https:\/\/www.tucomarca.com\/wordpress\/segunda\/ca\/wp-json\/wp\/v2\/users\/12"}],"replies":[{"embeddable":true,"href":"https:\/\/www.tucomarca.com\/wordpress\/segunda\/ca\/wp-json\/wp\/v2\/comments?post=298510"}],"version-history":[{"count":0,"href":"https:\/\/www.tucomarca.com\/wordpress\/segunda\/ca\/wp-json\/wp\/v2\/posts\/298510\/revisions"}],"wp:featuredmedia":[{"embeddable":true,"href":"https:\/\/www.tucomarca.com\/wordpress\/segunda\/ca\/wp-json\/wp\/v2\/media\/298506"}],"wp:attachment":[{"href":"https:\/\/www.tucomarca.com\/wordpress\/segunda\/ca\/wp-json\/wp\/v2\/media?parent=298510"}],"wp:term":[{"taxonomy":"category","embeddable":true,"href":"https:\/\/www.tucomarca.com\/wordpress\/segunda\/ca\/wp-json\/wp\/v2\/categories?post=298510"},{"taxonomy":"post_tag","embeddable":true,"href":"https:\/\/www.tucomarca.com\/wordpress\/segunda\/ca\/wp-json\/wp\/v2\/tags?post=298510"}],"curies":[{"name":"wp","href":"https:\/\/api.w.org\/{rel}","templated":true}]}}