{"id":298516,"date":"2026-04-10T11:55:00","date_gmt":"2026-04-10T09:55:00","guid":{"rendered":"https:\/\/www.tucomarca.com\/wordpress\/segunda\/?p=298516"},"modified":"2026-04-10T20:36:19","modified_gmt":"2026-04-10T18:36:19","slug":"egevasa-prepara-els-treballs-per-a-reparar-la-xarxa-daigua-i-clavegueram-dalginet-benifaio-xest-i-pedralba","status":"publish","type":"post","link":"https:\/\/www.tucomarca.com\/wordpress\/segunda\/ca\/egevasa-prepara-els-treballs-per-a-reparar-la-xarxa-daigua-i-clavegueram-dalginet-benifaio-xest-i-pedralba\/","title":{"rendered":"Egevasa prepara els treballs per a reparar la xarxa d&#8217;aigua i clavegueram d&#8217;Alginet, Benifai\u00f3, Xest i Pedralba"},"content":{"rendered":"\n<h3 class=\"wp-block-heading\">L&#8217;empresa de la Diputaci\u00f3 executar\u00e0 les obres necess\u00e0ries per a renovar bona part de les xarxes d&#8217;aigua potable i sanejament dels quatre municipis, una vegada es compte amb l&#8217;autoritzaci\u00f3 del Ministeri.<\/h3>\n\n\n\n<p>Despr\u00e9s de la finalitzaci\u00f3 dels treballs de reconstrucci\u00f3, reparaci\u00f3 i posada a punt de 72 depuradores danyades per la dana, la Diputaci\u00f3 continua amb el seu full de ruta en mat\u00e8ria d&#8217;aigua i depuraci\u00f3 a trav\u00e9s d&#8217;Egevasa, l&#8217;empresa de la corporaci\u00f3 dedicada al Cicle Integral de l&#8217;Aigua. En este sentit, Egevasa est\u00e0 en situaci\u00f3 d&#8217;iniciar obres de prove\u00efment i clavegueram a Alginet, Benifai\u00f3, Xest i Pedralba. El proc\u00e9s es va iniciar amb la redacci\u00f3 de projectes i la tramitaci\u00f3 d&#8217;ajudes, de manera que en estos moments s&#8217;est\u00e0 completant la licitaci\u00f3 i adjudicaci\u00f3 de les obres en localitats afectades per la riuada.<\/p>\n\n\n\n<p>En paraules de la vicepresidenta Nat\u00e0lia Enguix, presidenta d&#8217;Egevasa, &#8220;l&#8217;objectiu d&#8217;estos treballs \u00e9s restablir la normalitat en localitats que, si b\u00e9 han comptat amb el servici de prove\u00efment d&#8217;aigua potable i clavegueram, tenen xarxes que estan seriosament afectades, per la qual cosa podrien veure&#8217;s compromeses en pr\u00f2xims episodis clim\u00e0tics i fins i tot per ra\u00f3 dels diferents increments dels usos estacionals&#8221;.<\/p>\n\n\n\n<p>\u00c9s el cas d&#8217;estes quatre poblacions, que van veure afectats els seus servicis de prove\u00efment i tractament d&#8217;aig\u00fces residuals el 29-O. En concret, la localitat d&#8217;Alginet necessita la renovaci\u00f3 dels seus col\u00b7lectors en la Ronda Higinio Noja, aix\u00ed com la instal\u00b7laci\u00f3 de v\u00e0lvules i conduccions per import pr\u00f2xim als 450.000 euros. En el cas de Benifai\u00f3, els majors desperfectes es van localitzar a l&#8217;entorn del Pou Concepci\u00f3n, per la qual cosa s&#8217;hauran de realitzar actuacions per un import similar.<\/p>\n\n\n\n<p>Encara de major envergadura van ser els danys en la localitat de Xest, que ja ha escom\u00e9s diferents obres en les seues infraestructures vi\u00e0ries i municipals, sent ara el torn de la renovaci\u00f3 de l&#8217;estaci\u00f3 de bombament del Pol\u00edgon Industrial Castilla, aix\u00ed com dels bombaments i col\u00b7lectors pluvials del Cam\u00ed a Vilamarxant i la rotonda de la CV-378. D&#8217;igual manera, es faran obres en les estacions de bombament de Zafareig i Huerto Mart\u00ednez, aix\u00ed com en els col\u00b7lectors del barranc de la Silleta i de la Canaleja. Estos treballs suposaran una inversi\u00f3 pr\u00f2xima als 300.000 euros, que es completar\u00e0 amb altres 240.000 euros en treballs de neteja, reparaci\u00f3, substituci\u00f3 d&#8217;equips i obra civil en la depuradora municipal.<\/p>\n\n\n\n<p><strong>Pedralba, la m\u00e9s danyada<\/strong><\/p>\n\n\n\n<p>Les obres de major import\u00e0ncia hauran de realitzar-se a Pedralba. En la localitat situada al costat del llit del riu T\u00faria seran necess\u00e0ries actuacions per imports superiors al mili\u00f3 d&#8217;euros. \u00c9s el cas de la substituci\u00f3 d&#8217;equipament en el Pou Serratilla, canalitzacions en el nucli urb\u00e0 provinents del pou, renovaci\u00f3 de canonades en alguns nuclis disseminats, aix\u00ed com de col\u00b7lectors, pous de registre, embornals i algunes escomeses domicili\u00e0ries en els trams afectats per la dana. A tot aix\u00f2 se sumen grans reparacions realitzades en la depuradora, per un import pr\u00f2xim als 600.000 euros.<\/p>\n\n\n\n<p>L&#8217;inici de les obres en prove\u00efment i sanejament ha estat sotm\u00e9s a la tramitaci\u00f3 administrativa davant el Ministeri de Transici\u00f3 Ecol\u00f2gica, responsable de les ajudes del Reial decret 7\/2024 dedicades a la reparaci\u00f3 d&#8217;infraestructures del cicle integral de l&#8217;aigua. Les sol\u00b7licituds es van realitzar a inicis de l&#8217;any passat, al mateix temps que ha sigut necess\u00e0ria la redacci\u00f3 de projectes i mem\u00f2ries valorades, la seua avaluaci\u00f3 per part del Ministeri i l&#8217;aprovaci\u00f3 dels respectius ajuntaments.<\/p>\n\n\n\n<p>Despr\u00e9s del proc\u00e9s d&#8217;adjudicaci\u00f3, Egevasa coordinar\u00e0 la realitzaci\u00f3 de les obres, la majoria de les quals t\u00e9 previst un per\u00edode d&#8217;execuci\u00f3 inferior als sis mesos. La vicepresidenta Enguix destaca &#8220;l&#8217;esfor\u00e7 continu de la Diputaci\u00f3 i Egevasa per a donar una resposta immediata a les necessitats dels municipis en mat\u00e8ria de prove\u00efment i depuraci\u00f3, tant en l&#8217;acompanyament t\u00e8cnic i administratiu com en la realitzaci\u00f3 de les obres, com s&#8217;ha posat de manifest amb la dana, en les circumst\u00e0ncies en les quals els ajuntaments i la ciutadania m\u00e9s ens necessita&#8221;.<\/p>\n\n\n\n<p>Per part seua, el president del Consell d&#8217;Administraci\u00f3 d&#8217;Egevasa, el diputat i alcalde de Massanassa, Paco Comes, ha recordat la labor de coordinaci\u00f3 realitzada per Egevasa, tant en la tramitaci\u00f3 de les ajudes com en la realitzaci\u00f3 dels treballs. Gr\u00e0cies a aix\u00f2, el Ministeri de Transici\u00f3 Ecol\u00f2gica ha comptat dins del termini i en la forma corresponent amb les sol\u00b7licituds i justificacions necess\u00e0ries.<\/p>\n","protected":false},"excerpt":{"rendered":"<div class=\"mh-excerpt\">L&#8217;empresa de la Diputaci\u00f3 executar\u00e0 les obres necess\u00e0ries per a renovar bona part de les xarxes d&#8217;aigua potable i sanejament dels quatre municipis, una vegada es compte amb l&#8217;autoritzaci\u00f3 del Ministeri. Despr\u00e9s de la finalitzaci\u00f3 <a class=\"mh-excerpt-more\" href=\"https:\/\/www.tucomarca.com\/wordpress\/segunda\/ca\/egevasa-prepara-els-treballs-per-a-reparar-la-xarxa-daigua-i-clavegueram-dalginet-benifaio-xest-i-pedralba\/\" title=\"Egevasa prepara els treballs per a reparar la xarxa d&#8217;aigua i clavegueram d&#8217;Alginet, Benifai\u00f3, Xest i Pedralba\">[+] <\/a><\/div>\n","protected":false},"author":1,"featured_media":298513,"comment_status":"closed","ping_status":"open","sticky":false,"template":"","format":"standard","meta":{"footnotes":""},"categories":[10987,11046,10898,10948,10894,10904,10912,10902,10903,11025,10947,10896,10897,10974],"tags":[10899,11246,12108,10914,11928,11080],"class_list":{"0":"post-298516","1":"post","2":"type-post","3":"status-publish","4":"format-standard","5":"has-post-thumbnail","7":"category-benifaio-ca","8":"category-los-serranos-ca","9":"category-ventana-ca","10":"category-infraestructuras-ca","11":"category-la-comarca-ca","12":"category-sin-categorizar-ca","13":"category-la-hoya-ca","14":"category-la-ribera-ca","15":"category-medio-ambiente-la-comarca-ca","16":"category-pedralba-ca","17":"category-politica","18":"category-seccion-ca","19":"category-sucesos-la-comarca-ca","20":"category-cheste-ca","21":"tag-camp-de-turia-ca","22":"tag-diputacio-de-valencia-ca","23":"tag-egevasa-ca","24":"tag-la-hoya-de-bunol-chiva-ca","25":"tag-la-serrania-ca","26":"tag-los-serranos-ca"},"_links":{"self":[{"href":"https:\/\/www.tucomarca.com\/wordpress\/segunda\/ca\/wp-json\/wp\/v2\/posts\/298516","targetHints":{"allow":["GET"]}}],"collection":[{"href":"https:\/\/www.tucomarca.com\/wordpress\/segunda\/ca\/wp-json\/wp\/v2\/posts"}],"about":[{"href":"https:\/\/www.tucomarca.com\/wordpress\/segunda\/ca\/wp-json\/wp\/v2\/types\/post"}],"author":[{"embeddable":true,"href":"https:\/\/www.tucomarca.com\/wordpress\/segunda\/ca\/wp-json\/wp\/v2\/users\/1"}],"replies":[{"embeddable":true,"href":"https:\/\/www.tucomarca.com\/wordpress\/segunda\/ca\/wp-json\/wp\/v2\/comments?post=298516"}],"version-history":[{"count":0,"href":"https:\/\/www.tucomarca.com\/wordpress\/segunda\/ca\/wp-json\/wp\/v2\/posts\/298516\/revisions"}],"wp:featuredmedia":[{"embeddable":true,"href":"https:\/\/www.tucomarca.com\/wordpress\/segunda\/ca\/wp-json\/wp\/v2\/media\/298513"}],"wp:attachment":[{"href":"https:\/\/www.tucomarca.com\/wordpress\/segunda\/ca\/wp-json\/wp\/v2\/media?parent=298516"}],"wp:term":[{"taxonomy":"category","embeddable":true,"href":"https:\/\/www.tucomarca.com\/wordpress\/segunda\/ca\/wp-json\/wp\/v2\/categories?post=298516"},{"taxonomy":"post_tag","embeddable":true,"href":"https:\/\/www.tucomarca.com\/wordpress\/segunda\/ca\/wp-json\/wp\/v2\/tags?post=298516"}],"curies":[{"name":"wp","href":"https:\/\/api.w.org\/{rel}","templated":true}]}}