{"id":298544,"date":"2026-04-10T09:47:00","date_gmt":"2026-04-10T07:47:00","guid":{"rendered":"https:\/\/www.tucomarca.com\/wordpress\/segunda\/?p=298544"},"modified":"2026-04-10T21:01:31","modified_gmt":"2026-04-10T19:01:31","slug":"finalitza-una-nova-edicio-de-lescola-de-pasqua-de-lajuntament-de-xest","status":"publish","type":"post","link":"https:\/\/www.tucomarca.com\/wordpress\/segunda\/ca\/finalitza-una-nova-edicio-de-lescola-de-pasqua-de-lajuntament-de-xest\/","title":{"rendered":"Finalitza una nova edici\u00f3 de l&#8217;Escola de Pasqua de l&#8217;Ajuntament de Xest"},"content":{"rendered":"\n<p>Aquesta setmana s&#8217;ha desenvolupat l&#8217;Escola de Pasqua 2026, organitzada des de la regidoria d&#8217;Educaci\u00f3 de l&#8217;Ajuntament de Xest. L&#8217;activitat es va desenvolupar en el CEIP Blasco Ib\u00e1\u00f1ez, on els xiquets i xiquetes d&#8217;Infantil i Prim\u00e0ria del municipi van gaudir d&#8217;una setmana plena d&#8217;aprenentatge, creativitat i diversi\u00f3.<\/p>\n\n\n\n<p>Sota el lema \u201cExploradors del Futur\u201d, l&#8217;escola va oferir un espai educatiu i ple d&#8217;aventures en el qual els xiquets van poder experimentar amb diferents din\u00e0miques que van estimular la seua curiositat, el pensament l\u00f2gic i l&#8217;expressi\u00f3 art\u00edstica, al mateix temps que van aprendre sobre la import\u00e0ncia de la col\u00b7laboraci\u00f3, la comunicaci\u00f3 i el respecte per l&#8217;entorn.<\/p>\n\n\n\n<p>\u201cCom cada any apostem per fer de l&#8217;Escola de Pasqua, un espai d&#8217;oci educatiu que no sols va facilitar la conciliaci\u00f3 familiar, sin\u00f3 que tamb\u00e9 va oferir als xiquets i xiquetes noves oportunitats per a socialitzar i divertir-se\u201d, va destacar la regidora d&#8217;Educaci\u00f3, M\u00aa \u00c1ngeles Llorente, qui va afegir que el comprom\u00eds de l&#8217;Ajuntament \u00e9s continuar organitzant aquesta activitat sempre amb els m\u00e9s alts est\u00e0ndards de qualitat.<\/p>\n\n\n\n<figure class=\"wp-block-gallery has-nested-images columns-2 is-cropped wp-block-gallery-1 is-layout-flex wp-block-gallery-is-layout-flex\">\n<figure class=\"wp-block-image size-large\"><img loading=\"lazy\" decoding=\"async\" width=\"1024\" height=\"683\" data-id=\"298525\" src=\"https:\/\/www.tucomarca.com\/wordpress\/segunda\/wp-content\/uploads\/2026\/04\/escuela_pascua_02-1024x683.jpeg\" alt=\"\" class=\"wp-image-298525\" srcset=\"https:\/\/www.tucomarca.com\/wordpress\/segunda\/wp-content\/uploads\/2026\/04\/escuela_pascua_02-1024x683.jpeg 1024w, https:\/\/www.tucomarca.com\/wordpress\/segunda\/wp-content\/uploads\/2026\/04\/escuela_pascua_02-300x200.jpeg 300w, https:\/\/www.tucomarca.com\/wordpress\/segunda\/wp-content\/uploads\/2026\/04\/escuela_pascua_02-768x512.jpeg 768w, https:\/\/www.tucomarca.com\/wordpress\/segunda\/wp-content\/uploads\/2026\/04\/escuela_pascua_02.jpeg 1344w\" sizes=\"auto, (max-width: 1024px) 100vw, 1024px\" \/><\/figure>\n\n\n\n<figure class=\"wp-block-image size-large\"><img loading=\"lazy\" decoding=\"async\" width=\"1024\" height=\"683\" data-id=\"298527\" src=\"https:\/\/www.tucomarca.com\/wordpress\/segunda\/wp-content\/uploads\/2026\/04\/escuela_pascua_03-1024x683.jpeg\" alt=\"\" class=\"wp-image-298527\" srcset=\"https:\/\/www.tucomarca.com\/wordpress\/segunda\/wp-content\/uploads\/2026\/04\/escuela_pascua_03-1024x683.jpeg 1024w, https:\/\/www.tucomarca.com\/wordpress\/segunda\/wp-content\/uploads\/2026\/04\/escuela_pascua_03-300x200.jpeg 300w, https:\/\/www.tucomarca.com\/wordpress\/segunda\/wp-content\/uploads\/2026\/04\/escuela_pascua_03-768x512.jpeg 768w, https:\/\/www.tucomarca.com\/wordpress\/segunda\/wp-content\/uploads\/2026\/04\/escuela_pascua_03.jpeg 1344w\" sizes=\"auto, (max-width: 1024px) 100vw, 1024px\" \/><\/figure>\n\n\n\n<figure class=\"wp-block-image size-large\"><img loading=\"lazy\" decoding=\"async\" width=\"1024\" height=\"683\" data-id=\"298529\" src=\"https:\/\/www.tucomarca.com\/wordpress\/segunda\/wp-content\/uploads\/2026\/04\/escuela_pascua_04-1024x683.jpeg\" alt=\"\" class=\"wp-image-298529\" srcset=\"https:\/\/www.tucomarca.com\/wordpress\/segunda\/wp-content\/uploads\/2026\/04\/escuela_pascua_04-1024x683.jpeg 1024w, https:\/\/www.tucomarca.com\/wordpress\/segunda\/wp-content\/uploads\/2026\/04\/escuela_pascua_04-300x200.jpeg 300w, https:\/\/www.tucomarca.com\/wordpress\/segunda\/wp-content\/uploads\/2026\/04\/escuela_pascua_04-768x512.jpeg 768w, https:\/\/www.tucomarca.com\/wordpress\/segunda\/wp-content\/uploads\/2026\/04\/escuela_pascua_04.jpeg 1344w\" sizes=\"auto, (max-width: 1024px) 100vw, 1024px\" \/><\/figure>\n\n\n\n<figure class=\"wp-block-image size-large\"><img loading=\"lazy\" decoding=\"async\" width=\"1024\" height=\"683\" data-id=\"298531\" src=\"https:\/\/www.tucomarca.com\/wordpress\/segunda\/wp-content\/uploads\/2026\/04\/escuela_pascua_05-1024x683.jpeg\" alt=\"\" class=\"wp-image-298531\" srcset=\"https:\/\/www.tucomarca.com\/wordpress\/segunda\/wp-content\/uploads\/2026\/04\/escuela_pascua_05-1024x683.jpeg 1024w, https:\/\/www.tucomarca.com\/wordpress\/segunda\/wp-content\/uploads\/2026\/04\/escuela_pascua_05-300x200.jpeg 300w, https:\/\/www.tucomarca.com\/wordpress\/segunda\/wp-content\/uploads\/2026\/04\/escuela_pascua_05-768x512.jpeg 768w, https:\/\/www.tucomarca.com\/wordpress\/segunda\/wp-content\/uploads\/2026\/04\/escuela_pascua_05.jpeg 1344w\" sizes=\"auto, (max-width: 1024px) 100vw, 1024px\" \/><\/figure>\n\n\n\n<figure class=\"wp-block-image size-large\"><img loading=\"lazy\" decoding=\"async\" width=\"1024\" height=\"683\" data-id=\"298533\" src=\"https:\/\/www.tucomarca.com\/wordpress\/segunda\/wp-content\/uploads\/2026\/04\/escuela_pascua_06-1024x683.jpeg\" alt=\"\" class=\"wp-image-298533\" srcset=\"https:\/\/www.tucomarca.com\/wordpress\/segunda\/wp-content\/uploads\/2026\/04\/escuela_pascua_06-1024x683.jpeg 1024w, https:\/\/www.tucomarca.com\/wordpress\/segunda\/wp-content\/uploads\/2026\/04\/escuela_pascua_06-300x200.jpeg 300w, https:\/\/www.tucomarca.com\/wordpress\/segunda\/wp-content\/uploads\/2026\/04\/escuela_pascua_06-768x512.jpeg 768w, https:\/\/www.tucomarca.com\/wordpress\/segunda\/wp-content\/uploads\/2026\/04\/escuela_pascua_06.jpeg 1344w\" sizes=\"auto, (max-width: 1024px) 100vw, 1024px\" \/><\/figure>\n\n\n\n<figure class=\"wp-block-image size-large\"><img loading=\"lazy\" decoding=\"async\" width=\"1024\" height=\"683\" data-id=\"298535\" src=\"https:\/\/www.tucomarca.com\/wordpress\/segunda\/wp-content\/uploads\/2026\/04\/escuela_pascua_07-1024x683.jpeg\" alt=\"\" class=\"wp-image-298535\" srcset=\"https:\/\/www.tucomarca.com\/wordpress\/segunda\/wp-content\/uploads\/2026\/04\/escuela_pascua_07-1024x683.jpeg 1024w, https:\/\/www.tucomarca.com\/wordpress\/segunda\/wp-content\/uploads\/2026\/04\/escuela_pascua_07-300x200.jpeg 300w, https:\/\/www.tucomarca.com\/wordpress\/segunda\/wp-content\/uploads\/2026\/04\/escuela_pascua_07-768x512.jpeg 768w, https:\/\/www.tucomarca.com\/wordpress\/segunda\/wp-content\/uploads\/2026\/04\/escuela_pascua_07.jpeg 1278w\" sizes=\"auto, (max-width: 1024px) 100vw, 1024px\" \/><\/figure>\n\n\n\n<figure class=\"wp-block-image size-large\"><img loading=\"lazy\" decoding=\"async\" width=\"1024\" height=\"683\" data-id=\"298537\" src=\"https:\/\/www.tucomarca.com\/wordpress\/segunda\/wp-content\/uploads\/2026\/04\/escuela_pascua_08-1024x683.jpeg\" alt=\"\" class=\"wp-image-298537\" srcset=\"https:\/\/www.tucomarca.com\/wordpress\/segunda\/wp-content\/uploads\/2026\/04\/escuela_pascua_08-1024x683.jpeg 1024w, https:\/\/www.tucomarca.com\/wordpress\/segunda\/wp-content\/uploads\/2026\/04\/escuela_pascua_08-300x200.jpeg 300w, https:\/\/www.tucomarca.com\/wordpress\/segunda\/wp-content\/uploads\/2026\/04\/escuela_pascua_08-768x512.jpeg 768w, https:\/\/www.tucomarca.com\/wordpress\/segunda\/wp-content\/uploads\/2026\/04\/escuela_pascua_08.jpeg 1344w\" sizes=\"auto, (max-width: 1024px) 100vw, 1024px\" \/><\/figure>\n<\/figure>\n","protected":false},"excerpt":{"rendered":"<div class=\"mh-excerpt\">Aquesta setmana s&#8217;ha desenvolupat l&#8217;Escola de Pasqua 2026, organitzada des de la regidoria d&#8217;Educaci\u00f3 de l&#8217;Ajuntament de Xest. L&#8217;activitat es va desenvolupar en el CEIP Blasco Ib\u00e1\u00f1ez, on els xiquets i xiquetes d&#8217;Infantil i Prim\u00e0ria <a class=\"mh-excerpt-more\" href=\"https:\/\/www.tucomarca.com\/wordpress\/segunda\/ca\/finalitza-una-nova-edicio-de-lescola-de-pasqua-de-lajuntament-de-xest\/\" title=\"Finalitza una nova edici\u00f3 de l&#8217;Escola de Pasqua de l&#8217;Ajuntament de Xest\">[+] <\/a><\/div>\n","protected":false},"author":12,"featured_media":298524,"comment_status":"closed","ping_status":"open","sticky":false,"template":"","format":"gallery","meta":{"footnotes":""},"categories":[10894,10912,11007,10896,10974],"tags":[11071,18950,10914],"class_list":{"0":"post-298544","1":"post","2":"type-post","3":"status-publish","4":"format-gallery","5":"has-post-thumbnail","7":"category-la-comarca-ca","8":"category-la-hoya-ca","9":"category-ocio-y-cultura-ca","10":"category-seccion-ca","11":"category-cheste-ca","12":"tag-cheste","13":"tag-escuela-de-pascua-ca","14":"tag-la-hoya-de-bunol-chiva-ca","15":"post_format-post-format-gallery"},"_links":{"self":[{"href":"https:\/\/www.tucomarca.com\/wordpress\/segunda\/ca\/wp-json\/wp\/v2\/posts\/298544","targetHints":{"allow":["GET"]}}],"collection":[{"href":"https:\/\/www.tucomarca.com\/wordpress\/segunda\/ca\/wp-json\/wp\/v2\/posts"}],"about":[{"href":"https:\/\/www.tucomarca.com\/wordpress\/segunda\/ca\/wp-json\/wp\/v2\/types\/post"}],"author":[{"embeddable":true,"href":"https:\/\/www.tucomarca.com\/wordpress\/segunda\/ca\/wp-json\/wp\/v2\/users\/12"}],"replies":[{"embeddable":true,"href":"https:\/\/www.tucomarca.com\/wordpress\/segunda\/ca\/wp-json\/wp\/v2\/comments?post=298544"}],"version-history":[{"count":0,"href":"https:\/\/www.tucomarca.com\/wordpress\/segunda\/ca\/wp-json\/wp\/v2\/posts\/298544\/revisions"}],"wp:featuredmedia":[{"embeddable":true,"href":"https:\/\/www.tucomarca.com\/wordpress\/segunda\/ca\/wp-json\/wp\/v2\/media\/298524"}],"wp:attachment":[{"href":"https:\/\/www.tucomarca.com\/wordpress\/segunda\/ca\/wp-json\/wp\/v2\/media?parent=298544"}],"wp:term":[{"taxonomy":"category","embeddable":true,"href":"https:\/\/www.tucomarca.com\/wordpress\/segunda\/ca\/wp-json\/wp\/v2\/categories?post=298544"},{"taxonomy":"post_tag","embeddable":true,"href":"https:\/\/www.tucomarca.com\/wordpress\/segunda\/ca\/wp-json\/wp\/v2\/tags?post=298544"}],"curies":[{"name":"wp","href":"https:\/\/api.w.org\/{rel}","templated":true}]}}