{"id":298561,"date":"2026-04-13T09:20:00","date_gmt":"2026-04-13T07:20:00","guid":{"rendered":"https:\/\/www.tucomarca.com\/wordpress\/segunda\/?p=298561"},"modified":"2026-04-13T12:57:55","modified_gmt":"2026-04-13T10:57:55","slug":"alborache-acollira-la-tercera-edicio-del-zorricos-fest-un-festival-de-circ-al-carrer-per-a-tota-la-familia","status":"publish","type":"post","link":"https:\/\/www.tucomarca.com\/wordpress\/segunda\/ca\/alborache-acollira-la-tercera-edicio-del-zorricos-fest-un-festival-de-circ-al-carrer-per-a-tota-la-familia\/","title":{"rendered":"Alborache acollir\u00e0 la tercera edici\u00f3 del Zorricos Fest, un festival de circ al carrer per a tota la fam\u00edlia"},"content":{"rendered":"\n<p>Despr\u00e9s de l\u2019\u00e8xit de les anteriors edicions, el <strong>Zorricos Fest<\/strong> torna a <strong>Alborache<\/strong> els dies <strong>17, 18 i 19 d\u2019abril de 2026<\/strong> amb una proposta ampliada que combina circ, cultura i oci per a tots els p\u00fablics. Durant tot el cap de setmana, el municipi es transformar\u00e0 de nou en un gran escenari a l\u2019aire lliure on la m\u00e0gia, l\u2019acrob\u00e0cia i la diversi\u00f3 seran protagonistes.<\/p>\n\n\n\n<p>El festival comptar\u00e0 amb una variada programaci\u00f3 d\u2019espectacles circenses repartits per diferents punts del poble. Malabaristes, acr\u00f2bates, equilibristes i pallassos oferiran actuacions de primer nivell que sorprendran tant ve\u00efns com visitants, consolidant l\u2019esdeveniment com una cita imprescindible en l\u2019agenda cultural de la comarca.<\/p>\n\n\n\n<p>Com a novetat en esta edici\u00f3, el <strong>Zorricos Fest<\/strong> incorporar\u00e0 una zona de marxandatge oficial del festival, aix\u00ed com un espai ampliat amb tendes d\u2019artesania on el p\u00fablic podr\u00e0 descobrir i adquirir productes \u00fanics fets a m\u00e0. A m\u00e9s, es refor\u00e7ar\u00e0 l\u2019oferta gastron\u00f2mica amb una selecci\u00f3 de <em>food trucks<\/em> que oferiran opcions variades per a tots els gustos, incloent alternatives sense gluten i vegetarianes.<\/p>\n\n\n\n<p>El programa es completar\u00e0 amb tallers de circ infantil, on els m\u00e9s menuts podran iniciar-se en disciplines com els malabars, l\u2019equilibri o l\u2019acrob\u00e0cia, aix\u00ed com amb una cercavila participativa que recorrer\u00e0 els carrers del municipi, implicant p\u00fablic i artistes en una experi\u00e8ncia col\u00b7lectiva.<\/p>\n\n\n\n<p>L\u2019Ajuntament d\u2019<strong>Alborache<\/strong> i l\u2019organitzaci\u00f3 del festival conviden tota la ciutadania a gaudir d\u2019esta tercera edici\u00f3 del <strong>Zorricos Fest<\/strong>, un esdeveniment que continua creixent i que refor\u00e7a el comprom\u00eds del municipi amb la cultura, l\u2019art al carrer i la dinamitzaci\u00f3 de l\u2019entorn rural.<\/p>\n\n\n\n<p>No et perdes un cap de setmana ple d\u2019espectacle, creativitat i diversi\u00f3 a Alborache!<\/p>\n\n\n\n<p>M\u00e9s informaci\u00f3:<br>Facebook: Ayuntamiento de Alborache<br>Instagram: @zorricosfest<\/p>\n\n\n\n<figure class=\"wp-block-gallery has-nested-images columns-2 is-cropped wp-block-gallery-1 is-layout-flex wp-block-gallery-is-layout-flex\">\n<figure class=\"wp-block-image size-large\"><img loading=\"lazy\" decoding=\"async\" width=\"819\" height=\"1024\" data-id=\"298550\" src=\"https:\/\/www.tucomarca.com\/wordpress\/segunda\/wp-content\/uploads\/2026\/04\/ProgramaManana.jpg\" alt=\"\" class=\"wp-image-298550\" srcset=\"https:\/\/www.tucomarca.com\/wordpress\/segunda\/wp-content\/uploads\/2026\/04\/ProgramaManana.jpg 819w, https:\/\/www.tucomarca.com\/wordpress\/segunda\/wp-content\/uploads\/2026\/04\/ProgramaManana-240x300.jpg 240w, https:\/\/www.tucomarca.com\/wordpress\/segunda\/wp-content\/uploads\/2026\/04\/ProgramaManana-768x960.jpg 768w\" sizes=\"auto, (max-width: 819px) 100vw, 819px\" \/><\/figure>\n\n\n\n<figure class=\"wp-block-image size-large\"><img loading=\"lazy\" decoding=\"async\" width=\"819\" height=\"1024\" data-id=\"298552\" src=\"https:\/\/www.tucomarca.com\/wordpress\/segunda\/wp-content\/uploads\/2026\/04\/ProgramaTarde.jpg\" alt=\"\" class=\"wp-image-298552\" srcset=\"https:\/\/www.tucomarca.com\/wordpress\/segunda\/wp-content\/uploads\/2026\/04\/ProgramaTarde.jpg 819w, https:\/\/www.tucomarca.com\/wordpress\/segunda\/wp-content\/uploads\/2026\/04\/ProgramaTarde-240x300.jpg 240w, https:\/\/www.tucomarca.com\/wordpress\/segunda\/wp-content\/uploads\/2026\/04\/ProgramaTarde-768x960.jpg 768w\" sizes=\"auto, (max-width: 819px) 100vw, 819px\" \/><\/figure>\n\n\n\n<figure class=\"wp-block-image size-large\"><img loading=\"lazy\" decoding=\"async\" width=\"692\" height=\"1024\" data-id=\"298556\" src=\"https:\/\/www.tucomarca.com\/wordpress\/segunda\/wp-content\/uploads\/2026\/04\/FotoArtistas-692x1024.jpg\" alt=\"\" class=\"wp-image-298556\" srcset=\"https:\/\/www.tucomarca.com\/wordpress\/segunda\/wp-content\/uploads\/2026\/04\/FotoArtistas-692x1024.jpg 692w, https:\/\/www.tucomarca.com\/wordpress\/segunda\/wp-content\/uploads\/2026\/04\/FotoArtistas-203x300.jpg 203w, https:\/\/www.tucomarca.com\/wordpress\/segunda\/wp-content\/uploads\/2026\/04\/FotoArtistas-768x1137.jpg 768w, https:\/\/www.tucomarca.com\/wordpress\/segunda\/wp-content\/uploads\/2026\/04\/FotoArtistas-1038x1536.jpg 1038w, https:\/\/www.tucomarca.com\/wordpress\/segunda\/wp-content\/uploads\/2026\/04\/FotoArtistas-1384x2048.jpg 1384w, https:\/\/www.tucomarca.com\/wordpress\/segunda\/wp-content\/uploads\/2026\/04\/FotoArtistas-scaled.jpg 1730w\" sizes=\"auto, (max-width: 692px) 100vw, 692px\" \/><\/figure>\n\n\n\n<figure class=\"wp-block-image size-large\"><img loading=\"lazy\" decoding=\"async\" width=\"682\" height=\"1024\" data-id=\"298558\" src=\"https:\/\/www.tucomarca.com\/wordpress\/segunda\/wp-content\/uploads\/2026\/04\/Equilibrismo-682x1024.jpg\" alt=\"\" class=\"wp-image-298558\" srcset=\"https:\/\/www.tucomarca.com\/wordpress\/segunda\/wp-content\/uploads\/2026\/04\/Equilibrismo-682x1024.jpg 682w, https:\/\/www.tucomarca.com\/wordpress\/segunda\/wp-content\/uploads\/2026\/04\/Equilibrismo-200x300.jpg 200w, https:\/\/www.tucomarca.com\/wordpress\/segunda\/wp-content\/uploads\/2026\/04\/Equilibrismo-768x1153.jpg 768w, https:\/\/www.tucomarca.com\/wordpress\/segunda\/wp-content\/uploads\/2026\/04\/Equilibrismo.jpg 886w\" sizes=\"auto, (max-width: 682px) 100vw, 682px\" \/><\/figure>\n\n\n\n<figure class=\"wp-block-image size-large\"><img loading=\"lazy\" decoding=\"async\" width=\"1024\" height=\"577\" data-id=\"298554\" src=\"https:\/\/www.tucomarca.com\/wordpress\/segunda\/wp-content\/uploads\/2026\/04\/EspectaculoInfantil-1024x577.jpg\" alt=\"\" class=\"wp-image-298554\" srcset=\"https:\/\/www.tucomarca.com\/wordpress\/segunda\/wp-content\/uploads\/2026\/04\/EspectaculoInfantil-1024x577.jpg 1024w, https:\/\/www.tucomarca.com\/wordpress\/segunda\/wp-content\/uploads\/2026\/04\/EspectaculoInfantil-300x169.jpg 300w, https:\/\/www.tucomarca.com\/wordpress\/segunda\/wp-content\/uploads\/2026\/04\/EspectaculoInfantil-768x432.jpg 768w, https:\/\/www.tucomarca.com\/wordpress\/segunda\/wp-content\/uploads\/2026\/04\/EspectaculoInfantil-678x381.jpg 678w, https:\/\/www.tucomarca.com\/wordpress\/segunda\/wp-content\/uploads\/2026\/04\/EspectaculoInfantil.jpg 1181w\" sizes=\"auto, (max-width: 1024px) 100vw, 1024px\" \/><\/figure>\n<\/figure>\n","protected":false},"excerpt":{"rendered":"<div class=\"mh-excerpt\">Despr\u00e9s de l\u2019\u00e8xit de les anteriors edicions, el Zorricos Fest torna a Alborache els dies 17, 18 i 19 d\u2019abril de 2026 amb una proposta ampliada que combina circ, cultura i oci per a tots <a class=\"mh-excerpt-more\" href=\"https:\/\/www.tucomarca.com\/wordpress\/segunda\/ca\/alborache-acollira-la-tercera-edicio-del-zorricos-fest-un-festival-de-circ-al-carrer-per-a-tota-la-familia\/\" title=\"Alborache acollir\u00e0 la tercera edici\u00f3 del Zorricos Fest, un festival de circ al carrer per a tota la fam\u00edlia\">[+] <\/a><\/div>\n","protected":false},"author":12,"featured_media":298549,"comment_status":"closed","ping_status":"open","sticky":false,"template":"","format":"gallery","meta":{"footnotes":""},"categories":[11019,10973,10894,10912,11007,10896],"tags":[11224,10914,19925],"class_list":{"0":"post-298561","1":"post","2":"type-post","3":"status-publish","4":"format-gallery","5":"has-post-thumbnail","7":"category-agenda-ca","8":"category-alborache-ca","9":"category-la-comarca-ca","10":"category-la-hoya-ca","11":"category-ocio-y-cultura-ca","12":"category-seccion-ca","13":"tag-alborache-ca","14":"tag-la-hoya-de-bunol-chiva-ca","15":"tag-zorricos-fest-ca","16":"post_format-post-format-gallery"},"_links":{"self":[{"href":"https:\/\/www.tucomarca.com\/wordpress\/segunda\/ca\/wp-json\/wp\/v2\/posts\/298561","targetHints":{"allow":["GET"]}}],"collection":[{"href":"https:\/\/www.tucomarca.com\/wordpress\/segunda\/ca\/wp-json\/wp\/v2\/posts"}],"about":[{"href":"https:\/\/www.tucomarca.com\/wordpress\/segunda\/ca\/wp-json\/wp\/v2\/types\/post"}],"author":[{"embeddable":true,"href":"https:\/\/www.tucomarca.com\/wordpress\/segunda\/ca\/wp-json\/wp\/v2\/users\/12"}],"replies":[{"embeddable":true,"href":"https:\/\/www.tucomarca.com\/wordpress\/segunda\/ca\/wp-json\/wp\/v2\/comments?post=298561"}],"version-history":[{"count":0,"href":"https:\/\/www.tucomarca.com\/wordpress\/segunda\/ca\/wp-json\/wp\/v2\/posts\/298561\/revisions"}],"wp:featuredmedia":[{"embeddable":true,"href":"https:\/\/www.tucomarca.com\/wordpress\/segunda\/ca\/wp-json\/wp\/v2\/media\/298549"}],"wp:attachment":[{"href":"https:\/\/www.tucomarca.com\/wordpress\/segunda\/ca\/wp-json\/wp\/v2\/media?parent=298561"}],"wp:term":[{"taxonomy":"category","embeddable":true,"href":"https:\/\/www.tucomarca.com\/wordpress\/segunda\/ca\/wp-json\/wp\/v2\/categories?post=298561"},{"taxonomy":"post_tag","embeddable":true,"href":"https:\/\/www.tucomarca.com\/wordpress\/segunda\/ca\/wp-json\/wp\/v2\/tags?post=298561"}],"curies":[{"name":"wp","href":"https:\/\/api.w.org\/{rel}","templated":true}]}}