{"id":298568,"date":"2026-04-13T09:10:00","date_gmt":"2026-04-13T07:10:00","guid":{"rendered":"https:\/\/www.tucomarca.com\/wordpress\/segunda\/?p=298568"},"modified":"2026-04-13T12:49:57","modified_gmt":"2026-04-13T10:49:57","slug":"tallers-musica-i-literatura-protagonitzen-xest-llig-la-fira-del-llibre-de-xest-2026","status":"publish","type":"post","link":"https:\/\/www.tucomarca.com\/wordpress\/segunda\/ca\/tallers-musica-i-literatura-protagonitzen-xest-llig-la-fira-del-llibre-de-xest-2026\/","title":{"rendered":"Tallers, m\u00fasica i literatura protagonitzen &#8216;Xest Llig&#8217;, la Fira del Llibre de Xest 2026"},"content":{"rendered":"\n<h3 class=\"wp-block-heading\">Del 20 al 26 d&#8217;abril, la localitat acollir\u00e0 tallers, presentacions liter\u00e0ries, activitats musicals i una fira del llibre amb la participaci\u00f3 de llibreries, associacions i escriptors.<\/h3>\n\n\n\n<p>Xest celebrar\u00e0 del 20\u00a0 al 26 d&#8217;abril la seua fira del llibre sota la denominaci\u00f3\u00a0Xest Llig, una iniciativa cultural que enguany proposa una programaci\u00f3 tem\u00e0tica en la qual cada jornada estar\u00e0 dedicada a un \u00e0mbit distint de la lectura, com la m\u00fasica o la hist\u00f2ria. Al llarg de la setmana es desenvoluparan tallers, presentacions de llibres, activitats participatives i espectacles pensats per a fomentar l&#8217;h\u00e0bit lector entre persones de totes les edats.<\/p>\n\n\n\n<p>M\u00aa \u00c1ngeles Llorente, regidora de Cultura i tinenta d&#8217;alcalde de l&#8217;Ajuntament de Xest, ha subratllat \u201cla ferma aposta del municipi per la cultura i, especialment, per la lectura com a motor de creixement personal i comunitari\u201d. Sota el seu punt de vista, \u201camb Xest Lee volem que la lectura isca al carrer, que els llibres ocupen places, parcs i racons del municipi i que totes les persones, independentment de la seua edat, troben una proposta que els convide a gaudir de la cultura\u201d.<\/p>\n\n\n\n<p>La programaci\u00f3 comen\u00e7ar\u00e0&nbsp;del 20 al 30 d&#8217;abril&nbsp;amb&nbsp;tallers d&#8217;animaci\u00f3 a la lectura que se celebraran en els diferents centres escolars, dirigits especialment al p\u00fablic infantil i juvenil, amb l&#8217;objectiu de despertar l&#8217;inter\u00e9s pels llibres a trav\u00e9s d&#8217;activitats din\u00e0miques i creatives.<\/p>\n\n\n\n<p>El\u00a0dijous 23 d&#8217;abril, coincidint amb el Dia del Llibre, tindr\u00e0 lloc una jornada amb activitats participatives. A les\u00a017:30 hores\u00a0se celebrar\u00e0 la\u00a0mostra del concurs de marcap\u00e1ginas\u00a0en el Centre de Formaci\u00f3 de Persones Adultes. Posteriorment, el CFPA acollir\u00e0 a les\u00a018:00 hores la tradicional\u00a0\u201csembra de llibres\u201d, una iniciativa que convida als ve\u00efns a deixar i descobrir exemplars en diferents punts del municipi per a promoure l&#8217;intercanvi de lectures.<\/p>\n\n\n\n<p>El&nbsp;24 d&#8217;abril&nbsp;estar\u00e0 dedicat a&nbsp;\u201cXest Llig Hist\u00f2ria\u201d. La vesprada comen\u00e7ar\u00e0 a les&nbsp;#18:30 hores&nbsp;amb la presentaci\u00f3 del llibre&nbsp;\u201cLl\u00e0grimes de fang\u201d, de Carmen Amoraga. M\u00e9s tard, a les&nbsp;#20:00 hores, es representar\u00e0 la proposta esc\u00e8nica&nbsp;\u201cAquil\u00b7les contra la guerra\u201d, un recorregut teatralitzat pels carrers&nbsp;Xiva, P\u00e9rez Gald\u00f3s i Av. Castella, que finalitzar\u00e0 en la&nbsp;pla\u00e7a de la II Rep\u00fablica.<\/p>\n\n\n\n<p>La programaci\u00f3 continuar\u00e0 el\u00a025 d&#8217;abril\u00a0amb\u00a0\u201cXest Llig M\u00fasica\u201d, una jornada que unir\u00e0 literatura i m\u00fasica amb un\u00a0concert de m\u00fasica i literatura\u00a0a c\u00e0rrec del grup\u00a0 In-fusi\u00f3, acompanyat per\u00a0Antonio Cambras a la trompeta, en una proposta que combina la interpretaci\u00f3 musical amb l&#8217;univers literari. El concert tindr\u00e0 lloc en el Teatre Liceu a les 19 hores. Pr\u00e8viament, se celebrar\u00e0 l&#8217;activitat \u201cXest en marxa, naturalesa i salut\u201d, que tindr\u00e0 lloc de 9:00 a 14:00 hores al Parc de la Lomiquia. La jornada inclour\u00e0 sessions de ioga, bodycombat, nordic walking, entrenament funcional i musicoter\u00e0pia.<\/p>\n\n\n\n<p>El\u00a0diumenge 26 d&#8217;abril\u00a0tindr\u00e0 lloc la jornada central amb\u00a0\u201cXest Llig. Fira del Llibre\u201d. A les\u00a011:00 hores\u00a0s&#8217;obriran els diferents\u00a0estands literaris, en els quals participaran la\u00a0Llibreria Donya Leo, amb la pres\u00e8ncia de\u00a0M\u00e0xim Huerta; l&#8217;Institut\u00a0 d&#8217;Estudis Comercials de la Foia de Bunyol-Xiva;\u00a0Calamus Club d&#8217;Escriptura, l&#8217;Associaci\u00f3 de Dones Escriptores de Xiva, l&#8217;Associaci\u00f3\u00a0 Zasca C\u00f2mic i les\u00a0llibreries Oasis i Paspart\u00fa. Tamb\u00e9 hi haur\u00e0 un espai dedicat a autors locals amb\u00a0Cristina Tamarit\u00a0i\u00a0Mar\u00eda del Carmen Mascard\u00f3.<\/p>\n\n\n\n<p>A partir de les\u00a011:00 hores\u00a0es desenvoluparan\u00a0tallers per a totes les edats, entre ells un\u00a0taller de poesia amb micro obert\u00a0organitzat pel Club de Lectura, un\u00a0taller de marcap\u00e1ginas, coordinat per la Biblioteca Municipal, un taller d&#8217;escriptura creativa dirigit pel CFPA, i Jugant amb el llenguatge, a c\u00e0rrec de David Vid.<\/p>\n\n\n\n<p>La jornada continuar\u00e0 a les\u00a011:30 hores\u00a0amb la presentaci\u00f3 de la campanya\u00a0\u201cBenvinguts a la lectura\u201d, una iniciativa mitjan\u00e7ant la qual\u00a0tots els xiquets nascuts en 2025 rebran un llibre i obtindran el seu primer carnet de la biblioteca municipal.<\/p>\n\n\n\n<p>El programa matinal conclour\u00e0 amb activitats familiars: a les&nbsp;#11:45 hores&nbsp;se celebrar\u00e0 un&nbsp;compte-contes de la m\u00e0 de la companyia Far\u00e0ndula i, a les&nbsp;#12:30 hores, l&#8217;espectacle de&nbsp;Titellaires de Bin\u00e8far.<\/p>\n\n\n\n<p>Amb aquesta programaci\u00f3,\u00a0\u201cXest Llig\u201d\u00a0pret\u00e9n convertir el municipi en un espai de trobada per a lectors, escriptors, llibreries i associacions culturals, fomentant l&#8217;acc\u00e9s a la lectura i la participaci\u00f3 ciutadana entorn del llibre.<\/p>\n","protected":false},"excerpt":{"rendered":"<div class=\"mh-excerpt\">Del 20 al 26 d&#8217;abril, la localitat acollir\u00e0 tallers, presentacions liter\u00e0ries, activitats musicals i una fira del llibre amb la participaci\u00f3 de llibreries, associacions i escriptors. Xest celebrar\u00e0 del 20\u00a0 al 26 d&#8217;abril la seua <a class=\"mh-excerpt-more\" href=\"https:\/\/www.tucomarca.com\/wordpress\/segunda\/ca\/tallers-musica-i-literatura-protagonitzen-xest-llig-la-fira-del-llibre-de-xest-2026\/\" title=\"Tallers, m\u00fasica i literatura protagonitzen &#8216;Xest Llig&#8217;, la Fira del Llibre de Xest 2026\">[+] <\/a><\/div>\n","protected":false},"author":12,"featured_media":298567,"comment_status":"closed","ping_status":"open","sticky":false,"template":"","format":"standard","meta":{"footnotes":""},"categories":[11019,10894,10912,11007,10896,10974],"tags":[11071,24120,10914],"class_list":{"0":"post-298568","1":"post","2":"type-post","3":"status-publish","4":"format-standard","5":"has-post-thumbnail","7":"category-agenda-ca","8":"category-la-comarca-ca","9":"category-la-hoya-ca","10":"category-ocio-y-cultura-ca","11":"category-seccion-ca","12":"category-cheste-ca","13":"tag-cheste","14":"tag-cheste-lee","15":"tag-la-hoya-de-bunol-chiva-ca"},"_links":{"self":[{"href":"https:\/\/www.tucomarca.com\/wordpress\/segunda\/ca\/wp-json\/wp\/v2\/posts\/298568","targetHints":{"allow":["GET"]}}],"collection":[{"href":"https:\/\/www.tucomarca.com\/wordpress\/segunda\/ca\/wp-json\/wp\/v2\/posts"}],"about":[{"href":"https:\/\/www.tucomarca.com\/wordpress\/segunda\/ca\/wp-json\/wp\/v2\/types\/post"}],"author":[{"embeddable":true,"href":"https:\/\/www.tucomarca.com\/wordpress\/segunda\/ca\/wp-json\/wp\/v2\/users\/12"}],"replies":[{"embeddable":true,"href":"https:\/\/www.tucomarca.com\/wordpress\/segunda\/ca\/wp-json\/wp\/v2\/comments?post=298568"}],"version-history":[{"count":0,"href":"https:\/\/www.tucomarca.com\/wordpress\/segunda\/ca\/wp-json\/wp\/v2\/posts\/298568\/revisions"}],"wp:featuredmedia":[{"embeddable":true,"href":"https:\/\/www.tucomarca.com\/wordpress\/segunda\/ca\/wp-json\/wp\/v2\/media\/298567"}],"wp:attachment":[{"href":"https:\/\/www.tucomarca.com\/wordpress\/segunda\/ca\/wp-json\/wp\/v2\/media?parent=298568"}],"wp:term":[{"taxonomy":"category","embeddable":true,"href":"https:\/\/www.tucomarca.com\/wordpress\/segunda\/ca\/wp-json\/wp\/v2\/categories?post=298568"},{"taxonomy":"post_tag","embeddable":true,"href":"https:\/\/www.tucomarca.com\/wordpress\/segunda\/ca\/wp-json\/wp\/v2\/tags?post=298568"}],"curies":[{"name":"wp","href":"https:\/\/api.w.org\/{rel}","templated":true}]}}