{"id":298581,"date":"2026-04-13T09:15:00","date_gmt":"2026-04-13T07:15:00","guid":{"rendered":"https:\/\/www.tucomarca.com\/wordpress\/segunda\/?p=298581"},"modified":"2026-04-13T12:47:14","modified_gmt":"2026-04-13T10:47:14","slug":"empat-sense-gols-del-cd-bunyol-a-casa-enfront-de-lac-torrellano","status":"publish","type":"post","link":"https:\/\/www.tucomarca.com\/wordpress\/segunda\/ca\/empat-sense-gols-del-cd-bunyol-a-casa-enfront-de-lac-torrellano\/","title":{"rendered":"Empat sense gols del CD Bunyol a casa enfront de l&#8217;AC Torrellano"},"content":{"rendered":"\n<p>El CD Bu\u00f1ol no va poder passar de l\u2019empat (0-0) davant l\u2019AC Torrellano en un encontre marcat per la igualtat i la falta d\u2019encert de cara a porteria.<\/p>\n\n\n\n<p>El conjunt local va disposar de diverses ocasions clares per a avan\u00e7ar-se en el marcador, especialment en la primera part. La primera va arribar en el minut 19, quan Pastor va protagonitzar una acci\u00f3 perillosa que va estar prop de convertir-se en l\u20191-0. M\u00e9s tard, en el 35\u2019, va ser Jonas qui ho va intentar sense \u00e8xit, mantenint la sensaci\u00f3 que el gol podia arribar en qualsevol moment.<\/p>\n\n\n\n<p>Ja al l\u00edmit del descans, en el minut 44, Mangel va tindre una altra oportunitat destacada, per\u00f2 el bal\u00f3 no va trobar porteria i el marcador no es va moure.<\/p>\n\n\n\n<p>Despr\u00e9s del pas pels vestidors, els dos equips van mantindre el pols, encara que sense generar ocasions prou clares com per a trencar la igualtat inicial.<\/p>\n\n\n\n<p>Amb este resultat, el CD Bu\u00f1ol suma un punt a casa en un partit en qu\u00e8 va mer\u00e9ixer m\u00e9s, per\u00f2 en el qual la falta de definici\u00f3 va impedir transformar les ocasions en gols.<\/p>\n\n\n\n<p><\/p>\n","protected":false},"excerpt":{"rendered":"<div class=\"mh-excerpt\">El CD Bu\u00f1ol no va poder passar de l\u2019empat (0-0) davant l\u2019AC Torrellano en un encontre marcat per la igualtat i la falta d\u2019encert de cara a porteria. El conjunt local va disposar de diverses <a class=\"mh-excerpt-more\" href=\"https:\/\/www.tucomarca.com\/wordpress\/segunda\/ca\/empat-sense-gols-del-cd-bunyol-a-casa-enfront-de-lac-torrellano\/\" title=\"Empat sense gols del CD Bunyol a casa enfront de l&#8217;AC Torrellano\">[+] <\/a><\/div>\n","protected":false},"author":12,"featured_media":298580,"comment_status":"closed","ping_status":"open","sticky":false,"template":"","format":"standard","meta":{"footnotes":""},"categories":[10911,11015,11003,10894,10912,10896],"tags":[10913,11126,11074,10914],"class_list":{"0":"post-298581","1":"post","2":"type-post","3":"status-publish","4":"format-standard","5":"has-post-thumbnail","7":"category-bunol-ca","8":"category-canal-futbol","9":"category-sports","10":"category-la-comarca-ca","11":"category-la-hoya-ca","12":"category-seccion-ca","13":"tag-bunol-ca","14":"tag-cd-bunol-ca","15":"tag-deportes-ca","16":"tag-la-hoya-de-bunol-chiva-ca"},"_links":{"self":[{"href":"https:\/\/www.tucomarca.com\/wordpress\/segunda\/ca\/wp-json\/wp\/v2\/posts\/298581","targetHints":{"allow":["GET"]}}],"collection":[{"href":"https:\/\/www.tucomarca.com\/wordpress\/segunda\/ca\/wp-json\/wp\/v2\/posts"}],"about":[{"href":"https:\/\/www.tucomarca.com\/wordpress\/segunda\/ca\/wp-json\/wp\/v2\/types\/post"}],"author":[{"embeddable":true,"href":"https:\/\/www.tucomarca.com\/wordpress\/segunda\/ca\/wp-json\/wp\/v2\/users\/12"}],"replies":[{"embeddable":true,"href":"https:\/\/www.tucomarca.com\/wordpress\/segunda\/ca\/wp-json\/wp\/v2\/comments?post=298581"}],"version-history":[{"count":0,"href":"https:\/\/www.tucomarca.com\/wordpress\/segunda\/ca\/wp-json\/wp\/v2\/posts\/298581\/revisions"}],"wp:featuredmedia":[{"embeddable":true,"href":"https:\/\/www.tucomarca.com\/wordpress\/segunda\/ca\/wp-json\/wp\/v2\/media\/298580"}],"wp:attachment":[{"href":"https:\/\/www.tucomarca.com\/wordpress\/segunda\/ca\/wp-json\/wp\/v2\/media?parent=298581"}],"wp:term":[{"taxonomy":"category","embeddable":true,"href":"https:\/\/www.tucomarca.com\/wordpress\/segunda\/ca\/wp-json\/wp\/v2\/categories?post=298581"},{"taxonomy":"post_tag","embeddable":true,"href":"https:\/\/www.tucomarca.com\/wordpress\/segunda\/ca\/wp-json\/wp\/v2\/tags?post=298581"}],"curies":[{"name":"wp","href":"https:\/\/api.w.org\/{rel}","templated":true}]}}