{"id":298645,"date":"2026-04-13T11:45:00","date_gmt":"2026-04-13T09:45:00","guid":{"rendered":"https:\/\/www.tucomarca.com\/wordpress\/segunda\/?p=298645"},"modified":"2026-04-13T16:39:17","modified_gmt":"2026-04-13T14:39:17","slug":"la-generalitat-avanca-en-la-renovacio-tecnologica-de-la-xarxa-dextensio-de-tdt-en-170-municipis-per-a-garantir-lacces-a-la-televisio-digital-dultima-generacio","status":"publish","type":"post","link":"https:\/\/www.tucomarca.com\/wordpress\/segunda\/ca\/la-generalitat-avanca-en-la-renovacio-tecnologica-de-la-xarxa-dextensio-de-tdt-en-170-municipis-per-a-garantir-lacces-a-la-televisio-digital-dultima-generacio\/","title":{"rendered":"la Generalitat avan\u00e7a en la renovaci\u00f3 tecnol\u00f2gica de la xarxa d&#8217;extensi\u00f3 de TDT en 170 municipis per a garantir l&#8217;acc\u00e9s a la televisi\u00f3 digital d&#8217;\u00faltima generaci\u00f3"},"content":{"rendered":"\n<p>El gerent de l&#8217;empresa p\u00fablica de Infraestructures i Serveis de Telecomunicacions i Certificaci\u00f3 (ISTEC), Juan Alegre, ha destacat l&#8217;avan\u00e7 del pla de modernitzaci\u00f3 de la xarxa d&#8217;extensi\u00f3 de Televisi\u00f3 Digital Terrestre (TDT) de la Generalitat, que ja ha aconseguit un grau d&#8217;execuci\u00f3 del 70,37% i la finalitzaci\u00f3 del qual est\u00e0 prevista enguany.<\/p>\n\n\n\n<p>Aquest projecte, impulsat per la Generalitat i desenvolupat per ISTEC, permetr\u00e0 garantir l&#8217;acc\u00e9s a la televisi\u00f3 digital d&#8217;\u00faltima generaci\u00f3 en 170 municipis de la Comunitat Valenciana, beneficiant a m\u00e9s de 210.000 habitants, principalment en zones rurals i \u00e0rees amb dificultats orogr\u00e0fiques.<\/p>\n\n\n\n<p>L&#8217;actuaci\u00f3 contempla la renovaci\u00f3 tecnol\u00f2gica d&#8217;un total de 135 centres de telecomunicacions distribu\u00efts per tot el territori auton\u00f2mic, aix\u00ed com l&#8217;actualitzaci\u00f3 de 1.017 canals d&#8217;emissi\u00f3, la qual cosa suposa una millora significativa en la qualitat, fiabilitat i prestacions del servei.<\/p>\n\n\n\n<p>Juan Alegre ha subratllat que aquest projecte \u201cpermet garantir que tots els ciutadans, visquen on visquen, tinguen acc\u00e9s a una oferta televisiva completa en condicions equitatives, contribuint a homogene\u00eftzar la qualitat i disponibilitat del servei audiovisual en tot el territori i refor\u00e7ar la cohesi\u00f3 territorial de la Comunitat Valenciana\u201d.<\/p>\n\n\n\n<p><strong>Nous canals i millora del servei<\/strong><\/p>\n\n\n\n<p>Entre les principals novetats del projecte destaca la incorporaci\u00f3 dels m\u00faltiplex MPE4 i MPE5 en els centres d&#8217;extensi\u00f3 de cobertura. Aquesta millora permet als ciutadans accedir a nous canals que fins ara no estaven disponibles en aquestes zones. Aix\u00ed mateix, els nous equips instal\u00b7lats estan preparats per a la futura implantaci\u00f3 de l&#8217;est\u00e0ndard de difusi\u00f3 DVB-T2 (TDT2), la qual cosa garanteix l&#8217;evoluci\u00f3 tecnol\u00f2gica del servei en els pr\u00f2xims anys.<\/p>\n\n\n\n<p>La xarxa d&#8217;extensi\u00f3 de TDT de la Generalitat dona servei a la denominada \u2018Zona II\u2019, que engloba municipis que, per les seues caracter\u00edstiques geogr\u00e0fiques, no estaven obligats a ser coberts pels operadors estatals durant el desplegament inicial de la TDT. Gr\u00e0cies a aquesta actuaci\u00f3, la Generalitat refor\u00e7a el seu comprom\u00eds amb la vertebraci\u00f3 del territori, assegurant l&#8217;acc\u00e9s a la informaci\u00f3, la cultura i l&#8217;entreteniment en tot el territori.<\/p>\n\n\n\n<p>El gerent del ISTEC ha assenyalat que l&#8217;objectiu \u201c\u00e9s que cap municipi quede arrere en l&#8217;acc\u00e9s a la televisi\u00f3 digital, consolidant una xarxa moderna, eficient i preparada per al futur\u201d.<\/p>\n\n\n\n<p><strong>Execuci\u00f3 del projecte<\/strong><\/p>\n\n\n\n<p>El projecte, iniciat en 2024, es desenvolupa de manera progressiva durant tres anys i avan\u00e7a a bon ritme, amb m\u00e9s de dos ter\u00e7os de les actuacions ja completades. La previsi\u00f3 \u00e9s culminar la renovaci\u00f3 tecnol\u00f2gica durant el present exercici.<\/p>\n\n\n\n<p>Amb aquesta actuaci\u00f3, la Generalitat consolida la seua xarxa de difusi\u00f3 de TDT com una de les m\u00e9s avan\u00e7ades a nivell nacional, millorant la qualitat del servei i reduint, a m\u00e9s, el consum energ\u00e8tic dels centres emissors.<\/p>\n","protected":false},"excerpt":{"rendered":"<div class=\"mh-excerpt\">El gerent de l&#8217;empresa p\u00fablica de Infraestructures i Serveis de Telecomunicacions i Certificaci\u00f3 (ISTEC), Juan Alegre, ha destacat l&#8217;avan\u00e7 del pla de modernitzaci\u00f3 de la xarxa d&#8217;extensi\u00f3 de Televisi\u00f3 Digital Terrestre (TDT) de la Generalitat, <a class=\"mh-excerpt-more\" href=\"https:\/\/www.tucomarca.com\/wordpress\/segunda\/ca\/la-generalitat-avanca-en-la-renovacio-tecnologica-de-la-xarxa-dextensio-de-tdt-en-170-municipis-per-a-garantir-lacces-a-la-televisio-digital-dultima-generacio\/\" title=\"la Generalitat avan\u00e7a en la renovaci\u00f3 tecnol\u00f2gica de la xarxa d&#8217;extensi\u00f3 de TDT en 170 municipis per a garantir l&#8217;acc\u00e9s a la televisi\u00f3 digital d&#8217;\u00faltima generaci\u00f3\">[+] <\/a><\/div>\n","protected":false},"author":12,"featured_media":298644,"comment_status":"closed","ping_status":"open","sticky":false,"template":"","format":"standard","meta":{"footnotes":""},"categories":[10898,10948,10894,10904,10947,10896],"tags":[15325,12903],"class_list":{"0":"post-298645","1":"post","2":"type-post","3":"status-publish","4":"format-standard","5":"has-post-thumbnail","7":"category-ventana-ca","8":"category-infraestructuras-ca","9":"category-la-comarca-ca","10":"category-sin-categorizar-ca","11":"category-politica","12":"category-seccion-ca","13":"tag-gva-ca","14":"tag-infraestructuras-ca"},"_links":{"self":[{"href":"https:\/\/www.tucomarca.com\/wordpress\/segunda\/ca\/wp-json\/wp\/v2\/posts\/298645","targetHints":{"allow":["GET"]}}],"collection":[{"href":"https:\/\/www.tucomarca.com\/wordpress\/segunda\/ca\/wp-json\/wp\/v2\/posts"}],"about":[{"href":"https:\/\/www.tucomarca.com\/wordpress\/segunda\/ca\/wp-json\/wp\/v2\/types\/post"}],"author":[{"embeddable":true,"href":"https:\/\/www.tucomarca.com\/wordpress\/segunda\/ca\/wp-json\/wp\/v2\/users\/12"}],"replies":[{"embeddable":true,"href":"https:\/\/www.tucomarca.com\/wordpress\/segunda\/ca\/wp-json\/wp\/v2\/comments?post=298645"}],"version-history":[{"count":0,"href":"https:\/\/www.tucomarca.com\/wordpress\/segunda\/ca\/wp-json\/wp\/v2\/posts\/298645\/revisions"}],"wp:featuredmedia":[{"embeddable":true,"href":"https:\/\/www.tucomarca.com\/wordpress\/segunda\/ca\/wp-json\/wp\/v2\/media\/298644"}],"wp:attachment":[{"href":"https:\/\/www.tucomarca.com\/wordpress\/segunda\/ca\/wp-json\/wp\/v2\/media?parent=298645"}],"wp:term":[{"taxonomy":"category","embeddable":true,"href":"https:\/\/www.tucomarca.com\/wordpress\/segunda\/ca\/wp-json\/wp\/v2\/categories?post=298645"},{"taxonomy":"post_tag","embeddable":true,"href":"https:\/\/www.tucomarca.com\/wordpress\/segunda\/ca\/wp-json\/wp\/v2\/tags?post=298645"}],"curies":[{"name":"wp","href":"https:\/\/api.w.org\/{rel}","templated":true}]}}