{"id":298649,"date":"2026-04-13T11:30:00","date_gmt":"2026-04-13T09:30:00","guid":{"rendered":"https:\/\/www.tucomarca.com\/wordpress\/segunda\/?p=298649"},"modified":"2026-04-13T17:34:15","modified_gmt":"2026-04-13T15:34:15","slug":"la-generalitat-consolida-la-xarxa-de-governanca-local-de-la-comunitat-valenciana-amb-un-total-de-109-municipis-adherits","status":"publish","type":"post","link":"https:\/\/www.tucomarca.com\/wordpress\/segunda\/ca\/la-generalitat-consolida-la-xarxa-de-governanca-local-de-la-comunitat-valenciana-amb-un-total-de-109-municipis-adherits\/","title":{"rendered":"La Generalitat consolida la Xarxa de Governan\u00e7a Local de la Comunitat Valenciana amb un total de 109 municipis adherits"},"content":{"rendered":"\n<h3 class=\"wp-block-heading\">La Xarxa s&#8217;aferma com el principal espai de cooperaci\u00f3 institucional per a l&#8217;impuls del govern obert en els municipis d&#8217;Alacant, Castell\u00f3 i Val\u00e8ncia<\/h3>\n\n\n\n<h3 class=\"wp-block-heading\">La iniciativa, codirigida per la Generalitat i les tres diputacions provincials, cerca enfortir la transpar\u00e8ncia i la participaci\u00f3 ciutadana en l&#8217;\u00e0mbit local<\/h3>\n\n\n\n<p>La Xarxa de Governan\u00e7a Local de la Comunitat Valenciana aconsegueix un total de 109 entitats locals adherides, xifra que certifica el creixement constant d&#8217;una plataforma l&#8217;objectiu principal de la qual \u00e9s estendre la cultura del govern obert i la integritat institucional a tots els municipis del territori valenci\u00e0.<\/p>\n\n\n\n<p>A trav\u00e9s d&#8217;aquesta estructura de col\u00b7laboraci\u00f3, els ajuntaments i mancomunitats accedeixen a un espai de coordinaci\u00f3 que permet harmonitzar les pol\u00edtiques de bon govern i garantir que la transpar\u00e8ncia arribe de manera efectiva a tota la ciutadania, amb especial atenci\u00f3 als municipis amb menors recursos t\u00e8cnics i pressupostaris.<\/p>\n\n\n\n<p><strong>Un model de cooperaci\u00f3 territorial<\/strong><\/p>\n\n\n\n<p>El funcionament de la Xarxa, codirigida per la Generalitat i les diputacions d&#8217;Alacant, Castell\u00f3 i Val\u00e8ncia, facilita l&#8217;acompanyament a les corporacions locals en el disseny d&#8217;estrat\u00e8gies de participaci\u00f3 ciutadana i en el compliment dels est\u00e0ndards de transpar\u00e8ncia.<\/p>\n\n\n\n<p>M\u00e9s enll\u00e0 de ser un registre d&#8217;entitats compromeses, la plataforma actua com un f\u00f2rum d&#8217;innovaci\u00f3 p\u00fablica on es defineixen l\u00ednies de treball conjuntes. Entre les seues funcions principals destaca la planificaci\u00f3 d&#8217;accions formatives, la creaci\u00f3 de guies de compliment normatiu i el foment de projectes que acosten l&#8217;administraci\u00f3 a la ciutadania a trav\u00e9s de l&#8217;escolta activa.<\/p>\n\n\n\n<p><strong>Impuls al Govern Obert<\/strong><\/p>\n\n\n\n<p>La Xarxa ha experimentat una evoluci\u00f3 ascendent en la seua representativitat, passant dels 64 municipis registrats a la fi de 2024 als 99 que formaven part de l&#8217;estructura al tancament de 2025, fins a aconseguir els 109 actuals.<\/p>\n\n\n\n<p>Aquest creixement sostingut respon a la voluntat de les corporacions locals d&#8217;adoptar models de gesti\u00f3 m\u00e9s oberts, alineats amb les exig\u00e8ncies d&#8217;una societat que demanda major acc\u00e9s a la informaci\u00f3 p\u00fablica i una rendici\u00f3 de comptes constant.<\/p>\n\n\n\n<p>L&#8217;adhesi\u00f3 a aquesta plataforma permet als municipis integrar-se en una estructura de suport mutu per a resoldre reptes comuns, com la digitalitzaci\u00f3 de processos participatius, construint aix\u00ed una identitat comuna basada en el bon govern en tota la Comunitat Valenciana.<\/p>\n","protected":false},"excerpt":{"rendered":"<div class=\"mh-excerpt\">La Xarxa s&#8217;aferma com el principal espai de cooperaci\u00f3 institucional per a l&#8217;impuls del govern obert en els municipis d&#8217;Alacant, Castell\u00f3 i Val\u00e8ncia La iniciativa, codirigida per la Generalitat i les tres diputacions provincials, cerca <a class=\"mh-excerpt-more\" href=\"https:\/\/www.tucomarca.com\/wordpress\/segunda\/ca\/la-generalitat-consolida-la-xarxa-de-governanca-local-de-la-comunitat-valenciana-amb-un-total-de-109-municipis-adherits\/\" title=\"La Generalitat consolida la Xarxa de Governan\u00e7a Local de la Comunitat Valenciana amb un total de 109 municipis adherits\">[+] <\/a><\/div>\n","protected":false},"author":12,"featured_media":267146,"comment_status":"closed","ping_status":"open","sticky":false,"template":"","format":"standard","meta":{"footnotes":""},"categories":[10898,10948,10894,10904,10947,10896],"tags":[12903,11199,11140],"class_list":{"0":"post-298649","1":"post","2":"type-post","3":"status-publish","4":"format-standard","5":"has-post-thumbnail","7":"category-ventana-ca","8":"category-infraestructuras-ca","9":"category-la-comarca-ca","10":"category-sin-categorizar-ca","11":"category-politica","12":"category-seccion-ca","13":"tag-infraestructuras-ca","14":"tag-la-comunitat-ca","15":"tag-politica-ca"},"_links":{"self":[{"href":"https:\/\/www.tucomarca.com\/wordpress\/segunda\/ca\/wp-json\/wp\/v2\/posts\/298649","targetHints":{"allow":["GET"]}}],"collection":[{"href":"https:\/\/www.tucomarca.com\/wordpress\/segunda\/ca\/wp-json\/wp\/v2\/posts"}],"about":[{"href":"https:\/\/www.tucomarca.com\/wordpress\/segunda\/ca\/wp-json\/wp\/v2\/types\/post"}],"author":[{"embeddable":true,"href":"https:\/\/www.tucomarca.com\/wordpress\/segunda\/ca\/wp-json\/wp\/v2\/users\/12"}],"replies":[{"embeddable":true,"href":"https:\/\/www.tucomarca.com\/wordpress\/segunda\/ca\/wp-json\/wp\/v2\/comments?post=298649"}],"version-history":[{"count":0,"href":"https:\/\/www.tucomarca.com\/wordpress\/segunda\/ca\/wp-json\/wp\/v2\/posts\/298649\/revisions"}],"wp:featuredmedia":[{"embeddable":true,"href":"https:\/\/www.tucomarca.com\/wordpress\/segunda\/ca\/wp-json\/wp\/v2\/media\/267146"}],"wp:attachment":[{"href":"https:\/\/www.tucomarca.com\/wordpress\/segunda\/ca\/wp-json\/wp\/v2\/media?parent=298649"}],"wp:term":[{"taxonomy":"category","embeddable":true,"href":"https:\/\/www.tucomarca.com\/wordpress\/segunda\/ca\/wp-json\/wp\/v2\/categories?post=298649"},{"taxonomy":"post_tag","embeddable":true,"href":"https:\/\/www.tucomarca.com\/wordpress\/segunda\/ca\/wp-json\/wp\/v2\/tags?post=298649"}],"curies":[{"name":"wp","href":"https:\/\/api.w.org\/{rel}","templated":true}]}}