{"id":298668,"date":"2026-04-14T10:00:00","date_gmt":"2026-04-14T08:00:00","guid":{"rendered":"https:\/\/www.tucomarca.com\/wordpress\/segunda\/?p=298668"},"modified":"2026-04-14T20:49:03","modified_gmt":"2026-04-14T18:49:03","slug":"caixa-popular-impulsa-la-inclusio-amb-30-000-euros-en-ajudes-a-projectes-per-a-persones-amb-discapacitat","status":"publish","type":"post","link":"https:\/\/www.tucomarca.com\/wordpress\/segunda\/ca\/caixa-popular-impulsa-la-inclusio-amb-30-000-euros-en-ajudes-a-projectes-per-a-persones-amb-discapacitat\/","title":{"rendered":"Caixa Popular impulsa la inclusi\u00f3 amb 30.000 euros en ajudes a projectes per a persones amb discapacitat"},"content":{"rendered":"\n<h3 class=\"wp-block-heading\">L\u2019acte de lliurament de les ajudes se celebrar\u00e0 el dimarts 28 d\u2019abril a la seu de l\u2019ONCE a Val\u00e8ncia.<\/h3>\n\n\n\n<h3 class=\"wp-block-heading\">Estar\u00e0 condu\u00eft per l\u2019esportista Mireia Caba\u00f1es i comptar\u00e0 amb l\u2019actuaci\u00f3 del Quartet de Corda Val\u00e8ncia.<\/h3>\n\n\n\n<p>Caixa Popular va llan\u00e7ar el passat mes de desembre la quinta convocat\u00f2ria de les ajudes Sense Barreres, dirigides a projectes que promouen la igualtat i la inclusi\u00f3 de les persones amb discapacitat.<\/p>\n\n\n\n<p>Amb una dotaci\u00f3 total de 30.000 \u20ac, l\u2019entitat reafirma el seu comprom\u00eds amb iniciatives capaces de transformar vides i generar un impacte social positiu. Les ajudes es destinen a entitats socials que treballen en projectes orientats a la inclusi\u00f3, la igualtat d\u2019oportunitats i el suport a persones amb discapacitat.<\/p>\n\n\n\n<p>En esta edici\u00f3 s\u2019han presentat m\u00e9s de 100 projectes, entre els quals els treballadors i treballadores de Caixa Popular i els membres del Club Populines, el club de fidelitzaci\u00f3 de l\u2019entitat, han seleccionat els sis projectes guanyadors.<\/p>\n\n\n\n<p>Els projectes beneficiaris de les ajudes s\u00f3n:<\/p>\n\n\n\n<ul class=\"wp-block-list\">\n<li><strong>Ajuda de 8.000 euros: <\/strong>\u201cTEAcercamos el ocio 2026: Un Derecho Fundamental\u201d de l\u2019Asociaci\u00f3n Valenciana de Padres de Personas con Autismo.<\/li>\n\n\n\n<li><strong>Ajuda de 8.000 euros:<\/strong> \u201cAtenci\u00f3n Integral al Da\u00f1o Cerebral Adquirido\u201d de Da\u00f1o Cerebral Valencia.<\/li>\n\n\n\n<li><strong>Ajuda de 5.000 euros: <\/strong>\u201cM\u00e1s all\u00e1 del aula\u201d de Escuela 2 Cooperativa Valenciana.<\/li>\n\n\n\n<li><strong>Ajuda de 5.000 euros: <\/strong>\u201cEl hilo rojo del recreo. Patios inclusivos para que todas las personas puedan jugar\u201d del Patronato Intermunicipal Francisco Esteve.<\/li>\n\n\n\n<li><strong>Ajuda de 2.000 euros:<\/strong> \u201cMar Sin Barreras\u201d de Voluntaris del Mar.<\/li>\n\n\n\n<li><strong>Ajuda de 2.000 euros:<\/strong> \u201cTaller de deporte inclusivo y juego compartido\u201d d\u2019ACATUR Atenci\u00f3n Temprana.<\/li>\n<\/ul>\n\n\n\n<p>El pr\u00f2xim dimarts 28 d\u2019abril a les 19:00 h, la seu de l\u2019ONCE Val\u00e8ncia (Gran Via Ram\u00f3n y Cajal, 13) acollir\u00e0 l\u2019acte de lliurament dels premis als sis projectes seleccionats.<\/p>\n\n\n\n<p>L\u2019esdeveniment estar\u00e0 condu\u00eft per l\u2019esportista Mireia Caba\u00f1es, exemple de superaci\u00f3, i comptar\u00e0 amb m\u00fasica en directe del Quartet de Corda Val\u00e8ncia.<\/p>\n\n\n\n<p>Les persones interessades a assistir poden inscriure\u2019s en l\u2019enlla\u00e7 seg\u00fcent:<br><a href=\"https:\/\/www.caixapopular.es\/es\/acto-ayudas-sense-barreres\">https:\/\/www.caixapopular.es\/es\/acto-ayudas-sense-barreres<\/a><\/p>\n\n\n\n<p>Durant l\u2019acte, les associacions presentaran la seua tasca i explicaran com les ajudes contribuiran a millorar la vida de les persones amb discapacitat a trav\u00e9s dels seus projectes.<\/p>\n","protected":false},"excerpt":{"rendered":"<div class=\"mh-excerpt\">L\u2019acte de lliurament de les ajudes se celebrar\u00e0 el dimarts 28 d\u2019abril a la seu de l\u2019ONCE a Val\u00e8ncia. Estar\u00e0 condu\u00eft per l\u2019esportista Mireia Caba\u00f1es i comptar\u00e0 amb l\u2019actuaci\u00f3 del Quartet de Corda Val\u00e8ncia. Caixa <a class=\"mh-excerpt-more\" href=\"https:\/\/www.tucomarca.com\/wordpress\/segunda\/ca\/caixa-popular-impulsa-la-inclusio-amb-30-000-euros-en-ajudes-a-projectes-per-a-persones-amb-discapacitat\/\" title=\"Caixa Popular impulsa la inclusi\u00f3 amb 30.000 euros en ajudes a projectes per a persones amb discapacitat\">[+] <\/a><\/div>\n","protected":false},"author":12,"featured_media":298667,"comment_status":"closed","ping_status":"open","sticky":false,"template":"","format":"standard","meta":{"footnotes":""},"categories":[11019,10898,10948,10894,10904,11007,10896],"tags":[15711,23438],"class_list":{"0":"post-298668","1":"post","2":"type-post","3":"status-publish","4":"format-standard","5":"has-post-thumbnail","7":"category-agenda-ca","8":"category-ventana-ca","9":"category-infraestructuras-ca","10":"category-la-comarca-ca","11":"category-sin-categorizar-ca","12":"category-ocio-y-cultura-ca","13":"category-seccion-ca","14":"tag-caixa-popular-ca","15":"tag-diversidad-e-inclusion-ca"},"_links":{"self":[{"href":"https:\/\/www.tucomarca.com\/wordpress\/segunda\/ca\/wp-json\/wp\/v2\/posts\/298668","targetHints":{"allow":["GET"]}}],"collection":[{"href":"https:\/\/www.tucomarca.com\/wordpress\/segunda\/ca\/wp-json\/wp\/v2\/posts"}],"about":[{"href":"https:\/\/www.tucomarca.com\/wordpress\/segunda\/ca\/wp-json\/wp\/v2\/types\/post"}],"author":[{"embeddable":true,"href":"https:\/\/www.tucomarca.com\/wordpress\/segunda\/ca\/wp-json\/wp\/v2\/users\/12"}],"replies":[{"embeddable":true,"href":"https:\/\/www.tucomarca.com\/wordpress\/segunda\/ca\/wp-json\/wp\/v2\/comments?post=298668"}],"version-history":[{"count":0,"href":"https:\/\/www.tucomarca.com\/wordpress\/segunda\/ca\/wp-json\/wp\/v2\/posts\/298668\/revisions"}],"wp:featuredmedia":[{"embeddable":true,"href":"https:\/\/www.tucomarca.com\/wordpress\/segunda\/ca\/wp-json\/wp\/v2\/media\/298667"}],"wp:attachment":[{"href":"https:\/\/www.tucomarca.com\/wordpress\/segunda\/ca\/wp-json\/wp\/v2\/media?parent=298668"}],"wp:term":[{"taxonomy":"category","embeddable":true,"href":"https:\/\/www.tucomarca.com\/wordpress\/segunda\/ca\/wp-json\/wp\/v2\/categories?post=298668"},{"taxonomy":"post_tag","embeddable":true,"href":"https:\/\/www.tucomarca.com\/wordpress\/segunda\/ca\/wp-json\/wp\/v2\/tags?post=298668"}],"curies":[{"name":"wp","href":"https:\/\/api.w.org\/{rel}","templated":true}]}}