{"id":298675,"date":"2026-04-14T09:15:00","date_gmt":"2026-04-14T07:15:00","guid":{"rendered":"https:\/\/www.tucomarca.com\/wordpress\/segunda\/?p=298675"},"modified":"2026-04-14T20:51:25","modified_gmt":"2026-04-14T18:51:25","slug":"xest-es-prepara-per-a-acollir-la-cinquena-edicio-de-vinachest","status":"publish","type":"post","link":"https:\/\/www.tucomarca.com\/wordpress\/segunda\/ca\/xest-es-prepara-per-a-acollir-la-cinquena-edicio-de-vinachest\/","title":{"rendered":"Xest es prepara per a acollir la cinquena edici\u00f3 de Vinachest"},"content":{"rendered":"\n<h3 class=\"wp-block-heading\">L&#8217;esdeveniment se celebrar\u00e0 del 22 al 24 de maig de 2026 en la Pla\u00e7a Doctor Cajal.<\/h3>\n\n\n\n<h3 class=\"wp-block-heading\">La programaci\u00f3 comptar\u00e0 amb cellers locals, food trucks, m\u00fasica en directe i activitats per a tota la fam\u00edlia.<\/h3>\n\n\n\n<p>La Pla\u00e7a Doctor Cajal de Xest tornar\u00e0 a convertir-se en l&#8217;epicentre del enoturismo valenci\u00e0 amb una nova edici\u00f3 de Vinachest, la Fira del Vi de Xest, que se celebrar\u00e0 del 22 al 24 de maig de 2026. L&#8217;esdeveniment reunir\u00e0 cellers, food trucks, actuacions musicals i activitats per a tots els p\u00fablics, consolidant-se un any m\u00e9s com una de les cites imprescindibles de la primavera a la comarca.<\/p>\n\n\n\n<p>Sota el lema &#8220;El millor pla amb fam\u00edlia i amics&#8221;, aquesta edici\u00f3 promet repetir l&#8217;\u00e8xit d&#8217;anys anteriors, oferint una experi\u00e8ncia completa que combina la tradici\u00f3 vin\u00edcola de la zona amb una oferta l\u00fadica moderna. Els assistents podran gaudir d&#8217;una cuidada selecci\u00f3 de cellers, una variada oferta gastron\u00f2mica de la m\u00e0 de food trucks, m\u00fasica en directe per a amenitzar les jornades i un programa espec\u00edfic d&#8217;animaci\u00f3 infantil perqu\u00e8 els m\u00e9s xicotets tamb\u00e9 gaudisquen de la festa.<\/p>\n\n\n\n<p>La regidora de Comer\u00e7, Brenda Jim\u00e9nez, davant la proximitat de l&#8217;esdeveniment, ha subratllat que \u201cestem preparant aquesta edici\u00f3 de Vinachest amb molt\u00edssima il\u00b7lusi\u00f3. \u00c9s una cita clau per a posar en valor els nostres productes i dinamitzar el comer\u00e7 local en un ambient festiu i acollidor\u201d.<\/p>\n\n\n\n<p>Aix\u00ed mateix, la regidora ha volgut llan\u00e7ar una invitaci\u00f3 directa a la ciutadania: \u201cAnime a tots els ve\u00efns i ve\u00efnes, aix\u00ed com als visitants de tota la comarca, al fet que es reserven ja aquestes dates en la seua agenda. Volem que la Pla\u00e7a Doctor Cajal s&#8217;\u00f2mpliga de vida i que Vinachest torne a ser eixe espai de reuni\u00f3 i alegria que tant ens agrada\u201d.<\/p>\n\n\n\n<p>Des de l&#8217;organitzaci\u00f3 s&#8217;informa que, encara que el cartell oficial ja \u00e9s p\u00fablic, els detalls espec\u00edfics dels tastos, els horaris dels concerts i la resta d&#8217;activitats paral\u00b7leles es donaran a con\u00e9ixer molt prompte. En els pr\u00f2xims dies s&#8217;anunciar\u00e0 el programa d&#8217;actes complet a trav\u00e9s dels canals oficials de l&#8217;Ajuntament de Xest.<\/p>\n\n\n\n<p>Vinachest 2026 compta amb la col\u00b7laboraci\u00f3 de la Generalitat Valenciana, Val\u00e8ncia Turisme i la Diputaci\u00f3 de Val\u00e8ncia, refor\u00e7ant aix\u00ed el car\u00e0cter institucional i tur\u00edstic d&#8217;una fira que \u00e9s ja un referent a la prov\u00edncia.<a><\/a><\/p>\n","protected":false},"excerpt":{"rendered":"<div class=\"mh-excerpt\">L&#8217;esdeveniment se celebrar\u00e0 del 22 al 24 de maig de 2026 en la Pla\u00e7a Doctor Cajal. La programaci\u00f3 comptar\u00e0 amb cellers locals, food trucks, m\u00fasica en directe i activitats per a tota la fam\u00edlia. La <a class=\"mh-excerpt-more\" href=\"https:\/\/www.tucomarca.com\/wordpress\/segunda\/ca\/xest-es-prepara-per-a-acollir-la-cinquena-edicio-de-vinachest\/\" title=\"Xest es prepara per a acollir la cinquena edici\u00f3 de Vinachest\">[+] <\/a><\/div>\n","protected":false},"author":12,"featured_media":298674,"comment_status":"closed","ping_status":"open","sticky":false,"template":"","format":"standard","meta":{"footnotes":""},"categories":[11019,11006,10894,10912,11007,10896,10974],"tags":[11071,19166,10914],"class_list":{"0":"post-298675","1":"post","2":"type-post","3":"status-publish","4":"format-standard","5":"has-post-thumbnail","7":"category-agenda-ca","8":"category-canal-vinos","9":"category-la-comarca-ca","10":"category-la-hoya-ca","11":"category-ocio-y-cultura-ca","12":"category-seccion-ca","13":"category-cheste-ca","14":"tag-cheste","15":"tag-feria-del-vino-vinachest-ca","16":"tag-la-hoya-de-bunol-chiva-ca"},"_links":{"self":[{"href":"https:\/\/www.tucomarca.com\/wordpress\/segunda\/ca\/wp-json\/wp\/v2\/posts\/298675","targetHints":{"allow":["GET"]}}],"collection":[{"href":"https:\/\/www.tucomarca.com\/wordpress\/segunda\/ca\/wp-json\/wp\/v2\/posts"}],"about":[{"href":"https:\/\/www.tucomarca.com\/wordpress\/segunda\/ca\/wp-json\/wp\/v2\/types\/post"}],"author":[{"embeddable":true,"href":"https:\/\/www.tucomarca.com\/wordpress\/segunda\/ca\/wp-json\/wp\/v2\/users\/12"}],"replies":[{"embeddable":true,"href":"https:\/\/www.tucomarca.com\/wordpress\/segunda\/ca\/wp-json\/wp\/v2\/comments?post=298675"}],"version-history":[{"count":0,"href":"https:\/\/www.tucomarca.com\/wordpress\/segunda\/ca\/wp-json\/wp\/v2\/posts\/298675\/revisions"}],"wp:featuredmedia":[{"embeddable":true,"href":"https:\/\/www.tucomarca.com\/wordpress\/segunda\/ca\/wp-json\/wp\/v2\/media\/298674"}],"wp:attachment":[{"href":"https:\/\/www.tucomarca.com\/wordpress\/segunda\/ca\/wp-json\/wp\/v2\/media?parent=298675"}],"wp:term":[{"taxonomy":"category","embeddable":true,"href":"https:\/\/www.tucomarca.com\/wordpress\/segunda\/ca\/wp-json\/wp\/v2\/categories?post=298675"},{"taxonomy":"post_tag","embeddable":true,"href":"https:\/\/www.tucomarca.com\/wordpress\/segunda\/ca\/wp-json\/wp\/v2\/tags?post=298675"}],"curies":[{"name":"wp","href":"https:\/\/api.w.org\/{rel}","templated":true}]}}