{"id":298681,"date":"2026-04-14T08:00:00","date_gmt":"2026-04-14T06:00:00","guid":{"rendered":"https:\/\/www.tucomarca.com\/wordpress\/segunda\/?p=298681"},"modified":"2026-04-15T12:50:40","modified_gmt":"2026-04-15T10:50:40","slug":"eu-unides-podem-de-bunyol-denuncia-sobrecostos-del-423-i-falta-de-transparencia-en-el-ple-de-marc-que-va-durar-7-hores","status":"publish","type":"post","link":"https:\/\/www.tucomarca.com\/wordpress\/segunda\/ca\/eu-unides-podem-de-bunyol-denuncia-sobrecostos-del-423-i-falta-de-transparencia-en-el-ple-de-marc-que-va-durar-7-hores\/","title":{"rendered":"EU-Unides Podem de Bunyol denuncia &#8220;sobrecostos del 423% i falta de transpar\u00e8ncia&#8221; en el ple de mar\u00e7 que va durar 7 hores"},"content":{"rendered":"\n<p>Esquerra Unida-Unides Podem ha denunciat que l&#8217;\u00faltim ple municipal &#8220;va tindre una duraci\u00f3 de 7 hores a conseq\u00fc\u00e8ncia que el govern municipal insisteix a fer plens cada dos mesos, en lloc d&#8217;un al mes. Aix\u00ed allunyen i eviten debatre la incapacitat de gesti\u00f3 i la incoher\u00e8ncia del govern municipal del PP i X Bunyol&#8221;, segons la formaci\u00f3.&nbsp;<\/p>\n\n\n\n<p>&#8220;Les principals conclusions del ple van ser que el govern municipal es nega fer una auditoria externa de les obres de la costa de Navarro a pesar que l&#8217;interventor va fer una Objecci\u00f3 de legalitat i que el pressupost inicial de l&#8217;adjudicaci\u00f3 de l&#8217;obra \u00e9s de 270.000 euros i actualment s&#8217;ha incrementat en 900.000 euros, ascendint a un total d&#8217;1.200.000 euros, \u00e9s a dir s&#8217;ha AUMENT el cost en el 423%. Un verdader esc\u00e0ndol&#8221;.<\/p>\n\n\n\n<p>&#8220;El PP i X Bunyol van votar en contra del suport a Cuba i neguen una subvenci\u00f3 d&#8217;ajuda de 1.000 euros. Amb arguments vergonyosos i indignes. S&#8217;aprova les nostres mocions sobre el rebuig a la guerra criminal de Netanyahu i Trump contra l&#8217;Iran i s&#8217;accepta fer un programa del debat de la gesti\u00f3 municipal a Bunyol amb la participaci\u00f3 dels portaveus dels grups municipals de l&#8217;Ajuntament&#8221;.<\/p>\n\n\n\n<p>&#8220;Per unanimitat, va ser aprovat un document amb Salvemos Farrajon per a treballar conjuntament davant qualsevol projecte de Macro fotovoltaiques o Biomet\u00e0&#8221;. Els pressupostos municipals del 2026 encara no s&#8217;han presentat, fins i tot no es van pronunciar per a quan els presentaran&#8221;, han resumit des d&#8217;EU-Unides Podem.&nbsp;<\/p>\n\n\n\n<p>&#8220;La no aprovaci\u00f3 dels pressupostos el mes de desembre com diu la Llei, genera uns perjudicis importants en la gesti\u00f3 municipal i sobretot afecta totalment a les associacions i entitats ciutadanes que estan subvencionades per l&#8217;Ajuntament, perqu\u00e8 fins que no s&#8217;aproven, no poden pagar-se. Servisca d&#8217;exemple que el Club Esportiu Bunyol ha hagut de subscriure un cr\u00e8dit bancari per a poder abonar els salaris als jugadors ja que l&#8217;Ajuntament no els ha pagat la subvenci\u00f3&#8221;, han afegit.&nbsp;<\/p>\n\n\n\n<p>Per a EU-Unides Podem, &#8220;el govern municipal ha aconseguit unes cotes d&#8217;incompet\u00e8ncia i desgovern tremendes. Tenint majoria absoluta no s\u00f3n capaces de fer uns pressupostos, no vigilen les obres irracionals dels murs dels carrers Ruiz Pons i Balmes, escometen obres sense sentit com\u00fa com les del carrer G\u00f3mez Ferrer i ara cuatriplican el cost del col\u00b7lector d&#8217;aig\u00fces pluvials de la Costa Navarro elevant-lo a 1.200.000 euros.&nbsp;Major incompet\u00e8ncia, desprop\u00f2sits i balafiament econ\u00f2mic \u00e9s dif\u00edcil&#8221;.<\/p>\n","protected":false},"excerpt":{"rendered":"<div class=\"mh-excerpt\">Esquerra Unida-Unides Podem ha denunciat que l&#8217;\u00faltim ple municipal &#8220;va tindre una duraci\u00f3 de 7 hores a conseq\u00fc\u00e8ncia que el govern municipal insisteix a fer plens cada dos mesos, en lloc d&#8217;un al mes. Aix\u00ed <a class=\"mh-excerpt-more\" href=\"https:\/\/www.tucomarca.com\/wordpress\/segunda\/ca\/eu-unides-podem-de-bunyol-denuncia-sobrecostos-del-423-i-falta-de-transparencia-en-el-ple-de-marc-que-va-durar-7-hores\/\" title=\"EU-Unides Podem de Bunyol denuncia &#8220;sobrecostos del 423% i falta de transpar\u00e8ncia&#8221; en el ple de mar\u00e7 que va durar 7 hores\">[+] <\/a><\/div>\n","protected":false},"author":12,"featured_media":201845,"comment_status":"closed","ping_status":"open","sticky":false,"template":"","format":"standard","meta":{"footnotes":""},"categories":[10911,10948,10894,10912,10947,10896],"tags":[11158,10913,19333,10914],"class_list":{"0":"post-298681","1":"post","2":"type-post","3":"status-publish","4":"format-standard","5":"has-post-thumbnail","7":"category-bunol-ca","8":"category-infraestructuras-ca","9":"category-la-comarca-ca","10":"category-la-hoya-ca","11":"category-politica","12":"category-seccion-ca","13":"tag-ayuntamiento-de-bunol-ca","14":"tag-bunol-ca","15":"tag-eu-unides-podem-ca","16":"tag-la-hoya-de-bunol-chiva-ca"},"_links":{"self":[{"href":"https:\/\/www.tucomarca.com\/wordpress\/segunda\/ca\/wp-json\/wp\/v2\/posts\/298681","targetHints":{"allow":["GET"]}}],"collection":[{"href":"https:\/\/www.tucomarca.com\/wordpress\/segunda\/ca\/wp-json\/wp\/v2\/posts"}],"about":[{"href":"https:\/\/www.tucomarca.com\/wordpress\/segunda\/ca\/wp-json\/wp\/v2\/types\/post"}],"author":[{"embeddable":true,"href":"https:\/\/www.tucomarca.com\/wordpress\/segunda\/ca\/wp-json\/wp\/v2\/users\/12"}],"replies":[{"embeddable":true,"href":"https:\/\/www.tucomarca.com\/wordpress\/segunda\/ca\/wp-json\/wp\/v2\/comments?post=298681"}],"version-history":[{"count":0,"href":"https:\/\/www.tucomarca.com\/wordpress\/segunda\/ca\/wp-json\/wp\/v2\/posts\/298681\/revisions"}],"wp:featuredmedia":[{"embeddable":true,"href":"https:\/\/www.tucomarca.com\/wordpress\/segunda\/ca\/wp-json\/wp\/v2\/media\/201845"}],"wp:attachment":[{"href":"https:\/\/www.tucomarca.com\/wordpress\/segunda\/ca\/wp-json\/wp\/v2\/media?parent=298681"}],"wp:term":[{"taxonomy":"category","embeddable":true,"href":"https:\/\/www.tucomarca.com\/wordpress\/segunda\/ca\/wp-json\/wp\/v2\/categories?post=298681"},{"taxonomy":"post_tag","embeddable":true,"href":"https:\/\/www.tucomarca.com\/wordpress\/segunda\/ca\/wp-json\/wp\/v2\/tags?post=298681"}],"curies":[{"name":"wp","href":"https:\/\/api.w.org\/{rel}","templated":true}]}}