{"id":298706,"date":"2026-04-14T09:45:00","date_gmt":"2026-04-14T07:45:00","guid":{"rendered":"https:\/\/www.tucomarca.com\/wordpress\/segunda\/?p=298706"},"modified":"2026-04-15T10:17:24","modified_gmt":"2026-04-15T08:17:24","slug":"les-corals-villa-de-san-esteban-de-gormaz-i-federico-olmeda-actuaran-este-divendres-a-bunyol-convidades-pel-cor-orfeos","status":"publish","type":"post","link":"https:\/\/www.tucomarca.com\/wordpress\/segunda\/ca\/les-corals-villa-de-san-esteban-de-gormaz-i-federico-olmeda-actuaran-este-divendres-a-bunyol-convidades-pel-cor-orfeos\/","title":{"rendered":"Les corals Villa de San Esteban de Gormaz i Federico Olmeda actuaran a Bunyol convidades pel Cor OrFeos"},"content":{"rendered":"\n<p>El Teatre Montecarlo acollir\u00e0 el pr\u00f2xim divendres 24 d\u2019abril a les 19:00 hores un destacat concert coral que comptar\u00e0 amb la participaci\u00f3 especial de la Coral de Villa de San Esteban de Gormaz i la Coral Federico Olmeda de S\u00f2ria, en una cita musical que refor\u00e7a els lla\u00e7os culturals entre territoris.<\/p>\n\n\n\n<p>La trobada est\u00e0 organitzada pel Cor OrFeos de la Societat Musical \u201cLa Art\u00edstica\u201d, que exercir\u00e0 d\u2019amfitri\u00f3 en una vetlada en qu\u00e8 tamb\u00e9 participar\u00e0 el Cor de Veus Blanques de l\u2019Escola de M\u00fasica \u201cLuis Ayll\u00f3n\u201d.<\/p>\n\n\n\n<p>La primera part del concert oferir\u00e0 un repertori variat de peces populars de diferents tradicions, des de la polin\u00e8sia fins a l\u2019africana. A m\u00e9s, el Cor OrFeos, sota la direcci\u00f3 de Jos\u00e9 Ram\u00f3n Peinado Montero, interpretar\u00e0 obres com <em>La trompa i fil<\/em>, <em>Vivo por ella<\/em> i <em>Alma, coraz\u00f3n y vida<\/em>.<\/p>\n\n\n\n<p>La segona part estar\u00e0 protagonitzada per les corals convidades procedents de S\u00f2ria, dirigides per Jessica Redondo. Com a colof\u00f3, totes les agrupacions uniran les seues veus per a interpretar conjuntament peces com <em>Esta tierra<\/em> i <em>La vida es bella<\/em>, posant el punt final a una vetlada que promet emoci\u00f3 i qualitat musical.<\/p>\n\n\n\n<p>El concert suposa una oportunitat \u00fanica per a gaudir de la m\u00fasica coral i de l\u2019intercanvi cultural entre agrupacions, consolidant Bunyol com un referent en l\u2019activitat musical. Informa, <strong>P. Ferrer<\/strong>.<\/p>\n","protected":false},"excerpt":{"rendered":"<div class=\"mh-excerpt\">El Teatre Montecarlo acollir\u00e0 el pr\u00f2xim divendres 24 d\u2019abril a les 19:00 hores un destacat concert coral que comptar\u00e0 amb la participaci\u00f3 especial de la Coral de Villa de San Esteban de Gormaz i la <a class=\"mh-excerpt-more\" href=\"https:\/\/www.tucomarca.com\/wordpress\/segunda\/ca\/les-corals-villa-de-san-esteban-de-gormaz-i-federico-olmeda-actuaran-este-divendres-a-bunyol-convidades-pel-cor-orfeos\/\" title=\"Les corals Villa de San Esteban de Gormaz i Federico Olmeda actuaran a Bunyol convidades pel Cor OrFeos\">[+] <\/a><\/div>\n","protected":false},"author":12,"featured_media":298705,"comment_status":"closed","ping_status":"open","sticky":false,"template":"","format":"standard","meta":{"footnotes":""},"categories":[11019,10911,11005,10894,10912,11007,10896],"tags":[10913,22106,10914],"class_list":{"0":"post-298706","1":"post","2":"type-post","3":"status-publish","4":"format-standard","5":"has-post-thumbnail","7":"category-agenda-ca","8":"category-bunol-ca","9":"category-canal-musica","10":"category-la-comarca-ca","11":"category-la-hoya-ca","12":"category-ocio-y-cultura-ca","13":"category-seccion-ca","14":"tag-bunol-ca","15":"tag-coro-orfeos-ca","16":"tag-la-hoya-de-bunol-chiva-ca"},"_links":{"self":[{"href":"https:\/\/www.tucomarca.com\/wordpress\/segunda\/ca\/wp-json\/wp\/v2\/posts\/298706","targetHints":{"allow":["GET"]}}],"collection":[{"href":"https:\/\/www.tucomarca.com\/wordpress\/segunda\/ca\/wp-json\/wp\/v2\/posts"}],"about":[{"href":"https:\/\/www.tucomarca.com\/wordpress\/segunda\/ca\/wp-json\/wp\/v2\/types\/post"}],"author":[{"embeddable":true,"href":"https:\/\/www.tucomarca.com\/wordpress\/segunda\/ca\/wp-json\/wp\/v2\/users\/12"}],"replies":[{"embeddable":true,"href":"https:\/\/www.tucomarca.com\/wordpress\/segunda\/ca\/wp-json\/wp\/v2\/comments?post=298706"}],"version-history":[{"count":0,"href":"https:\/\/www.tucomarca.com\/wordpress\/segunda\/ca\/wp-json\/wp\/v2\/posts\/298706\/revisions"}],"wp:featuredmedia":[{"embeddable":true,"href":"https:\/\/www.tucomarca.com\/wordpress\/segunda\/ca\/wp-json\/wp\/v2\/media\/298705"}],"wp:attachment":[{"href":"https:\/\/www.tucomarca.com\/wordpress\/segunda\/ca\/wp-json\/wp\/v2\/media?parent=298706"}],"wp:term":[{"taxonomy":"category","embeddable":true,"href":"https:\/\/www.tucomarca.com\/wordpress\/segunda\/ca\/wp-json\/wp\/v2\/categories?post=298706"},{"taxonomy":"post_tag","embeddable":true,"href":"https:\/\/www.tucomarca.com\/wordpress\/segunda\/ca\/wp-json\/wp\/v2\/tags?post=298706"}],"curies":[{"name":"wp","href":"https:\/\/api.w.org\/{rel}","templated":true}]}}