{"id":298737,"date":"2026-04-14T11:50:00","date_gmt":"2026-04-14T09:50:00","guid":{"rendered":"https:\/\/www.tucomarca.com\/wordpress\/segunda\/?p=298737"},"modified":"2026-04-15T21:08:54","modified_gmt":"2026-04-15T19:08:54","slug":"la-diputacio-de-valencia-assigna-23-milions-deuros-per-a-gestio-forestal-i-prevencio-dincendis-en-camp-de-turia-rincon-de-ademuz-i-la-serrania","status":"publish","type":"post","link":"https:\/\/www.tucomarca.com\/wordpress\/segunda\/ca\/la-diputacio-de-valencia-assigna-23-milions-deuros-per-a-gestio-forestal-i-prevencio-dincendis-en-camp-de-turia-rincon-de-ademuz-i-la-serrania\/","title":{"rendered":"La Diputaci\u00f3 de Val\u00e8ncia assigna 2,3 milions d&#8217;euros per a gesti\u00f3 forestal i prevenci\u00f3 d&#8217;incendis en Camp de T\u00faria, Rinc\u00f3n de Ademuz i la Serran\u00eda\u00a0"},"content":{"rendered":"\n<h3 class=\"wp-block-heading\">El president Vicent Momp\u00f3 presenta davant alcaldes i alcaldesses de la prov\u00edncia les novetats del programa de subvencions de l&#8217;\u00e0rea de Medi Ambient per a fer-lo &#8220;m\u00e9s \u00fatil, m\u00e9s intel\u00b7ligent i profundament connectat amb la realitat dels nostres ajuntaments&#8221;.<\/h3>\n\n\n\n<h3 class=\"wp-block-heading\">La distribuci\u00f3 de les ajudes at\u00e9n criteris com la dimensi\u00f3n del municipi, l&#8217;extensi\u00f3 de massa forestal o l&#8217;exist\u00e8ncia de plans forestals.<\/h3>\n\n\n\n<h3 class=\"wp-block-heading\">El diputat de Medi Ambient, Avelino Mascarell, destaca com a novetat d&#8217;esta convocat\u00f2ria &#8220;la reducci\u00f3 de la burocr\u00e0cia per a simplificar la gesti\u00f3 per part dels ajuntaments que permetr\u00e0 que les accions es duguen a terme de manera m\u00e9s \u00e0gil&#8221;.<\/h3>\n\n\n\n<p>El president de la Diputaci\u00f3 de Val\u00e8ncia, Vicent Momp\u00f3, ha presentat este mat\u00ed, al costat del diputat de Medi Ambient, Avelino Mascarell, les novetats de l&#8217;edici\u00f3 2026 del programa de subvencions en mat\u00e8ria de gesti\u00f3 forestal i prevenci\u00f3 d&#8217;incendis.<\/p>\n\n\n\n<p>Es tracta del programa anual Gestifoc que enguany, segons ha anunciat el mateix Momp\u00f3 &#8220;ha redissenyat completament la seua operativa per a simplificar al m\u00e0xim la burocr\u00e0cia&#8221;. &#8220;D&#8217;esta manera -ha explicat el mateix president- continuem consolidant una manera d&#8217;entendre l&#8217;acci\u00f3 p\u00fablica m\u00e9s \u00fatil, m\u00e9s intel\u00b7ligent i connectada amb la realitat dels nostres ajuntaments&#8221;.<\/p>\n\n\n\n<p>En la comarca del Rinc\u00f3n de Ademuz, l&#8217;assignaci\u00f3 global de l&#8217;\u00e0rea de Medi Ambient de la instituci\u00f3 provincial ascendix a 451.231,11 euros, els quals es distribuiran entre els seus set municipis, amb quantitats que oscil\u00b7len entre els 32.670 \u20ac de Torrebaja i els 92.206 \u20ac de Castielfabib; mentres que en la Serran\u00eda, el total d&#8217;inversi\u00f3 provincial en Gestifoc 2026 ascendix a 1.275,466,50 euros, amb dos poblacions, Andilla i Chelva, que superen els 100.000 euros d&#8217;assignaci\u00f3.&nbsp;<\/p>\n\n\n\n<p>Pel que fa al Camp de T\u00faria, les quantitats destinades als ajuntaments sumen un total de 600.000 euros, sent Loriguilla amb 69.300 euros i Serra, amb 61.300, els municipis amb major assignaci\u00f3.<\/p>\n\n\n\n<p>El c\u00e0lcul de les quantitats que corresponen a cada ajuntament s&#8217;han dut a terme segons el barem t\u00e8cnic que arreplega, entre altres aspectes, els seg\u00fcents: dimensi\u00f3 del municipi (es prioritza els m\u00e9s xicotets), superf\u00edcie forestal (com m\u00e9s muntanya, m\u00e9s ajuda), planificaci\u00f3 (plans forestals o de prevenci\u00f3 d&#8217;incendis), i l&#8217;exist\u00e8ncia d&#8217;espais naturals protegits i\/o muntanyes d&#8217;utilitat p\u00fablica.<\/p>\n\n\n\n<p><strong>Caracter\u00edstiques generals del programa<\/strong><\/p>\n\n\n\n<p>Amb un muntant global de 8 milions d&#8217;euros, l&#8217;edici\u00f3 2026 de Gestifoc presenta com a novetat m\u00e9s rellevant, tal com explica el diputat Avelino Mascarell, &#8220;la reducci\u00f3 a la mitat de la burocr\u00e0cia que fins ara acompanyava a este pla&#8221; i destaca que &#8220;aix\u00f2 t\u00e9 un doble benefici: simplifica la gesti\u00f3 per part dels ajuntaments, i, cosa que \u00e9s m\u00e9s important, permet que les accions preventives es duguen a terme de manera m\u00e9s \u00e0gil&#8221;.<\/p>\n\n\n\n<p>Tamb\u00e9 emmarcat en este proc\u00e9s de simplificaci\u00f3 administrativa, l&#8217;\u00e0rea de Medi Ambient ha avan\u00e7at la convocat\u00f2ria d&#8217;estes subvencions al mes de mar\u00e7, tres mesos abans que en l&#8217;exercici anterior, la qual cosa permetr\u00e0 iniciar abans les actuacions i millorar el seu impacte preventiu.<\/p>\n\n\n\n<p>Quant a la modalitat de les ajudes, Gestifoc contempla dos l\u00ednies d&#8217;actuaci\u00f3. D&#8217;una banda, es destinen 2 milions d&#8217;euros als municipis propietaris de muntanyes per a desenvolupar treballs de gesti\u00f3 forestal, com a tractaments silv\u00edcoles i millora de masses vegetals. Per un altre, es mobilitzen 6 milions d&#8217;euros per a executar les infraestructures previstes en els plans locals de prevenci\u00f3 d&#8217;incendis, incloent-hi \u00e0rees tallafocs, millora de camins forestals i punts d&#8217;aigua per a l&#8217;extinci\u00f3.<\/p>\n\n\n\n<p><strong>MUNICIPIOS DE LA SERRAN\u00cdA<\/strong><\/p>\n\n\n\n<figure class=\"wp-block-table\"><table class=\"has-fixed-layout\"><tbody><tr><td>Alcublas<\/td><td>33.224,21 \u20ac<\/td><td>&nbsp;&nbsp; &nbsp; &nbsp; &nbsp; &nbsp; &nbsp; &nbsp; &nbsp; &nbsp; 19.303,85 \u20ac&nbsp;<\/td><td>52.528,06 \u20ac&nbsp;<\/td><\/tr><tr><td>Alpuente<\/td><td>60.442,31 \u20ac<\/td><td>&nbsp;&nbsp; &nbsp; &nbsp; &nbsp; &nbsp; &nbsp; &nbsp; &nbsp; &nbsp; 26.749,70 \u20ac&nbsp;<\/td><td>&nbsp; &nbsp; &nbsp; &nbsp; &nbsp; &nbsp; 87.192,01 \u20ac&nbsp;<\/td><\/tr><tr><td>Andilla<\/td><td>72.306,60 \u20ac<\/td><td>&nbsp;&nbsp; &nbsp; &nbsp; &nbsp; &nbsp; &nbsp; &nbsp; &nbsp; &nbsp; 29.104,04 \u20ac&nbsp;<\/td><td>&nbsp;&nbsp; &nbsp; &nbsp; &nbsp; &nbsp; &nbsp; 101.410,64 \u20ac&nbsp;<\/td><\/tr><tr><td>Aras de los Olmos<\/td><td>47.559,65 \u20ac<\/td><td>&nbsp;&nbsp; &nbsp; &nbsp; &nbsp; &nbsp; &nbsp; &nbsp; &nbsp; &nbsp; 24.127,15 \u20ac&nbsp;<\/td><td>&nbsp; &nbsp; &nbsp; &nbsp; &nbsp; &nbsp; &nbsp; 71.686,80 \u20ac&nbsp;<\/td><\/tr><tr><td>Benag\u00e9ber<\/td><td>50.464,04 \u20ac<\/td><td>&nbsp;&nbsp; &nbsp; &nbsp; &nbsp; &nbsp; &nbsp; &nbsp; &nbsp; &nbsp; 24.751,15 \u20ac&nbsp;<\/td><td>&nbsp; &nbsp; &nbsp; &nbsp; &nbsp; &nbsp; 75.215,19 \u20ac&nbsp;<\/td><\/tr><tr><td>Bugarra<\/td><td>35.957,43 \u20ac<\/td><td>&nbsp;&nbsp; &nbsp; &nbsp; &nbsp; &nbsp; &nbsp; &nbsp; &nbsp; &nbsp; 18.027,53 \u20ac&nbsp;<\/td><td>&nbsp;&nbsp; &nbsp; &nbsp; &nbsp; &nbsp; 53.984,96 \u20ac&nbsp;<\/td><\/tr><tr><td>Calles<\/td><td>51.035,79 \u20ac<\/td><td>&nbsp;&nbsp; &nbsp; &nbsp; &nbsp; &nbsp; &nbsp; &nbsp; &nbsp; &nbsp; 24.997,12 \u20ac&nbsp;<\/td><td>&nbsp; &nbsp; &nbsp; &nbsp; &nbsp; &nbsp; 76.032,91 \u20ac&nbsp;<\/td><\/tr><tr><td>Chelva<\/td><td>78.837,84 \u20ac<\/td><td>&nbsp;&nbsp; &nbsp; &nbsp; &nbsp; &nbsp; &nbsp; &nbsp; &nbsp; &nbsp; 29.762,75 \u20ac&nbsp;<\/td><td>&nbsp; &nbsp; &nbsp; &nbsp; &nbsp; 108.600,59 \u20ac&nbsp;<\/td><\/tr><tr><td>Chulilla<\/td><td>36.902,22 \u20ac<\/td><td>&nbsp;&nbsp; &nbsp; &nbsp; &nbsp; &nbsp; &nbsp; &nbsp; &nbsp; &nbsp; 23.509,07 \u20ac&nbsp;<\/td><td>&nbsp;&nbsp; &nbsp; &nbsp; &nbsp; &nbsp; &nbsp; 60.411,29 \u20ac&nbsp;<\/td><\/tr><tr><td>Dome\u00f1o<\/td><td>49.915,91 \u20ac<\/td><td>&nbsp;&nbsp; &nbsp; &nbsp; &nbsp; &nbsp; &nbsp; &nbsp; &nbsp; &nbsp; 24.910,18 \u20ac&nbsp;<\/td><td>&nbsp; &nbsp; &nbsp; &nbsp; &nbsp; &nbsp; 74.826,09 \u20ac&nbsp;<\/td><\/tr><tr><td>Gestalgar<\/td><td>38.671,77 \u20ac<\/td><td>&nbsp;&nbsp; &nbsp; &nbsp; &nbsp; &nbsp; &nbsp; &nbsp; &nbsp; &nbsp; 17.247,95 \u20ac&nbsp;<\/td><td>&nbsp;&nbsp; &nbsp; &nbsp; &nbsp; &nbsp; &nbsp; 55.919,72 \u20ac&nbsp;<\/td><\/tr><tr><td>Higueruelas<\/td><td>33.009,76 \u20ac<\/td><td>&nbsp;&nbsp; &nbsp; &nbsp; &nbsp; &nbsp; &nbsp; &nbsp; &nbsp; &nbsp; 17.607,43 \u20ac&nbsp;<\/td><td>&nbsp;&nbsp; &nbsp; &nbsp; &nbsp; &nbsp; &nbsp; 50.617,19 \u20ac&nbsp;<\/td><\/tr><tr><td>Losa del Obispo<\/td><td>29.560,37 \u20ac<\/td><td>&nbsp;&nbsp; &nbsp; &nbsp; &nbsp; &nbsp; &nbsp; &nbsp; &nbsp; &nbsp; 16.885,68 \u20ac&nbsp;<\/td><td>&nbsp; &nbsp; &nbsp; &nbsp; &nbsp; &nbsp; &nbsp; 46.446,05 \u20ac&nbsp;<\/td><\/tr><tr><td>Pedralba<\/td><td>29.966,46 \u20ac<\/td><td>&nbsp;&nbsp; &nbsp; &nbsp; &nbsp; &nbsp; &nbsp; &nbsp; &nbsp; &nbsp; 17.492,88 \u20ac&nbsp;<\/td><td>&nbsp;&nbsp; &nbsp; &nbsp; &nbsp; &nbsp; &nbsp; 47.459,34 \u20ac&nbsp;<\/td><\/tr><tr><td>Sot de Chera<\/td><td>42.502,44 \u20ac<\/td><td>&nbsp;&nbsp; &nbsp; &nbsp; &nbsp; &nbsp; &nbsp; &nbsp; &nbsp; &nbsp; 20.250,85 \u20ac&nbsp;<\/td><td>&nbsp; &nbsp; &nbsp; &nbsp; &nbsp; &nbsp; &nbsp; 62.753,29 \u20ac&nbsp;<\/td><\/tr><tr><td>Titaguas<\/td><td>45.561,48 \u20ac<\/td><td>&nbsp;&nbsp; &nbsp; &nbsp; &nbsp; &nbsp; &nbsp; &nbsp; &nbsp; &nbsp; 24.085,24 \u20ac&nbsp;<\/td><td>&nbsp;&nbsp; &nbsp; &nbsp; &nbsp; &nbsp; &nbsp; 69.646,72 \u20ac&nbsp;<\/td><\/tr><tr><td>Tu\u00e9jar<\/td><td>60.453,72 \u20ac<\/td><td>&nbsp;&nbsp; &nbsp; &nbsp; &nbsp; &nbsp; &nbsp; &nbsp; &nbsp; &nbsp; 27.997,55 \u20ac&nbsp;<\/td><td>&nbsp; &nbsp; &nbsp; &nbsp; &nbsp; &nbsp; &nbsp; 88.451,27 \u20ac&nbsp;<\/td><\/tr><tr><td>Villar del Arzobispo<\/td><td>10.013,13 \u20ac<\/td><td>&nbsp;&nbsp; &nbsp; &nbsp; &nbsp; &nbsp; &nbsp; &nbsp; &nbsp; &nbsp; 15.887,40 \u20ac&nbsp;<\/td><td>&nbsp; &nbsp; &nbsp; &nbsp; &nbsp; &nbsp; 25.900,53 \u20ac&nbsp;<\/td><\/tr><tr><td>Yesa, La<\/td><td>48.854,25 \u20ac<\/td><td>&nbsp;&nbsp; &nbsp; &nbsp; &nbsp; &nbsp; &nbsp; &nbsp; &nbsp; &nbsp; 17.529,60 \u20ac&nbsp;<\/td><td>&nbsp;&nbsp; &nbsp; &nbsp; &nbsp; &nbsp; &nbsp; 66.383,85 \u20ac&nbsp;<\/td><\/tr><\/tbody><\/table><\/figure>\n\n\n\n<p><strong>TOTAL LA SERRAN\u00cdA: 1.275.466,50 \u20ac<\/strong><\/p>\n\n\n\n<p><strong>MUNICIPIOS DEL CAMP DE T\u00daRIA<\/strong><\/p>\n\n\n\n<figure class=\"wp-block-table\"><table class=\"has-fixed-layout\"><tbody><tr><td><br><\/td><td><strong>PREVENCI\u00d3N INCENDIOS<\/strong><\/td><td><strong>GESTI\u00d3N FORESTAL<\/strong><\/td><td><strong>TOTAL<\/strong><\/td><\/tr><tr><td>Benaguasil<\/td><td>20.536,73 \u20ac<\/td><td>&nbsp;<\/td><td>20.536,73 \u20ac&nbsp;<\/td><\/tr><tr><td>Benissan\u00f3<\/td><td>25.946,51 \u20ac<\/td><td>&nbsp;<\/td><td>25.946,51 \u20ac&nbsp;<\/td><\/tr><tr><td>B\u00e9tera<\/td><td>22.087,10 \u20ac<\/td><td>&nbsp;<\/td><td>22.087,10 \u20ac&nbsp;<\/td><\/tr><tr><td>Casinos<\/td><td>28.204,39 \u20ac<\/td><td>16.682,75 \u20ac&nbsp;<\/td><td>44.887,14 \u20ac&nbsp;<\/td><\/tr><tr><td>Eliana, l&#8217;<\/td><td>20.015,74 \u20ac<\/td><td>&nbsp;<\/td><td>20.015,74 \u20ac&nbsp;<\/td><\/tr><tr><td>G\u00e1tova<\/td><td>35.826,00 \u20ac<\/td><td>&nbsp;&nbsp; &nbsp; &nbsp; &nbsp; &nbsp; &nbsp; &nbsp; &nbsp; &nbsp; 22.526,16 \u20ac&nbsp;<\/td><td>58.352,16 \u20ac&nbsp;<\/td><\/tr><tr><td>Ll\u00edria<\/td><td>41.483,68 \u20ac<\/td><td>&nbsp;<\/td><td>41.483,68 \u20ac&nbsp;<\/td><\/tr><tr><td>Loriguilla<\/td><td>48.742,50 \u20ac<\/td><td>&nbsp;&nbsp; &nbsp; &nbsp; &nbsp; &nbsp; &nbsp; &nbsp; &nbsp; &nbsp; 20.558,17 \u20ac&nbsp;<\/td><td>69.300,67 \u20ac&nbsp;<\/td><\/tr><tr><td>Marines<\/td><td>31.025,36 \u20ac<\/td><td>&nbsp;&nbsp; &nbsp; &nbsp; &nbsp; &nbsp; &nbsp; &nbsp; &nbsp; &nbsp; 21.453,42 \u20ac&nbsp;<\/td><td>52.478,78 \u20ac&nbsp;<\/td><\/tr><tr><td>N\u00e0quera<\/td><td>24.649,94 \u20ac<\/td><td>&nbsp;&nbsp; &nbsp; &nbsp; &nbsp; &nbsp; &nbsp; &nbsp; &nbsp; &nbsp; 16.464,62 \u20ac&nbsp;<\/td><td>41.114,56 \u20ac&nbsp;<\/td><\/tr><tr><td>Olocau<\/td><td>29.284,14 \u20ac<\/td><td>&nbsp;&nbsp; &nbsp; &nbsp; &nbsp; &nbsp; &nbsp; &nbsp; &nbsp; &nbsp; 21.282,00 \u20ac&nbsp;<\/td><td>50.566,14 \u20ac&nbsp;<\/td><\/tr><tr><td>Pobla de Vallbona, la<\/td><td>20.580,80 \u20ac<\/td><td>&nbsp;<\/td><td>20.580,80 \u20ac&nbsp;<\/td><\/tr><tr><td>Riba-roja de T\u00faria<\/td><td>22.085,53 \u20ac<\/td><td>&nbsp;<\/td><td>22.085,53 \u20ac&nbsp;<\/td><\/tr><tr><td>San Antonio de Benag\u00e9ber<\/td><td>5.059,81 \u20ac<\/td><td><br><\/td><td>5.059,81 \u20ac&nbsp;<\/td><\/tr><tr><td>Serra<\/td><td>39.701,54 \u20ac<\/td><td>21.674,35 \u20ac&nbsp;<\/td><td>61.375,89 \u20ac&nbsp;<\/td><\/tr><tr><td>Vilamarxant<\/td><td>25.772,97 \u20ac<\/td><td>18.349,82 \u20ac&nbsp;<\/td><td>44.122,79 \u20ac&nbsp;<\/td><\/tr><\/tbody><\/table><\/figure>\n\n\n\n<p><strong>TOTAL RINC\u00d3N DE ADEMUZ: 599.994,03 \u20ac<\/strong><\/p>\n\n\n\n<p><strong>MUNICIPIOS DEL RINC\u00d3N DE ADEMUZ<\/strong><\/p>\n\n\n\n<figure class=\"wp-block-table\"><table class=\"has-fixed-layout\"><tbody><tr><td><br><\/td><td><strong>PREVENCI\u00d3N INCENDIOS<\/strong><\/td><td><strong>GESTI\u00d3N FORESTAL<\/strong><\/td><td><strong>TOTAL<\/strong><\/td><\/tr><tr><td>Ademuz<\/td><td>59.929,58 \u20ac<\/td><td>&nbsp;&nbsp; &nbsp; &nbsp; &nbsp; &nbsp; &nbsp; &nbsp; &nbsp; &nbsp; 22.872,83 \u20ac&nbsp;<\/td><td>82.802,41 \u20ac&nbsp;<\/td><\/tr><tr><td>Casas Altas<\/td><td>34.225,66 \u20ac<\/td><td>&nbsp;&nbsp; &nbsp; &nbsp; &nbsp; &nbsp; &nbsp; &nbsp; &nbsp; &nbsp; 19.427,75 \u20ac&nbsp;<\/td><td>53.653,41 \u20ac&nbsp;<\/td><\/tr><tr><td>Casas Bajas<\/td><td>33.743,23 \u20ac<\/td><td>&nbsp;&nbsp; &nbsp; &nbsp; &nbsp; &nbsp; &nbsp; &nbsp; &nbsp; &nbsp; 17.545,60 \u20ac&nbsp;<\/td><td>51.288,83 \u20ac&nbsp;<\/td><\/tr><tr><td>Castielfabib<\/td><td>63.685,11 \u20ac<\/td><td>&nbsp;&nbsp; &nbsp; &nbsp; &nbsp; &nbsp; &nbsp; &nbsp; &nbsp; &nbsp; 28.521,00 \u20ac&nbsp;<\/td><td>92.206,11 \u20ac&nbsp;<\/td><\/tr><tr><td>Puebla de San Miguel<\/td><td>51.966,80 \u20ac<\/td><td>&nbsp;&nbsp; &nbsp; &nbsp; &nbsp; &nbsp; &nbsp; &nbsp; &nbsp; &nbsp; 22.024,47 \u20ac&nbsp;<\/td><td>73.991,27 \u20ac&nbsp;<\/td><\/tr><tr><td>Torrebaja<\/td><td>15.539,39 \u20ac<\/td><td>&nbsp;&nbsp; &nbsp; &nbsp; &nbsp; &nbsp; &nbsp; &nbsp; &nbsp; &nbsp; 17.131,49 \u20ac&nbsp;<\/td><td>32.670,88 \u20ac&nbsp;<\/td><\/tr><tr><td>Vallanca<\/td><td>41.676,50 \u20ac<\/td><td>&nbsp;&nbsp; &nbsp; &nbsp; &nbsp; &nbsp; &nbsp; &nbsp; &nbsp; &nbsp; 22.941,70 \u20ac&nbsp;<\/td><td>64.618,20 \u20ac&nbsp;<\/td><\/tr><\/tbody><\/table><\/figure>\n\n\n\n<p><strong>TOTAL RINC\u00d3N DE ADEMUZ: 451.231,11 \u20ac<\/strong><\/p>\n\n\n\n<p><\/p>\n","protected":false},"excerpt":{"rendered":"<div class=\"mh-excerpt\">El president Vicent Momp\u00f3 presenta davant alcaldes i alcaldesses de la prov\u00edncia les novetats del programa de subvencions de l&#8217;\u00e0rea de Medi Ambient per a fer-lo &#8220;m\u00e9s \u00fatil, m\u00e9s intel\u00b7ligent i profundament connectat amb la <a class=\"mh-excerpt-more\" href=\"https:\/\/www.tucomarca.com\/wordpress\/segunda\/ca\/la-diputacio-de-valencia-assigna-23-milions-deuros-per-a-gestio-forestal-i-prevencio-dincendis-en-camp-de-turia-rincon-de-ademuz-i-la-serrania\/\" title=\"La Diputaci\u00f3 de Val\u00e8ncia assigna 2,3 milions d&#8217;euros per a gesti\u00f3 forestal i prevenci\u00f3 d&#8217;incendis en Camp de T\u00faria, Rinc\u00f3n de Ademuz i la Serran\u00eda\u00a0\">[+] <\/a><\/div>\n","protected":false},"author":12,"featured_media":298733,"comment_status":"closed","ping_status":"open","sticky":false,"template":"","format":"standard","meta":{"footnotes":""},"categories":[10890,10892,11046,10898,10948,10894,10903,10947,10896,10897],"tags":[10899,11246,11928,12039],"class_list":{"0":"post-298737","1":"post","2":"type-post","3":"status-publish","4":"format-standard","5":"has-post-thumbnail","7":"category-ademus","8":"category-camp-de-turia-ca","9":"category-los-serranos-ca","10":"category-ventana-ca","11":"category-infraestructuras-ca","12":"category-la-comarca-ca","13":"category-medio-ambiente-la-comarca-ca","14":"category-politica","15":"category-seccion-ca","16":"category-sucesos-la-comarca-ca","17":"tag-camp-de-turia-ca","18":"tag-diputacio-de-valencia-ca","19":"tag-la-serrania-ca","20":"tag-rincon-de-ademuz-ca"},"_links":{"self":[{"href":"https:\/\/www.tucomarca.com\/wordpress\/segunda\/ca\/wp-json\/wp\/v2\/posts\/298737","targetHints":{"allow":["GET"]}}],"collection":[{"href":"https:\/\/www.tucomarca.com\/wordpress\/segunda\/ca\/wp-json\/wp\/v2\/posts"}],"about":[{"href":"https:\/\/www.tucomarca.com\/wordpress\/segunda\/ca\/wp-json\/wp\/v2\/types\/post"}],"author":[{"embeddable":true,"href":"https:\/\/www.tucomarca.com\/wordpress\/segunda\/ca\/wp-json\/wp\/v2\/users\/12"}],"replies":[{"embeddable":true,"href":"https:\/\/www.tucomarca.com\/wordpress\/segunda\/ca\/wp-json\/wp\/v2\/comments?post=298737"}],"version-history":[{"count":0,"href":"https:\/\/www.tucomarca.com\/wordpress\/segunda\/ca\/wp-json\/wp\/v2\/posts\/298737\/revisions"}],"wp:featuredmedia":[{"embeddable":true,"href":"https:\/\/www.tucomarca.com\/wordpress\/segunda\/ca\/wp-json\/wp\/v2\/media\/298733"}],"wp:attachment":[{"href":"https:\/\/www.tucomarca.com\/wordpress\/segunda\/ca\/wp-json\/wp\/v2\/media?parent=298737"}],"wp:term":[{"taxonomy":"category","embeddable":true,"href":"https:\/\/www.tucomarca.com\/wordpress\/segunda\/ca\/wp-json\/wp\/v2\/categories?post=298737"},{"taxonomy":"post_tag","embeddable":true,"href":"https:\/\/www.tucomarca.com\/wordpress\/segunda\/ca\/wp-json\/wp\/v2\/tags?post=298737"}],"curies":[{"name":"wp","href":"https:\/\/api.w.org\/{rel}","templated":true}]}}