{"id":298745,"date":"2026-04-14T11:45:00","date_gmt":"2026-04-14T09:45:00","guid":{"rendered":"https:\/\/www.tucomarca.com\/wordpress\/segunda\/?p=298745"},"modified":"2026-04-15T20:55:40","modified_gmt":"2026-04-15T18:55:40","slug":"la-diputacio-de-valencia-assigna-900-000-euros-als-ajuntaments-de-la-ribera-per-a-gestio-forestal-i-prevencio-dincendis","status":"publish","type":"post","link":"https:\/\/www.tucomarca.com\/wordpress\/segunda\/ca\/la-diputacio-de-valencia-assigna-900-000-euros-als-ajuntaments-de-la-ribera-per-a-gestio-forestal-i-prevencio-dincendis\/","title":{"rendered":"La Diputaci\u00f3 de Val\u00e8ncia assigna 900.000 euros als ajuntaments de la Ribera per a gesti\u00f3 forestal i prevenci\u00f3 d&#8217;incendis\u00a0"},"content":{"rendered":"\n<h3 class=\"wp-block-heading\">El president Vicent Momp\u00f3 presenta davant alcaldes i alcaldesses de la prov\u00edncia les novetats del programa de subvencions de l&#8217;\u00e0rea de Medi Ambient per a fer-lo &#8220;m\u00e9s \u00fatil, m\u00e9s intel\u00b7ligent i profundament connectat amb la realitat dels nostres ajuntaments&#8221;.<\/h3>\n\n\n\n<h3 class=\"wp-block-heading\">La distribuci\u00f3 de les ajudes at\u00e9n criteris com la dimensi\u00f3n del municipi, l&#8217;extensi\u00f3 de massa forestal o l&#8217;exist\u00e8ncia de plans forestals.<\/h3>\n\n\n\n<h3 class=\"wp-block-heading\">El diputat de Medi Ambient, Avelino Mascarell, destaca com a novetat d&#8217;esta convocat\u00f2ria &#8220;la reducci\u00f3 de la burocr\u00e0cia per a simplificar la gesti\u00f3 per part dels ajuntaments que permetr\u00e0 que les accions es duguen a terme de manera m\u00e9s \u00e0gil&#8221;.<\/h3>\n\n\n\n<p>El president de la Diputaci\u00f3 de Val\u00e8ncia, Vicent Momp\u00f3, ha presentat este mat\u00ed, al costat del diputat de Medi Ambient, Avelino Mascarell, les novetats de l&#8217;edici\u00f3 2026 del programa de subvencions en mat\u00e8ria de gesti\u00f3 forestal i prevenci\u00f3 d&#8217;incendis.<\/p>\n\n\n\n<p>Es tracta del programa anual Gestifoc que enguany, segons ha anunciat el mateix Momp\u00f3 &#8220;ha redissenyat completament la seua operativa per a simplificar al m\u00e0xim la burocr\u00e0cia&#8221;. &#8220;D&#8217;esta manera -ha explicat el mateix president- continuem consolidant una manera d&#8217;entendre l&#8217;acci\u00f3 p\u00fablica m\u00e9s \u00fatil, m\u00e9s intel\u00b7ligent i connectada amb la realitat dels nostres ajuntaments&#8221;.<\/p>\n\n\n\n<p>A la comarca de La Ribera, l&#8217;assignaci\u00f3 global de l&#8217;\u00e0rea de Medi Ambient de la instituci\u00f3 provincial ascendix a 901.904 euros, els quals es distribuiran entre 42 municipis, amb quantitats que oscil\u00b7len entre els 5.066,11 euros de Benifai\u00f3 i els 94.664,13 euros que corresponen a Tous. (<em>NOTA: se adjunta tabla con distribuci\u00f3n por municipio<\/em>)<\/p>\n\n\n\n<p>L&#8217;assignaci\u00f3 de les quantitats que corresponen a cada ajuntament s&#8217;han dut a terme segons el barem t\u00e8cnic que arreplega, entre altres aspectes, els seg\u00fcents: dimensi\u00f3 del municipi (es prioritza els m\u00e9s xicotets), superf\u00edcie forestal (com m\u00e9s muntanya, m\u00e9s ajuda), planificaci\u00f3 (plans forestals o de prevenci\u00f3 d&#8217;incendis), i l&#8217;exist\u00e8ncia d&#8217;espais naturals protegits i\/o muntanyes d&#8217;utilitat p\u00fablica.<\/p>\n\n\n\n<p><strong>Caracter\u00edstiques generals del programa<\/strong><\/p>\n\n\n\n<p>Amb un muntant global de 8 milions d&#8217;euros, l&#8217;edici\u00f3 2026 de Gestifoc presenta com a novetat m\u00e9s rellevant, tal com explica el diputat Avelino Mascarell, &#8220;la reducci\u00f3 a la mitat de la burocr\u00e0cia que fins ara acompanyava a este pla&#8221; i destaca que &#8220;aix\u00f2 t\u00e9 un doble benefici: simplifica la gesti\u00f3 per part dels ajuntaments, i, cosa que \u00e9s m\u00e9s important, permet que les accions preventives es duguen a terme de manera m\u00e9s \u00e0gil&#8221;.<\/p>\n\n\n\n<p>Tamb\u00e9 emmarcat en este proc\u00e9s de simplificaci\u00f3 administrativa, l&#8217;\u00e0rea de Medi Ambient ha avan\u00e7at la convocat\u00f2ria d&#8217;estes subvencions al mes de mar\u00e7, tres mesos abans que en l&#8217;exercici anterior, la qual cosa permetr\u00e0 iniciar abans les actuacions i millorar el seu impacte preventiu.<\/p>\n\n\n\n<p>Quant a la modalitat de les ajudes, Gestifoc contempla dos l\u00ednies d&#8217;actuaci\u00f3. D&#8217;una banda, es destinen 2 milions d&#8217;euros als municipis propietaris de muntanyes per a desenvolupar treballs de gesti\u00f3 forestal, com a tractaments silv\u00edcoles i millora de masses vegetals. Per un altre, es mobilitzen 6 milions d&#8217;euros per a executar les infraestructures previstes en els plans locals de prevenci\u00f3 d&#8217;incendis, incloent-hi \u00e0rees tallafocs, millora de camins forestals i punts d&#8217;aigua per a l&#8217;extinci\u00f3.<\/p>\n\n\n\n<p><strong>MUNICIPIOS DE LA RIBERA ALTA<\/strong><\/p>\n\n\n\n<figure class=\"wp-block-table\"><table class=\"has-fixed-layout\"><tbody><tr><td><br><\/td><td><strong>PREVENCI\u00d3N INCENDIOS<\/strong><\/td><td><strong>GESTI\u00d3N FORESTAL<\/strong><\/td><td><strong>TOTAL<\/strong><\/td><\/tr><tr><td>Alberic<\/td><td>5.103,88 \u20ac<\/td><td><br><\/td><td><strong>5.103,88 \u20ac<\/strong><\/td><\/tr><tr><td>Alc\u00e0ntera de X\u00faquer<\/td><td>10.919,75 \u20ac<\/td><td><br><\/td><td><strong>10.919,75 \u20ac<\/strong><\/td><\/tr><tr><td>Alc\u00fadia, l&#8217;<\/td><td>5.945,18 \u20ac<\/td><td><br><\/td><td><strong>5.945,18 \u20ac<\/strong><\/td><\/tr><tr><td>Alfarp<\/td><td>27.324,53 \u20ac<\/td><td><br><\/td><td><strong>27.324,53 \u20ac<\/strong><\/td><\/tr><tr><td>Algemes\u00ed<\/td><td>5.184,16 \u20ac<\/td><td><br><\/td><td><strong>5.184,16 \u20ac<\/strong><\/td><\/tr><tr><td>Alginet<\/td><td>5.158,97 \u20ac<\/td><td><br><\/td><td><strong>5.158,97 \u20ac<\/strong><\/td><\/tr><tr><td>Alzira<\/td><td>29.963,31 \u20ac<\/td><td><br><\/td><td><strong>29.963,31 \u20ac<\/strong><\/td><\/tr><tr><td>Antella<\/td><td>29.377,00 \u20ac<\/td><td>16.862,48 \u20ac<\/td><td><strong>46.239,48 \u20ac<\/strong><\/td><\/tr><tr><td>Beneixida<\/td><td>27.887,23 \u20ac<\/td><td><br><\/td><td><strong>27.887,23 \u20ac<\/strong><\/td><\/tr><tr><td>Benifai\u00f3<\/td><td>5.066,11 \u20ac<\/td><td><br><\/td><td><strong>5.066,11 \u20ac<\/strong><\/td><\/tr><tr><td>Benimodo<\/td><td>11.081,87 \u20ac<\/td><td><br><\/td><td><strong>11.081,87 \u20ac<\/strong><\/td><\/tr><tr><td>Benimuslem<\/td><td>12.877,79 \u20ac<\/td><td><br><\/td><td><strong>12.877,79 \u20ac<\/strong><\/td><\/tr><tr><td>Carcaixent<\/td><td>24.157,67 \u20ac<\/td><td><br><\/td><td><strong>24.157,67 \u20ac<\/strong><\/td><\/tr><tr><td>C\u00e0rcer<\/td><td>10.949,65 \u20ac<\/td><td><br><\/td><td><strong>10.949,65 \u20ac<\/strong><\/td><\/tr><tr><td>Carlet<\/td><td>6.147,83 \u20ac<\/td><td><br><\/td><td><strong>6.147,83 \u20ac<\/strong><\/td><\/tr><tr><td>Castell\u00f3<\/td><td>7.205,15 \u20ac<\/td><td><br><\/td><td><strong>7.205,15 \u20ac<\/strong><\/td><\/tr><tr><td>Catadau<\/td><td>30.703,87 \u20ac<\/td><td>17.041,82 \u20ac<\/td><td><strong>47.745,69 \u20ac<\/strong><\/td><\/tr><tr><td>Cotes<\/td><td>15.245,06 \u20ac<\/td><td><br><\/td><td><strong>15.245,06 \u20ac<\/strong><\/td><\/tr><tr><td>\u00c8nova, l&#8217;<\/td><td>13.604,96 \u20ac<\/td><td>16.726,18 \u20ac<\/td><td><strong>30.331,14 \u20ac<\/strong><\/td><\/tr><tr><td>Gavarda<\/td><td>11.117,28 \u20ac<\/td><td><br><\/td><td><strong>11.117,28 \u20ac<\/strong><\/td><\/tr><tr><td>Guadassuar<\/td><td>24.769,56 \u20ac<\/td><td>15.892,93 \u20ac<\/td><td><strong>40.662,49 \u20ac<\/strong><\/td><\/tr><tr><td>Llombai<\/td><td>36.951,01 \u20ac<\/td><td>19.743,80 \u20ac<\/td><td><strong>56.694,81 \u20ac<\/strong><\/td><\/tr><tr><td>Manuel<\/td><td>9.245,82 \u20ac<\/td><td>17.443,69 \u20ac<\/td><td><strong>26.689,51 \u20ac<\/strong><\/td><\/tr><tr><td>Massalav\u00e9s<\/td><td>25.913,45 \u20ac<\/td><td><br><\/td><td><strong>25.913,45 \u20ac<\/strong><\/td><\/tr><tr><td>Montroi<\/td><td>10.245,30 \u20ac<\/td><td><br><\/td><td><strong>10.245,30 \u20ac<\/strong><\/td><\/tr><tr><td>Montserrat<\/td><td>6.393,76 \u20ac<\/td><td><br><\/td><td><strong>6.393,76 \u20ac<\/strong><\/td><\/tr><tr><td>Pobla Llarga, la<\/td><td>24.059,30 \u20ac<\/td><td><br><\/td><td><strong>24.059,30 \u20ac<\/strong><\/td><\/tr><tr><td>Rafelguaraf<\/td><td>26.807,48 \u20ac<\/td><td><br><\/td><td><strong>26.807,48 \u20ac<\/strong><\/td><\/tr><tr><td>Real<\/td><td>12.660,18 \u20ac<\/td><td>16.463,90 \u20ac<\/td><td><strong>29.124,08 \u20ac<\/strong><\/td><\/tr><tr><td>Sellent<\/td><td>31.048,18 \u20ac<\/td><td><br><\/td><td><strong>31.048,18 \u20ac<\/strong><\/td><\/tr><tr><td>Senyera<\/td><td>10.913,45 \u20ac<\/td><td><br><\/td><td><strong>10.913,45 \u20ac<\/strong><\/td><\/tr><tr><td>Sumac\u00e0rcer<\/td><td>27.905,72 \u20ac<\/td><td><br><\/td><td><strong>27.905,72 \u20ac<\/strong><\/td><\/tr><tr><td>Tous<\/td><td>69.800,03 \u20ac<\/td><td>24.864,10 \u20ac<\/td><td><strong>94.664,13 \u20ac<\/strong><\/td><\/tr><tr><td>Tur\u00eds<\/td><td>27.134,86 \u20ac<\/td><td>15.821,50 \u20ac<\/td><td><strong>42.956,36 \u20ac<\/strong><\/td><\/tr><\/tbody><\/table><\/figure>\n\n\n\n<p><strong>TOTAL RIBERA ALTA: 799.729,75 \u20ac<\/strong><\/p>\n\n\n\n<p><strong>MUNICIPIOS DE LA RIBERA BAIXA<\/strong><\/p>\n\n\n\n<figure class=\"wp-block-table\"><table class=\"has-fixed-layout\"><tbody><tr><td><br><\/td><td><strong>PREVENCI\u00d3N INCENDIOS<\/strong><\/td><td><strong>GESTI\u00d3N FORESTAL<\/strong><\/td><td><strong>TOTAL<\/strong><\/td><\/tr><tr><td>Albalat de la Ribera<\/td><td>8.949,12 \u20ac<\/td><td><br><\/td><td>8.949,12 \u20ac&nbsp;<\/td><\/tr><tr><td>Benicull de X\u00faquer<\/td><td>10.921,32 \u20ac<\/td><td><br><\/td><td>10.921,32 \u20ac&nbsp;<\/td><\/tr><tr><td>Corbera<\/td><td>9.745,56 \u20ac<\/td><td><br><\/td><td>9.745,56 \u20ac&nbsp;<\/td><\/tr><tr><td>Cullera<\/td><td>22.075,30 \u20ac<\/td><td><br><\/td><td>22.075,30 \u20ac&nbsp;<\/td><\/tr><tr><td>Favara<\/td><td>24.792,78 \u20ac<\/td><td><br><\/td><td>24.792,78 \u20ac&nbsp;<\/td><\/tr><tr><td>Llaur\u00ed<\/td><td>11.543,05 \u20ac<\/td><td><br><\/td><td>11.543,05 \u20ac&nbsp;<\/td><\/tr><tr><td>Poliny\u00e0 de X\u00faquer<\/td><td>8.971,95 \u20ac<\/td><td><br><\/td><td>8.971,95 \u20ac&nbsp;<\/td><\/tr><tr><td>Sueca<\/td><td>5.175,89 \u20ac<\/td><td><br><\/td><td>5.175,89 \u20ac&nbsp;<\/td><\/tr><\/tbody><\/table><\/figure>\n\n\n\n<p><strong>TOTAL RIBERA BAIXA: 102.174,97 \u20ac<\/strong><\/p>\n","protected":false},"excerpt":{"rendered":"<div class=\"mh-excerpt\">El president Vicent Momp\u00f3 presenta davant alcaldes i alcaldesses de la prov\u00edncia les novetats del programa de subvencions de l&#8217;\u00e0rea de Medi Ambient per a fer-lo &#8220;m\u00e9s \u00fatil, m\u00e9s intel\u00b7ligent i profundament connectat amb la <a class=\"mh-excerpt-more\" href=\"https:\/\/www.tucomarca.com\/wordpress\/segunda\/ca\/la-diputacio-de-valencia-assigna-900-000-euros-als-ajuntaments-de-la-ribera-per-a-gestio-forestal-i-prevencio-dincendis\/\" title=\"La Diputaci\u00f3 de Val\u00e8ncia assigna 900.000 euros als ajuntaments de la Ribera per a gesti\u00f3 forestal i prevenci\u00f3 d&#8217;incendis\u00a0\">[+] <\/a><\/div>\n","protected":false},"author":12,"featured_media":298744,"comment_status":"closed","ping_status":"open","sticky":false,"template":"","format":"standard","meta":{"footnotes":""},"categories":[10898,10948,10894,10902,10903,10947,10896],"tags":[11246,11356],"class_list":{"0":"post-298745","1":"post","2":"type-post","3":"status-publish","4":"format-standard","5":"has-post-thumbnail","7":"category-ventana-ca","8":"category-infraestructuras-ca","9":"category-la-comarca-ca","10":"category-la-ribera-ca","11":"category-medio-ambiente-la-comarca-ca","12":"category-politica","13":"category-seccion-ca","14":"tag-diputacio-de-valencia-ca","15":"tag-ribera-alta-ca"},"_links":{"self":[{"href":"https:\/\/www.tucomarca.com\/wordpress\/segunda\/ca\/wp-json\/wp\/v2\/posts\/298745","targetHints":{"allow":["GET"]}}],"collection":[{"href":"https:\/\/www.tucomarca.com\/wordpress\/segunda\/ca\/wp-json\/wp\/v2\/posts"}],"about":[{"href":"https:\/\/www.tucomarca.com\/wordpress\/segunda\/ca\/wp-json\/wp\/v2\/types\/post"}],"author":[{"embeddable":true,"href":"https:\/\/www.tucomarca.com\/wordpress\/segunda\/ca\/wp-json\/wp\/v2\/users\/12"}],"replies":[{"embeddable":true,"href":"https:\/\/www.tucomarca.com\/wordpress\/segunda\/ca\/wp-json\/wp\/v2\/comments?post=298745"}],"version-history":[{"count":0,"href":"https:\/\/www.tucomarca.com\/wordpress\/segunda\/ca\/wp-json\/wp\/v2\/posts\/298745\/revisions"}],"wp:featuredmedia":[{"embeddable":true,"href":"https:\/\/www.tucomarca.com\/wordpress\/segunda\/ca\/wp-json\/wp\/v2\/media\/298744"}],"wp:attachment":[{"href":"https:\/\/www.tucomarca.com\/wordpress\/segunda\/ca\/wp-json\/wp\/v2\/media?parent=298745"}],"wp:term":[{"taxonomy":"category","embeddable":true,"href":"https:\/\/www.tucomarca.com\/wordpress\/segunda\/ca\/wp-json\/wp\/v2\/categories?post=298745"},{"taxonomy":"post_tag","embeddable":true,"href":"https:\/\/www.tucomarca.com\/wordpress\/segunda\/ca\/wp-json\/wp\/v2\/tags?post=298745"}],"curies":[{"name":"wp","href":"https:\/\/api.w.org\/{rel}","templated":true}]}}