{"id":298767,"date":"2026-04-15T09:15:00","date_gmt":"2026-04-15T07:15:00","guid":{"rendered":"https:\/\/www.tucomarca.com\/wordpress\/segunda\/?p=298767"},"modified":"2026-04-15T21:23:12","modified_gmt":"2026-04-15T19:23:12","slug":"fotogaleria-maxima-participacio-a-lescola-esportiva-de-pasqua-de-xest","status":"publish","type":"post","link":"https:\/\/www.tucomarca.com\/wordpress\/segunda\/ca\/fotogaleria-maxima-participacio-a-lescola-esportiva-de-pasqua-de-xest\/","title":{"rendered":"Fotogaleria: m\u00e0xima participaci\u00f3 a l&#8217;Escola Esportiva de Pasqua de Xest"},"content":{"rendered":"\n<p>La Regidoria d&#8217;Esports de l&#8217;Ajuntament de Xest celebra l&#8217;\u00e8xit de participaci\u00f3 en la present edici\u00f3 de l&#8217;Escola Esportiva de Pasqua, que ha triplicat les seues inscripcions amb m\u00e9s de 140 xiquets i xiquetes inscrits.<\/p>\n\n\n\n<p>Una edici\u00f3 que ha destacat especialment per l&#8217;\u00e0mplia oferta esportiva i la qualitat de les activitats, gr\u00e0cies a la col\u00b7laboraci\u00f3 dels diferents clubs esportius del municipi, que han participat de manera desinteressada per a acostar les seues disciplines a l&#8217;alumnat.<\/p>\n\n\n\n<p>El regidor d&#8217;Esports, Adri\u00e1n Tar\u00edn, ha volgut mostrar el seu agra\u00efment destacant que: \u201cVolem agrair profundament la implicaci\u00f3 de tots els clubs esportius del municipi. La seua col\u00b7laboraci\u00f3 altruista ha sigut clau per a enriquir aquesta escola, permetent que els xiquets i xiquetes gaudisquen d&#8217;una experi\u00e8ncia esportiva m\u00e9s completa, variada i de major qualitat\u201d.<\/p>\n\n\n\n<p>Aix\u00ed mateix, ha subratllat la import\u00e0ncia de la diversitat esportiva en edats primerenques: \u201c\u00c9s fonamental que els xiquets i xiquetes tinguen l&#8217;oportunitat de con\u00e9ixer i provar diferents esports.<br>Aquest tipus d&#8217;iniciatives no sols fomenten h\u00e0bits de vida saludable, sin\u00f3 que tamb\u00e9 ajuden a descobrir noves aficions i valors com l&#8217;esfor\u00e7, la companyonia i el respecte\u201d.<\/p>\n\n\n\n<p>Des de la Regidoria ja s&#8217;est\u00e0 treballant a l&#8217;Escola Esportiva d&#8217;Estiu, que arribar\u00e0 amb noves activitats i sorpreses per a continuar fomentant la pr\u00e0ctica esportiva entre els m\u00e9s joves.<\/p>\n\n\n\n<figure class=\"wp-block-gallery has-nested-images columns-2 is-cropped wp-block-gallery-1 is-layout-flex wp-block-gallery-is-layout-flex\">\n<figure class=\"wp-block-image size-large\"><img loading=\"lazy\" decoding=\"async\" width=\"945\" height=\"638\" data-id=\"298764\" src=\"https:\/\/www.tucomarca.com\/wordpress\/segunda\/wp-content\/uploads\/2026\/04\/Cheste_Pascua-27.jpg\" alt=\"\" class=\"wp-image-298764\" srcset=\"https:\/\/www.tucomarca.com\/wordpress\/segunda\/wp-content\/uploads\/2026\/04\/Cheste_Pascua-27.jpg 945w, https:\/\/www.tucomarca.com\/wordpress\/segunda\/wp-content\/uploads\/2026\/04\/Cheste_Pascua-27-300x203.jpg 300w, https:\/\/www.tucomarca.com\/wordpress\/segunda\/wp-content\/uploads\/2026\/04\/Cheste_Pascua-27-768x519.jpg 768w\" sizes=\"auto, (max-width: 945px) 100vw, 945px\" \/><\/figure>\n\n\n\n<figure class=\"wp-block-image size-large\"><img loading=\"lazy\" decoding=\"async\" width=\"945\" height=\"638\" data-id=\"298760\" src=\"https:\/\/www.tucomarca.com\/wordpress\/segunda\/wp-content\/uploads\/2026\/04\/Cheste_Pascua2-19.jpg\" alt=\"\" class=\"wp-image-298760\" srcset=\"https:\/\/www.tucomarca.com\/wordpress\/segunda\/wp-content\/uploads\/2026\/04\/Cheste_Pascua2-19.jpg 945w, https:\/\/www.tucomarca.com\/wordpress\/segunda\/wp-content\/uploads\/2026\/04\/Cheste_Pascua2-19-300x203.jpg 300w, https:\/\/www.tucomarca.com\/wordpress\/segunda\/wp-content\/uploads\/2026\/04\/Cheste_Pascua2-19-768x519.jpg 768w\" sizes=\"auto, (max-width: 945px) 100vw, 945px\" \/><\/figure>\n\n\n\n<figure class=\"wp-block-image size-large\"><img loading=\"lazy\" decoding=\"async\" width=\"945\" height=\"638\" data-id=\"298762\" src=\"https:\/\/www.tucomarca.com\/wordpress\/segunda\/wp-content\/uploads\/2026\/04\/Cheste_Pascua-43.jpg\" alt=\"\" class=\"wp-image-298762\" srcset=\"https:\/\/www.tucomarca.com\/wordpress\/segunda\/wp-content\/uploads\/2026\/04\/Cheste_Pascua-43.jpg 945w, https:\/\/www.tucomarca.com\/wordpress\/segunda\/wp-content\/uploads\/2026\/04\/Cheste_Pascua-43-300x203.jpg 300w, https:\/\/www.tucomarca.com\/wordpress\/segunda\/wp-content\/uploads\/2026\/04\/Cheste_Pascua-43-768x519.jpg 768w\" sizes=\"auto, (max-width: 945px) 100vw, 945px\" \/><\/figure>\n\n\n\n<figure class=\"wp-block-image size-large\"><img loading=\"lazy\" decoding=\"async\" width=\"945\" height=\"638\" data-id=\"298754\" src=\"https:\/\/www.tucomarca.com\/wordpress\/segunda\/wp-content\/uploads\/2026\/04\/Cheste_Pascua2-8.jpg\" alt=\"\" class=\"wp-image-298754\" srcset=\"https:\/\/www.tucomarca.com\/wordpress\/segunda\/wp-content\/uploads\/2026\/04\/Cheste_Pascua2-8.jpg 945w, https:\/\/www.tucomarca.com\/wordpress\/segunda\/wp-content\/uploads\/2026\/04\/Cheste_Pascua2-8-300x203.jpg 300w, https:\/\/www.tucomarca.com\/wordpress\/segunda\/wp-content\/uploads\/2026\/04\/Cheste_Pascua2-8-768x519.jpg 768w\" sizes=\"auto, (max-width: 945px) 100vw, 945px\" \/><\/figure>\n\n\n\n<figure class=\"wp-block-image size-full\"><img loading=\"lazy\" decoding=\"async\" width=\"945\" height=\"638\" data-id=\"298753\" src=\"https:\/\/www.tucomarca.com\/wordpress\/segunda\/wp-content\/uploads\/2026\/04\/Cheste_Pascua2-10.jpg\" alt=\"\" class=\"wp-image-298753\" srcset=\"https:\/\/www.tucomarca.com\/wordpress\/segunda\/wp-content\/uploads\/2026\/04\/Cheste_Pascua2-10.jpg 945w, https:\/\/www.tucomarca.com\/wordpress\/segunda\/wp-content\/uploads\/2026\/04\/Cheste_Pascua2-10-300x203.jpg 300w, https:\/\/www.tucomarca.com\/wordpress\/segunda\/wp-content\/uploads\/2026\/04\/Cheste_Pascua2-10-768x519.jpg 768w\" sizes=\"auto, (max-width: 945px) 100vw, 945px\" \/><\/figure>\n\n\n\n<figure class=\"wp-block-image size-large\"><img loading=\"lazy\" decoding=\"async\" width=\"945\" height=\"638\" data-id=\"298758\" src=\"https:\/\/www.tucomarca.com\/wordpress\/segunda\/wp-content\/uploads\/2026\/04\/Cheste_Pascua-46.jpg\" alt=\"\" class=\"wp-image-298758\" srcset=\"https:\/\/www.tucomarca.com\/wordpress\/segunda\/wp-content\/uploads\/2026\/04\/Cheste_Pascua-46.jpg 945w, https:\/\/www.tucomarca.com\/wordpress\/segunda\/wp-content\/uploads\/2026\/04\/Cheste_Pascua-46-300x203.jpg 300w, https:\/\/www.tucomarca.com\/wordpress\/segunda\/wp-content\/uploads\/2026\/04\/Cheste_Pascua-46-768x519.jpg 768w\" sizes=\"auto, (max-width: 945px) 100vw, 945px\" \/><\/figure>\n<\/figure>\n","protected":false},"excerpt":{"rendered":"<div class=\"mh-excerpt\">La Regidoria d&#8217;Esports de l&#8217;Ajuntament de Xest celebra l&#8217;\u00e8xit de participaci\u00f3 en la present edici\u00f3 de l&#8217;Escola Esportiva de Pasqua, que ha triplicat les seues inscripcions amb m\u00e9s de 140 xiquets i xiquetes inscrits. Una <a class=\"mh-excerpt-more\" href=\"https:\/\/www.tucomarca.com\/wordpress\/segunda\/ca\/fotogaleria-maxima-participacio-a-lescola-esportiva-de-pasqua-de-xest\/\" title=\"Fotogaleria: m\u00e0xima participaci\u00f3 a l&#8217;Escola Esportiva de Pasqua de Xest\">[+] <\/a><\/div>\n","protected":false},"author":12,"featured_media":298757,"comment_status":"closed","ping_status":"open","sticky":false,"template":"","format":"gallery","meta":{"footnotes":""},"categories":[11003,10894,10912,11007,11009,10896,10974],"tags":[11071,24127,10914],"class_list":{"0":"post-298767","1":"post","2":"type-post","3":"status-publish","4":"format-gallery","5":"has-post-thumbnail","7":"category-sports","8":"category-la-comarca-ca","9":"category-la-hoya-ca","10":"category-ocio-y-cultura-ca","11":"category-polideportivo-ca","12":"category-seccion-ca","13":"category-cheste-ca","14":"tag-cheste","15":"tag-escuela-deportiva-de-pascua","16":"tag-la-hoya-de-bunol-chiva-ca","17":"post_format-post-format-gallery"},"_links":{"self":[{"href":"https:\/\/www.tucomarca.com\/wordpress\/segunda\/ca\/wp-json\/wp\/v2\/posts\/298767","targetHints":{"allow":["GET"]}}],"collection":[{"href":"https:\/\/www.tucomarca.com\/wordpress\/segunda\/ca\/wp-json\/wp\/v2\/posts"}],"about":[{"href":"https:\/\/www.tucomarca.com\/wordpress\/segunda\/ca\/wp-json\/wp\/v2\/types\/post"}],"author":[{"embeddable":true,"href":"https:\/\/www.tucomarca.com\/wordpress\/segunda\/ca\/wp-json\/wp\/v2\/users\/12"}],"replies":[{"embeddable":true,"href":"https:\/\/www.tucomarca.com\/wordpress\/segunda\/ca\/wp-json\/wp\/v2\/comments?post=298767"}],"version-history":[{"count":0,"href":"https:\/\/www.tucomarca.com\/wordpress\/segunda\/ca\/wp-json\/wp\/v2\/posts\/298767\/revisions"}],"wp:featuredmedia":[{"embeddable":true,"href":"https:\/\/www.tucomarca.com\/wordpress\/segunda\/ca\/wp-json\/wp\/v2\/media\/298757"}],"wp:attachment":[{"href":"https:\/\/www.tucomarca.com\/wordpress\/segunda\/ca\/wp-json\/wp\/v2\/media?parent=298767"}],"wp:term":[{"taxonomy":"category","embeddable":true,"href":"https:\/\/www.tucomarca.com\/wordpress\/segunda\/ca\/wp-json\/wp\/v2\/categories?post=298767"},{"taxonomy":"post_tag","embeddable":true,"href":"https:\/\/www.tucomarca.com\/wordpress\/segunda\/ca\/wp-json\/wp\/v2\/tags?post=298767"}],"curies":[{"name":"wp","href":"https:\/\/api.w.org\/{rel}","templated":true}]}}