{"id":298790,"date":"2026-04-15T09:00:00","date_gmt":"2026-04-15T07:00:00","guid":{"rendered":"https:\/\/www.tucomarca.com\/wordpress\/segunda\/?p=298790"},"modified":"2026-04-15T21:13:04","modified_gmt":"2026-04-15T19:13:04","slug":"arranquen-les-formacions-sorbos-de-tierra-bobal-dins-del-projecte-adaptt","status":"publish","type":"post","link":"https:\/\/www.tucomarca.com\/wordpress\/segunda\/ca\/arranquen-les-formacions-sorbos-de-tierra-bobal-dins-del-projecte-adaptt\/","title":{"rendered":"Arranquen les formacions \u201cSorbos de Tierra Bobal\u201d dins del projecte ADAPT@+T"},"content":{"rendered":"\n<h3 class=\"wp-block-heading\">La Mancomunidad del Interior Tierra del Vino repr\u00e9n les microformacions incloses en el projecte d\u2019\u201cEmpleo y Desarrollo Comarcal. ADAPT@+T\u201d.<\/h3>\n\n\n\n<p>La Mancomunidad del Interior Tierra del Vino posar\u00e0 en marxa el pr\u00f2xim mes de maig els cicles formatius \u201cSorbos de Tierra Bobal\u201d i \u201cM\u00e1s Sorbos de Tierra Bobal\u201d, una iniciativa inclosa en el projecte ADAPT@+T, centrat en l\u2019ocupaci\u00f3, la formaci\u00f3 i l\u2019emprenedoria en el territori.<\/p>\n\n\n\n<p>El cicle que inicia les formacions, \u201cSorbos de Tierra Bobal\u201d, est\u00e0 compost per un total de 15 microformacions o \u201csorbos\u201d, dissenyades per a oferir un coneixement pr\u00e0ctic i actualitzat sobre la marca de destinaci\u00f3 tur\u00edstica Tierra Bobal. Els continguts aborden aspectes clau com els productes tur\u00edstics del territori, els seus recursos naturals i culturals, aix\u00ed com la seua identitat i tradici\u00f3 vitivin\u00edcola.<\/p>\n\n\n\n<p>El programa incorpora, a m\u00e9s, informaci\u00f3 actualitzada sobre els nous recursos tur\u00edstics desenvolupats en el marc del Pla de Sostenibilitat Tur\u00edstica en Dest\u00ed de Tierra Bobal, finan\u00e7at per la Uni\u00f3 Europea \u2013 NextGenerationEU dins del Pla de Recuperaci\u00f3, Transformaci\u00f3 i Resili\u00e8ncia, la gesti\u00f3 del qual correspon a la Mancomunidad del Interior Tierra del Vino.<\/p>\n\n\n\n<p>Les formacions poden realitzar-se de manera independent o combinada, amb una duraci\u00f3 que oscil\u00b7la entre les 4 i les 10 hores per curs, fins a completar un total de 100 hores en l\u2019itinerari complet.<\/p>\n\n\n\n<p>La modalitat \u00e9s principalment en l\u00ednia, a trav\u00e9s de la plataforma Google Classroom, on l\u2019alumnat tindr\u00e0 acc\u00e9s a temari, v\u00eddeos i materials did\u00e0ctics i d\u2019avaluaci\u00f3. A m\u00e9s, s\u2019oferiran sessions de tutoria setmanals per videoconfer\u00e8ncia, que se celebraran els dijous.<\/p>\n\n\n\n<p>Estes accions formatives estan dirigides especialment a persones en situaci\u00f3 de desocupaci\u00f3 interessades a incorporar-se al sector tur\u00edstic, aix\u00ed com a professionals en actiu que desitgen ampliar o actualitzar els seus coneixements sobre el dest\u00ed Tierra Bobal. Tamb\u00e9 estan obertes a aquelles persones que ja van realitzar formacions pr\u00e8vies, com el curs de Gu\u00edas Acompa\u00f1antes, i vulguen actualitzar continguts, aix\u00ed com a qualsevol persona interessada a con\u00e9ixer millor el territori.<\/p>\n\n\n\n<p><strong>Terminis clau:<\/strong><br>Matriculaci\u00f3: del 20 d\u2019abril a l\u20191 de novembre de 2026<br>Acc\u00e9s a la formaci\u00f3: del 4 de maig al 31 de novembre de 2026<\/p>\n\n\n\n<p>La inscripci\u00f3 es realitzar\u00e0 mitjan\u00e7ant un formulari en el qual es podran seleccionar els cursos desitjats. L\u2019acc\u00e9s a les aules virtuals s\u2019habilitar\u00e0 progressivament conforme s\u2019inicien les diferents microformacions.<\/p>\n","protected":false},"excerpt":{"rendered":"<div class=\"mh-excerpt\">La Mancomunidad del Interior Tierra del Vino repr\u00e9n les microformacions incloses en el projecte d\u2019\u201cEmpleo y Desarrollo Comarcal. ADAPT@+T\u201d. La Mancomunidad del Interior Tierra del Vino posar\u00e0 en marxa el pr\u00f2xim mes de maig els <a class=\"mh-excerpt-more\" href=\"https:\/\/www.tucomarca.com\/wordpress\/segunda\/ca\/arranquen-les-formacions-sorbos-de-tierra-bobal-dins-del-projecte-adaptt\/\" title=\"Arranquen les formacions \u201cSorbos de Tierra Bobal\u201d dins del projecte ADAPT@+T\">[+] <\/a><\/div>\n","protected":false},"author":12,"featured_media":298783,"comment_status":"closed","ping_status":"open","sticky":false,"template":"","format":"standard","meta":{"footnotes":""},"categories":[11019,11006,10894,11007,10908,10909,10896,11059],"tags":[20458,23941,12387,12388],"class_list":{"0":"post-298790","1":"post","2":"type-post","3":"status-publish","4":"format-standard","5":"has-post-thumbnail","7":"category-agenda-ca","8":"category-canal-vinos","9":"category-la-comarca-ca","10":"category-ocio-y-cultura-ca","11":"category-requena-ca","12":"category-requena-utiel-ca","13":"category-seccion-ca","14":"category-utiel-ca","15":"tag-adaptt-ca","16":"tag-formacion","17":"tag-mancomunidad-del-interior-tierra-del-vino-ca","18":"tag-tierra-bobal-ca"},"_links":{"self":[{"href":"https:\/\/www.tucomarca.com\/wordpress\/segunda\/ca\/wp-json\/wp\/v2\/posts\/298790","targetHints":{"allow":["GET"]}}],"collection":[{"href":"https:\/\/www.tucomarca.com\/wordpress\/segunda\/ca\/wp-json\/wp\/v2\/posts"}],"about":[{"href":"https:\/\/www.tucomarca.com\/wordpress\/segunda\/ca\/wp-json\/wp\/v2\/types\/post"}],"author":[{"embeddable":true,"href":"https:\/\/www.tucomarca.com\/wordpress\/segunda\/ca\/wp-json\/wp\/v2\/users\/12"}],"replies":[{"embeddable":true,"href":"https:\/\/www.tucomarca.com\/wordpress\/segunda\/ca\/wp-json\/wp\/v2\/comments?post=298790"}],"version-history":[{"count":0,"href":"https:\/\/www.tucomarca.com\/wordpress\/segunda\/ca\/wp-json\/wp\/v2\/posts\/298790\/revisions"}],"wp:featuredmedia":[{"embeddable":true,"href":"https:\/\/www.tucomarca.com\/wordpress\/segunda\/ca\/wp-json\/wp\/v2\/media\/298783"}],"wp:attachment":[{"href":"https:\/\/www.tucomarca.com\/wordpress\/segunda\/ca\/wp-json\/wp\/v2\/media?parent=298790"}],"wp:term":[{"taxonomy":"category","embeddable":true,"href":"https:\/\/www.tucomarca.com\/wordpress\/segunda\/ca\/wp-json\/wp\/v2\/categories?post=298790"},{"taxonomy":"post_tag","embeddable":true,"href":"https:\/\/www.tucomarca.com\/wordpress\/segunda\/ca\/wp-json\/wp\/v2\/tags?post=298790"}],"curies":[{"name":"wp","href":"https:\/\/api.w.org\/{rel}","templated":true}]}}