{"id":298798,"date":"2026-04-15T12:00:00","date_gmt":"2026-04-15T10:00:00","guid":{"rendered":"https:\/\/www.tucomarca.com\/wordpress\/segunda\/?p=298798"},"modified":"2026-04-15T21:16:44","modified_gmt":"2026-04-15T19:16:44","slug":"labora-tacompanya-en-cada-pas-del-teu-cami-professional","status":"publish","type":"post","link":"https:\/\/www.tucomarca.com\/wordpress\/segunda\/ca\/labora-tacompanya-en-cada-pas-del-teu-cami-professional\/","title":{"rendered":"Labora t\u2019acompanya en cada pas del teu cam\u00ed professional"},"content":{"rendered":"\n<p><strong>Un servei gratu\u00eft que t\u2019ajuda a trobar i millorar les teues oportunitats laborals<\/strong><\/p>\n\n\n\n<p>Trobar treball i moure\u2019s en un mercat laboral en constant canvi no \u00e9s f\u00e0cil. Per aix\u00f2, Labora, el Servei Valenci\u00e0 d\u2019Ocupaci\u00f3 i Formaci\u00f3, s\u2019encarrega de facilitar l\u2019acc\u00e9s i la millora de l\u2019ocupaci\u00f3 a la ciutadania perqu\u00e8 puguen descobrir noves oportunitats, millorar compet\u00e8ncies i destacar en el mercat de treball. Labora oferix orientaci\u00f3 laboral individualitzada, formaci\u00f3 i tallers pr\u00e0ctics, suport a empreses per a trobar talent i programes amb subvencions per a diferents col\u00b7lectius, tot amb l\u2019objectiu de facilitar a la societat valenciana el seu desenvolupament professional.<\/p>\n\n\n\n<p><strong>Una ajuda per a trobar ocupaci\u00f3<\/strong><\/p>\n\n\n\n<p>A internet hi ha milers d\u2019ofertes d\u2019ocupaci\u00f3 en tot tipus de p\u00e0gines, i tot i aix\u00f2 moltes persones senten que envien curr\u00edculums sense rebre resposta. A\u00e7\u00f2 pot resultar frustrant i fer que trobar treball semble m\u00e9s dif\u00edcil del que \u00e9s. Per aix\u00f2, comptar amb l\u2019ajuda adequada marca la difer\u00e8ncia: en Labora tens a la teua disposici\u00f3 un servei gratu\u00eft d\u2019atenci\u00f3 individualitzada, on el personal t\u2019acompanya en la teua busca d\u2019ocupaci\u00f3 i t\u2019ajuda a avan\u00e7ar cap al teu futur professional.<\/p>\n\n\n\n<p>Des de l\u2019inici comptes amb un orientador o orientadora de refer\u00e8ncia que actua com la teua guia, coneixent el teu perfil i ajudant-te a tra\u00e7ar un cam\u00ed clar cap a l\u2019ocupaci\u00f3. Et dona les ferramentes per a millorar el teu curr\u00edculum, preparar-te per a entrevistes i descobrir cursos i oportunitats que encaixen amb tu. A m\u00e9s, tamb\u00e9 hi ha disponibles tallers pr\u00e0ctics on aprendre a afrontar entrevistes amb m\u00e9s seguretat i a desenvolupar-te millor en la busca d\u2019ocupaci\u00f3. Tamb\u00e9 pots sol\u00b7licitar cites sempre que ho necessites, avan\u00e7ant pas a pas i resolent els teus dubtes. Un suport pr\u00f2xim i continu perqu\u00e8 no hages de fer-ho a soles i que et motiva a mantindre una actitud positiva durant tot el proc\u00e9s de buscar treball.<\/p>\n\n\n<div class=\"wp-block-image\">\n<figure class=\"alignleft size-large is-resized\"><img loading=\"lazy\" decoding=\"async\" width=\"683\" height=\"1024\" src=\"https:\/\/www.tucomarca.com\/wordpress\/segunda\/wp-content\/uploads\/2026\/04\/11_LABORA-683x1024.jpg\" alt=\"\" class=\"wp-image-298794\" style=\"width:412px;height:auto\" srcset=\"https:\/\/www.tucomarca.com\/wordpress\/segunda\/wp-content\/uploads\/2026\/04\/11_LABORA-683x1024.jpg 683w, https:\/\/www.tucomarca.com\/wordpress\/segunda\/wp-content\/uploads\/2026\/04\/11_LABORA-200x300.jpg 200w, https:\/\/www.tucomarca.com\/wordpress\/segunda\/wp-content\/uploads\/2026\/04\/11_LABORA-768x1152.jpg 768w, https:\/\/www.tucomarca.com\/wordpress\/segunda\/wp-content\/uploads\/2026\/04\/11_LABORA.jpg 886w\" sizes=\"auto, (max-width: 683px) 100vw, 683px\" \/><\/figure>\n<\/div>\n\n\n<p><strong>Formaci\u00f3 per a avan\u00e7ar<\/strong><\/p>\n\n\n\n<p>Des de Labora saben com d\u2019important \u00e9s la formaci\u00f3 en la busca d\u2019ocupaci\u00f3. \u00c9s una ferramenta que ajuda a millorar les teues habilitats i a destacar en les entrevistes de treball. Per aix\u00f2, posen a la teua disposici\u00f3 una gran varietat de cursos gratu\u00efts tant per a persones desocupades com ocupades. Sobretot, es presta especial atenci\u00f3 al fet que joves, dones i col\u00b7lectius d\u2019atenci\u00f3 priorit\u00e0ria reben formaci\u00f3 per a millorar les seues oportunitats laborals.<\/p>\n\n\n\n<p>Hi ha cursos de diferents duracions i de sectors laborals molt diversos que es realitzen per tota la Comunitat Valenciana. Per exemple, certificats professionals, programes d\u2019ocupaci\u00f3 i formaci\u00f3 o el Campus Virtual.<br>Tamb\u00e9 tens l\u2019opci\u00f3 d\u2019acreditar les compet\u00e8ncies laborals que has adquirit per la teua experi\u00e8ncia treballant. Si \u00e9s el teu cas, acudeix al teu Espai Labora i t\u2019informaran de com pots aconseguir-ho.<\/p>\n\n\n\n<p>Les dades parlen per si soles: m\u00e9s de la mitat de les persones que participen en els cursos de Labora aconseguixen ocupaci\u00f3 en menys d\u2019un any. Entra en l\u2019apartat Busco Formaci\u00f3n de la seua p\u00e0gina web i troba el curs que m\u00e9s s\u2019adapte a tu.<\/p>\n\n\n\n<p><strong>Empreses que troben talent en Labora<\/strong><\/p>\n\n\n\n<p>Necessites cobrir un lloc de treball? En Labora connecten la teua empresa amb el talent que busques. Registra l\u2019oferta d\u2019ocupaci\u00f3 en el seu portal GVAJobs, consulta les candidatures presentades per les persones interessades en l\u2019oferta, revisa els seus curr\u00edculums, cita els candidats o candidates que consideres m\u00e9s idonis i troba el talent que la teua empresa necessita.<\/p>\n\n\n\n<p>En Labora es fomenta l\u2019ocupaci\u00f3 oferint ajudes i subvencions a empreses i entitats per la contractaci\u00f3 de diferents col\u00b7lectius. Consulta totes les convocat\u00f2ries disponibles.<br>Si vols contactar amb ells per a resoldre dubtes, sol\u00b7licitar informaci\u00f3 o que vagen a visitar-te, contacta amb la seua atenci\u00f3 especialitzada en Espai Empreses.<\/p>\n\n\n\n<p><strong>Amb tu en cada pas<\/strong><\/p>\n\n\n\n<p>Labora vol con\u00e9ixer-te! No dubtes a acudir a l\u2019Espai Labora que et correspon perqu\u00e8 puguen ajudar-te personalment. Tenen m\u00e9s de 50 centres per tota la Comunitat Valenciana. Troba el teu!<\/p>\n\n\n\n<p>En Punt Labora pots trobar m\u00e9s de 2.000 ofertes d\u2019ocupaci\u00f3 di\u00e0riament. Accedix des del teu navegador web o des de l\u2019aplicaci\u00f3. Inscriu-te a totes les ofertes que t\u2019interessen i fes un seguiment de la teua candidatura. Tamb\u00e9 pots consultar l\u2019oferta formativa actual; compten amb m\u00faltiples centres de formaci\u00f3 on ampliar els teus coneixements o aprendre sobre altres sectors laborals.<\/p>\n\n\n\n<p>Labora impulsa l\u2019ocupaci\u00f3, acompanyant persones i empreses en cada pas del seu cam\u00ed laboral.<\/p>\n","protected":false},"excerpt":{"rendered":"<div class=\"mh-excerpt\">Un servei gratu\u00eft que t\u2019ajuda a trobar i millorar les teues oportunitats laborals Trobar treball i moure\u2019s en un mercat laboral en constant canvi no \u00e9s f\u00e0cil. Per aix\u00f2, Labora, el Servei Valenci\u00e0 d\u2019Ocupaci\u00f3 i <a class=\"mh-excerpt-more\" href=\"https:\/\/www.tucomarca.com\/wordpress\/segunda\/ca\/labora-tacompanya-en-cada-pas-del-teu-cami-professional\/\" title=\"Labora t\u2019acompanya en cada pas del teu cam\u00ed professional\">[+] <\/a><\/div>\n","protected":false},"author":1,"featured_media":297689,"comment_status":"closed","ping_status":"open","sticky":false,"template":"","format":"standard","meta":{"footnotes":""},"categories":[10898,10894,10904,11007,10947,10896],"tags":[12480,11498,11485],"class_list":{"0":"post-298798","1":"post","2":"type-post","3":"status-publish","4":"format-standard","5":"has-post-thumbnail","7":"category-ventana-ca","8":"category-la-comarca-ca","9":"category-sin-categorizar-ca","10":"category-ocio-y-cultura-ca","11":"category-politica","12":"category-seccion-ca","13":"tag-empleo-ca","14":"tag-generalitat-valenciana-ca","15":"tag-labora-ca"},"_links":{"self":[{"href":"https:\/\/www.tucomarca.com\/wordpress\/segunda\/ca\/wp-json\/wp\/v2\/posts\/298798","targetHints":{"allow":["GET"]}}],"collection":[{"href":"https:\/\/www.tucomarca.com\/wordpress\/segunda\/ca\/wp-json\/wp\/v2\/posts"}],"about":[{"href":"https:\/\/www.tucomarca.com\/wordpress\/segunda\/ca\/wp-json\/wp\/v2\/types\/post"}],"author":[{"embeddable":true,"href":"https:\/\/www.tucomarca.com\/wordpress\/segunda\/ca\/wp-json\/wp\/v2\/users\/1"}],"replies":[{"embeddable":true,"href":"https:\/\/www.tucomarca.com\/wordpress\/segunda\/ca\/wp-json\/wp\/v2\/comments?post=298798"}],"version-history":[{"count":0,"href":"https:\/\/www.tucomarca.com\/wordpress\/segunda\/ca\/wp-json\/wp\/v2\/posts\/298798\/revisions"}],"wp:featuredmedia":[{"embeddable":true,"href":"https:\/\/www.tucomarca.com\/wordpress\/segunda\/ca\/wp-json\/wp\/v2\/media\/297689"}],"wp:attachment":[{"href":"https:\/\/www.tucomarca.com\/wordpress\/segunda\/ca\/wp-json\/wp\/v2\/media?parent=298798"}],"wp:term":[{"taxonomy":"category","embeddable":true,"href":"https:\/\/www.tucomarca.com\/wordpress\/segunda\/ca\/wp-json\/wp\/v2\/categories?post=298798"},{"taxonomy":"post_tag","embeddable":true,"href":"https:\/\/www.tucomarca.com\/wordpress\/segunda\/ca\/wp-json\/wp\/v2\/tags?post=298798"}],"curies":[{"name":"wp","href":"https:\/\/api.w.org\/{rel}","templated":true}]}}