{"id":298805,"date":"2026-04-15T12:30:00","date_gmt":"2026-04-15T10:30:00","guid":{"rendered":"https:\/\/www.tucomarca.com\/wordpress\/segunda\/?p=298805"},"modified":"2026-04-15T21:32:34","modified_gmt":"2026-04-15T19:32:34","slug":"la-generalitat-rep-330-peticions-dajuda-dafectats-i-familiars-de-morts-en-la-dana-el-termini-de-sollicitud-de-la-qual-continua-obert-fins-al-25-de-maig","status":"publish","type":"post","link":"https:\/\/www.tucomarca.com\/wordpress\/segunda\/ca\/la-generalitat-rep-330-peticions-dajuda-dafectats-i-familiars-de-morts-en-la-dana-el-termini-de-sollicitud-de-la-qual-continua-obert-fins-al-25-de-maig\/","title":{"rendered":"La Generalitat rep 330 peticions d&#8217;ajuda d&#8217;afectats i familiars de morts en la dana el termini de sol\u00b7licitud de la qual continua obert fins al 25 de maig"},"content":{"rendered":"\n<h3 class=\"wp-block-heading\">Les ajudes per a casos de defunci\u00f3 i incapacitat absoluta i permanent poden sol\u00b7licitar-se de manera presencial o electr\u00f2nica.<\/h3>\n\n\n\n<h3 class=\"wp-block-heading\">El decret fixa per a cada v\u00edctima un import de 80.000 euros a dividir entre familiars o persones amb relaci\u00f3 afectiva.<\/h3>\n\n\n\n<h3 class=\"wp-block-heading\">Les ajudes s\u00f3n compatibles amb altres subvencions p\u00fabliques o privades, com a indemnitzacions d&#8217;assegurances, i no tributen en la declaraci\u00f3 de la renda.<\/h3>\n\n\n\n<p>La Generalitat ha rebut fins al moment 330 peticions d&#8217;ajuda de familiars de morts i d&#8217;afectats per la dana amb incapacitat absoluta i permanent a conseq\u00fc\u00e8ncia del temporal de vent i pluges del 29 d&#8217;octubre de 2024 en la Comunitat Valenciana.<\/p>\n\n\n\n<p>Les subvencions podran demanar-se fins al pr\u00f2xim 25 de maig de manera presencial emplenant el corresponent formulari o telem\u00e0ticament en la seu electr\u00f2nica de la GVA.<\/p>\n\n\n\n<p>L&#8217;import de cada ajuda ser\u00e0 de 80.000 euros, d&#8217;acord amb els criteris establits. Aix\u00ed, en cas d&#8217;incapacitat absoluta i permanent, ser\u00e0 benefici\u00e0ria la persona declarada en aquesta situaci\u00f3. D&#8217;altra banda, en els sup\u00f2sits de defunci\u00f3, podran ser benefici\u00e0ries, a t\u00edtol de v\u00edctimes indirectes, familiars i persones amb relaci\u00f3 d&#8217;afectivitat. En aquest \u00faltim cas, es podran presentar tantes sol\u00b7licituds com beneficiaris en condici\u00f3 de v\u00edctimes indirectes existisquen.<\/p>\n\n\n\n<p>Aquestes ajudes de concessi\u00f3 directa s\u00f3n compatibles amb altres subvencions i indemnitzacions procedents d&#8217;administracions p\u00fabliques o entitats privades, com a exemple, assegurances. A m\u00e9s, no tributen en la declaraci\u00f3 de la renda.<\/p>\n\n\n\n<p><strong>Beneficiaris de les ajudes en cas v\u00edctimes mortals<\/strong><\/p>\n\n\n\n<p>En els sup\u00f2sits de defunci\u00f3, podran ser benefici\u00e0ries, a t\u00edtol de v\u00edctimes indirectes, el c\u00f2njuge no separat legalment o la persona que mantinguera an\u00e0loga relaci\u00f3 d&#8217;afectivitat; els fills de la persona morta, aix\u00ed com els fills que, no sent-ho del mort, ho foren de la persona contemplada com a c\u00f2njuge o parella; i, en defecte d&#8217;aix\u00f2, els pares. Si no existiren aquests, podran accedir a l&#8217;ajuda els ascendents de segon grau i, en \u00faltim terme, els germans.<\/p>\n\n\n\n<p>Quan conc\u00f3rreguen diversos beneficiaris en condici\u00f3 de v\u00edctimes indirectes, la distribuci\u00f3 de l&#8217;ajuda es realitzar\u00e0 conforme al que es preveu en el decret. Aix\u00ed, en els casos de c\u00f2njuge o parella i fills, la quantia es dividir\u00e0 en dues meitats: una per al c\u00f2njuge o persona amb an\u00e0loga relaci\u00f3 d&#8217;afectivitat i una altra per als fills o filles, que es repartir\u00e0 per parts iguals. En els sup\u00f2sits en qu\u00e8 resulten beneficiaris els pares, ascendents de segon grau o germans, l&#8217;import es distribuir\u00e0 entre ells a parts iguals entre cadascun dels membres d&#8217;aquests grups.<\/p>\n\n\n\n<p><strong>Procediment<\/strong><\/p>\n\n\n\n<p>Pel que fa al procediment, les sol\u00b7licituds podran formular-se en nom propi o mitjan\u00e7ant representant i es presentar\u00e0 una sol\u00b7licitud per cada persona que tinga la condici\u00f3 de benefici\u00e0ria, sense perjudici que, quan una mateixa persona reunisca diverses causes, puga acumular-les en una \u00fanica sol\u00b7licitud.<\/p>\n\n\n\n<p>El decret regula tamb\u00e9 la documentaci\u00f3 que ha d&#8217;acompanyar a les sol\u00b7licituds, els mecanismes de comprovaci\u00f3 i verificaci\u00f3 de dades, la instrucci\u00f3 i resoluci\u00f3 del procediment, els terminis de notificaci\u00f3 i el pagament de les ajudes, que es realitzar\u00e0 en un \u00fanic abonament despr\u00e9s de la resoluci\u00f3 de concessi\u00f3.<\/p>\n\n\n\n<p>Aquestes subvencions es concedeixen de manera directa per conc\u00f3rrer raons d&#8217;inter\u00e9s econ\u00f2mic, social i humanitari derivades del car\u00e0cter excepcional i \u00fanic dels esdeveniments que motiven el procediment, la qual cosa determina la improced\u00e8ncia d&#8217;una convocat\u00f2ria p\u00fablica.<\/p>\n\n\n\n<p><strong>Pla Endavant<\/strong><\/p>\n\n\n\n<p>Aquest decret naix en el marc de la nova fase del Pla Endavant de la Generalitat iniciada en 2026, que prioritza a les persones i l&#8217;atenci\u00f3 social directa al costat d&#8217;actuacions en habitatge, ocupaci\u00f3, ind\u00fastria, medi ambient i infraestructures estrat\u00e8giques, i que considera necessari articular una resposta espec\u00edfica per a les fam\u00edlies de les persones mortes i greument afectades, que es troben en situacions d&#8217;especial vulnerabilitat econ\u00f2mica i social derivades de la p\u00e8rdua sobtada d&#8217;ingressos i de l&#8217;aparici\u00f3 de despeses extraordin\u00e0ries.<\/p>\n","protected":false},"excerpt":{"rendered":"<div class=\"mh-excerpt\">Les ajudes per a casos de defunci\u00f3 i incapacitat absoluta i permanent poden sol\u00b7licitar-se de manera presencial o electr\u00f2nica. El decret fixa per a cada v\u00edctima un import de 80.000 euros a dividir entre familiars <a class=\"mh-excerpt-more\" href=\"https:\/\/www.tucomarca.com\/wordpress\/segunda\/ca\/la-generalitat-rep-330-peticions-dajuda-dafectats-i-familiars-de-morts-en-la-dana-el-termini-de-sollicitud-de-la-qual-continua-obert-fins-al-25-de-maig\/\" title=\"La Generalitat rep 330 peticions d&#8217;ajuda d&#8217;afectats i familiars de morts en la dana el termini de sol\u00b7licitud de la qual continua obert fins al 25 de maig\">[+] <\/a><\/div>\n","protected":false},"author":12,"featured_media":267755,"comment_status":"closed","ping_status":"open","sticky":false,"template":"","format":"standard","meta":{"footnotes":""},"categories":[21466,10898,10948,10894,10904,10903,10947,10896,10897],"tags":[15409,11498,23039],"class_list":{"0":"post-298805","1":"post","2":"type-post","3":"status-publish","4":"format-standard","5":"has-post-thumbnail","7":"category-dana-ca","8":"category-ventana-ca","9":"category-infraestructuras-ca","10":"category-la-comarca-ca","11":"category-sin-categorizar-ca","12":"category-medio-ambiente-la-comarca-ca","13":"category-politica","14":"category-seccion-ca","15":"category-sucesos-la-comarca-ca","16":"tag-dana-2-ca","17":"tag-generalitat-valenciana-ca","18":"tag-plan-endavant-ca"},"_links":{"self":[{"href":"https:\/\/www.tucomarca.com\/wordpress\/segunda\/ca\/wp-json\/wp\/v2\/posts\/298805","targetHints":{"allow":["GET"]}}],"collection":[{"href":"https:\/\/www.tucomarca.com\/wordpress\/segunda\/ca\/wp-json\/wp\/v2\/posts"}],"about":[{"href":"https:\/\/www.tucomarca.com\/wordpress\/segunda\/ca\/wp-json\/wp\/v2\/types\/post"}],"author":[{"embeddable":true,"href":"https:\/\/www.tucomarca.com\/wordpress\/segunda\/ca\/wp-json\/wp\/v2\/users\/12"}],"replies":[{"embeddable":true,"href":"https:\/\/www.tucomarca.com\/wordpress\/segunda\/ca\/wp-json\/wp\/v2\/comments?post=298805"}],"version-history":[{"count":0,"href":"https:\/\/www.tucomarca.com\/wordpress\/segunda\/ca\/wp-json\/wp\/v2\/posts\/298805\/revisions"}],"wp:featuredmedia":[{"embeddable":true,"href":"https:\/\/www.tucomarca.com\/wordpress\/segunda\/ca\/wp-json\/wp\/v2\/media\/267755"}],"wp:attachment":[{"href":"https:\/\/www.tucomarca.com\/wordpress\/segunda\/ca\/wp-json\/wp\/v2\/media?parent=298805"}],"wp:term":[{"taxonomy":"category","embeddable":true,"href":"https:\/\/www.tucomarca.com\/wordpress\/segunda\/ca\/wp-json\/wp\/v2\/categories?post=298805"},{"taxonomy":"post_tag","embeddable":true,"href":"https:\/\/www.tucomarca.com\/wordpress\/segunda\/ca\/wp-json\/wp\/v2\/tags?post=298805"}],"curies":[{"name":"wp","href":"https:\/\/api.w.org\/{rel}","templated":true}]}}