{"id":298820,"date":"2026-04-15T12:45:00","date_gmt":"2026-04-15T10:45:00","guid":{"rendered":"https:\/\/www.tucomarca.com\/wordpress\/segunda\/?p=298820"},"modified":"2026-04-15T21:38:16","modified_gmt":"2026-04-15T19:38:16","slug":"la-diputacio-redueix-la-duracio-del-tall-de-la-carretera-cv-425-entre-bunyol-i-alboraig-despres-dacordar-noves-mesures-amb-els-municipis-afectats","status":"publish","type":"post","link":"https:\/\/www.tucomarca.com\/wordpress\/segunda\/ca\/la-diputacio-redueix-la-duracio-del-tall-de-la-carretera-cv-425-entre-bunyol-i-alboraig-despres-dacordar-noves-mesures-amb-els-municipis-afectats\/","title":{"rendered":"La Diputaci\u00f3 redueix la duraci\u00f3 del tall de la carretera CV-425 entre Bunyol i Alboraig despr\u00e9s d&#8217;acordar noves mesures amb els municipis afectats"},"content":{"rendered":"\n<h3 class=\"wp-block-heading\">La instituci\u00f3 provincial acorda amb Pavasal, empresa que est\u00e0 executant l&#8217;obra, incrementar els torns de treball, incloent-hi dissabtes, per a rebaixar al m\u00e0xim el temps estimat de tall.<\/h3>\n\n\n\n<h3 class=\"wp-block-heading\">L&#8217;\u00e0rea provincial de Carreteres millorar\u00e0 els itineraris alternatius i retardar\u00e0 la interrupci\u00f3 al 21 de juny per a evitar l&#8217;afectaci\u00f3 al transport escolar.<\/h3>\n\n\n\n<p>La Diputaci\u00f3 de Val\u00e8ncia ha acordat amb els ajuntaments de de la comarca de la Hoya de Bu\u00f1ol una bateria de mesures per a minimitzar l&#8217;impacte de les obres de millora que s&#8217;estan executant en la carretera que unix els municipis de Bu\u00f1ol i Alborache.<\/p>\n\n\n\n<p>Les decisions s&#8217;han adoptat en una reuni\u00f3 celebrada este dimarts entre responsables t\u00e8cnics de l&#8217;\u00e0rea provincial de Carreteres, representants de la direcci\u00f3 d&#8217;obra, i alcaldes i alcaldesses de la zona, amb l&#8217;objectiu de coordinar solucions per a minimitzar l&#8217;impacte sobre el tr\u00e0nsit en una de les fases m\u00e9s complexes dels treballs, en els quals la Diputaci\u00f3 ha invertit m\u00e9s de 6 milions d&#8217;euros.<\/p>\n\n\n\n<figure class=\"wp-block-gallery has-nested-images columns-default is-cropped wp-block-gallery-1 is-layout-flex wp-block-gallery-is-layout-flex\">\n<figure class=\"wp-block-image size-large\"><img loading=\"lazy\" decoding=\"async\" width=\"945\" height=\"638\" data-id=\"298817\" src=\"https:\/\/www.tucomarca.com\/wordpress\/segunda\/wp-content\/uploads\/2026\/04\/CV425Obras2_abril26.jpg\" alt=\"\" class=\"wp-image-298817\" srcset=\"https:\/\/www.tucomarca.com\/wordpress\/segunda\/wp-content\/uploads\/2026\/04\/CV425Obras2_abril26.jpg 945w, https:\/\/www.tucomarca.com\/wordpress\/segunda\/wp-content\/uploads\/2026\/04\/CV425Obras2_abril26-300x203.jpg 300w, https:\/\/www.tucomarca.com\/wordpress\/segunda\/wp-content\/uploads\/2026\/04\/CV425Obras2_abril26-768x519.jpg 768w\" sizes=\"auto, (max-width: 945px) 100vw, 945px\" \/><\/figure>\n\n\n\n<figure class=\"wp-block-image size-large\"><img loading=\"lazy\" decoding=\"async\" width=\"1024\" height=\"582\" data-id=\"298812\" src=\"https:\/\/www.tucomarca.com\/wordpress\/segunda\/wp-content\/uploads\/2026\/04\/Reun_Bunol_Alborache-1024x582.jpg\" alt=\"\" class=\"wp-image-298812\" srcset=\"https:\/\/www.tucomarca.com\/wordpress\/segunda\/wp-content\/uploads\/2026\/04\/Reun_Bunol_Alborache-1024x582.jpg 1024w, https:\/\/www.tucomarca.com\/wordpress\/segunda\/wp-content\/uploads\/2026\/04\/Reun_Bunol_Alborache-300x171.jpg 300w, https:\/\/www.tucomarca.com\/wordpress\/segunda\/wp-content\/uploads\/2026\/04\/Reun_Bunol_Alborache-768x437.jpg 768w, https:\/\/www.tucomarca.com\/wordpress\/segunda\/wp-content\/uploads\/2026\/04\/Reun_Bunol_Alborache-1536x874.jpg 1536w, https:\/\/www.tucomarca.com\/wordpress\/segunda\/wp-content\/uploads\/2026\/04\/Reun_Bunol_Alborache-2048x1165.jpg 2048w\" sizes=\"auto, (max-width: 1024px) 100vw, 1024px\" \/><\/figure>\n<\/figure>\n\n\n\n<p><\/p>\n\n\n\n<p>Entre les principals mesures acordades figura l&#8217;ajornament de l&#8217;inici del tall previst de la via fins al pr\u00f2xim 21 de juny, amb la finalitat d&#8217;evitar afeccions al transport escolar. Aix\u00ed mateix, l&#8217;empresa adjudicat\u00e0ria -Pavasal- refor\u00e7ar\u00e0 el ritme d&#8217;execuci\u00f3 mitjan\u00e7ant la incorporaci\u00f3 d&#8217;un torn addicional de treball i l&#8217;activitat durant els dissabtes, la qual cosa permetr\u00e0 reduir la duraci\u00f3 estimada de la interrupci\u00f3 total del tr\u00e0nsit inicialment prevista en un mes.<\/p>\n\n\n\n<p>La diputada de Carreteres, Reme Mazzolari, ha destacat que \u201cdes del primer moment hem volgut escoltar a tots els alcaldes i atendre les seues preocupacions, perqu\u00e8 compartim la necessitat d&#8217;executar una obra imprescindible, per\u00f2 tamb\u00e9 de fer-ho causant les menors mol\u00e8sties possibles a ve\u00efns, comer\u00e7os i usuaris\u201d.<\/p>\n\n\n\n<p>Mazzolari ha subratllat que \u201cla Diputaci\u00f3, la direcci\u00f3 facultativa i l&#8217;empresa contractista farem un esfor\u00e7 extraordinari per a acurtar terminis al m\u00e0xim, millorar la coordinaci\u00f3 i refor\u00e7ar la seguretat durant el per\u00edode d&#8217;afecci\u00f3\u201d.<\/p>\n\n\n\n<p><strong>Refor\u00e7 d&#8217;itineraris alternatius i coordinaci\u00f3 de servicis essencials<\/strong><\/p>\n\n\n\n<p>A m\u00e9s de la reducci\u00f3 de terminis, la Diputaci\u00f3 actuar\u00e0 en les carreteres que absorbiran el tr\u00e0nsit desviat durant les setmanes de tall, on s&#8217;executaran millores de seguretat i adequaci\u00f3 per a facilitar la mobilitat en les millors condicions possibles.<\/p>\n\n\n\n<p>De manera paral\u00b7lela, tamb\u00e9 s&#8217;estudiar\u00e0 la implantaci\u00f3 de restriccions puntuals al tr\u00e0nsit pesat i a la circulaci\u00f3 ciclista en determinats moments, atenent criteris t\u00e8cnics i de seguretat. Igualment, es mantindran contactes amb els organismes competents per a minimitzar la incid\u00e8ncia sobre el tr\u00e0nsit vinculat a la recollida i transport de residus.<\/p>\n\n\n\n<p>En mat\u00e8ria assistencial, la corporaci\u00f3 provincial traslladar\u00e0 a la Conselleria de Sanitat la sol\u00b7licitud per a habilitar un recurs sanitari amb cobertura de 24 hores en un punt estrat\u00e8gic de la zona mentres duren les obres, amb la finalitat de garantir una resposta r\u00e0pida davant qualsevol emerg\u00e8ncia.<\/p>\n\n\n\n<p><strong>Una intervenci\u00f3 clau per a la seguretat i la mobilitat<\/strong><\/p>\n\n\n\n<p>L&#8217;actuaci\u00f3 sobre la carretera CV-425 entre Bu\u00f1ol i Alborache compta amb una inversi\u00f3 superior als sis milions d&#8217;euros i permetr\u00e0 modernitzar una via essencial per a la connexi\u00f3 interna de la comarca.&nbsp;<\/p>\n\n\n\n<p>El projecte contempla l&#8217;ampliaci\u00f3 de la plataforma, la millora integral del ferm i l&#8217;adaptaci\u00f3 del tra\u00e7at per a incrementar la seguretat vi\u00e0ria i millorar la circulaci\u00f3.&nbsp;<\/p>\n\n\n\n<p>Aix\u00ed mateix, incorpora criteris ambientals pioners, amb mesures de restauraci\u00f3 de l&#8217;entorn i compensaci\u00f3 d&#8217;emissions associades a l&#8217;obra, sent la primera actuaci\u00f3 sobre la xarxa provincial de Carreteres en la qual la Diputaci\u00f3 va incloure criteris d&#8217;adjudicaci\u00f3 basats en la sostenibilitat dels materials de construcci\u00f3 per a reduir la petjada de carboni.<\/p>\n\n\n\n<p>La responsable provincial de Carreteres ha remarcat que \u201csabem que tota obra rellevant genera incomoditats temporals, per\u00f2 tamb\u00e9 sabem que esta intervenci\u00f3 millorar\u00e0 de manera decisiva la seguretat, la connectivitat i la qualitat d&#8217;una via fonamental per a la comarca\u201d.<\/p>\n\n\n\n<p>\u201cPer aix\u00f2 continuarem treballant amb di\u00e0leg, coordinaci\u00f3 institucional i m\u00e0xima responsabilitat perqu\u00e8 l&#8217;actuaci\u00f3 avance amb totes les garanties i finalitze com m\u00e9s prompte millor\u201d, ha concl\u00f2s Mazzolari.<\/p>\n","protected":false},"excerpt":{"rendered":"<div class=\"mh-excerpt\">La instituci\u00f3 provincial acorda amb Pavasal, empresa que est\u00e0 executant l&#8217;obra, incrementar els torns de treball, incloent-hi dissabtes, per a rebaixar al m\u00e0xim el temps estimat de tall. L&#8217;\u00e0rea provincial de Carreteres millorar\u00e0 els itineraris <a class=\"mh-excerpt-more\" href=\"https:\/\/www.tucomarca.com\/wordpress\/segunda\/ca\/la-diputacio-redueix-la-duracio-del-tall-de-la-carretera-cv-425-entre-bunyol-i-alboraig-despres-dacordar-noves-mesures-amb-els-municipis-afectats\/\" title=\"La Diputaci\u00f3 redueix la duraci\u00f3 del tall de la carretera CV-425 entre Bunyol i Alboraig despr\u00e9s d&#8217;acordar noves mesures amb els municipis afectats\">[+] <\/a><\/div>\n","protected":false},"author":12,"featured_media":298816,"comment_status":"closed","ping_status":"open","sticky":false,"template":"","format":"gallery","meta":{"footnotes":""},"categories":[10973,10911,10976,10898,10980,10948,10894,10912,10978,10903,10947,10896],"tags":[24129,13667,11246],"class_list":{"0":"post-298820","1":"post","2":"type-post","3":"status-publish","4":"format-gallery","5":"has-post-thumbnail","7":"category-alborache-ca","8":"category-bunol-ca","9":"category-dos-aguas-ca","10":"category-ventana-ca","11":"category-yatova-ca","12":"category-infraestructuras-ca","13":"category-la-comarca-ca","14":"category-la-hoya-ca","15":"category-macastre-ca","16":"category-medio-ambiente-la-comarca-ca","17":"category-politica","18":"category-seccion-ca","19":"tag-corte-de-carretera","20":"tag-cv-425-ca","21":"tag-diputacio-de-valencia-ca","22":"post_format-post-format-gallery"},"_links":{"self":[{"href":"https:\/\/www.tucomarca.com\/wordpress\/segunda\/ca\/wp-json\/wp\/v2\/posts\/298820","targetHints":{"allow":["GET"]}}],"collection":[{"href":"https:\/\/www.tucomarca.com\/wordpress\/segunda\/ca\/wp-json\/wp\/v2\/posts"}],"about":[{"href":"https:\/\/www.tucomarca.com\/wordpress\/segunda\/ca\/wp-json\/wp\/v2\/types\/post"}],"author":[{"embeddable":true,"href":"https:\/\/www.tucomarca.com\/wordpress\/segunda\/ca\/wp-json\/wp\/v2\/users\/12"}],"replies":[{"embeddable":true,"href":"https:\/\/www.tucomarca.com\/wordpress\/segunda\/ca\/wp-json\/wp\/v2\/comments?post=298820"}],"version-history":[{"count":0,"href":"https:\/\/www.tucomarca.com\/wordpress\/segunda\/ca\/wp-json\/wp\/v2\/posts\/298820\/revisions"}],"wp:featuredmedia":[{"embeddable":true,"href":"https:\/\/www.tucomarca.com\/wordpress\/segunda\/ca\/wp-json\/wp\/v2\/media\/298816"}],"wp:attachment":[{"href":"https:\/\/www.tucomarca.com\/wordpress\/segunda\/ca\/wp-json\/wp\/v2\/media?parent=298820"}],"wp:term":[{"taxonomy":"category","embeddable":true,"href":"https:\/\/www.tucomarca.com\/wordpress\/segunda\/ca\/wp-json\/wp\/v2\/categories?post=298820"},{"taxonomy":"post_tag","embeddable":true,"href":"https:\/\/www.tucomarca.com\/wordpress\/segunda\/ca\/wp-json\/wp\/v2\/tags?post=298820"}],"curies":[{"name":"wp","href":"https:\/\/api.w.org\/{rel}","templated":true}]}}