{"id":298826,"date":"2026-04-15T13:00:00","date_gmt":"2026-04-15T11:00:00","guid":{"rendered":"https:\/\/www.tucomarca.com\/wordpress\/segunda\/?p=298826"},"modified":"2026-04-15T21:29:15","modified_gmt":"2026-04-15T19:29:15","slug":"la-diputacio-i-la-generalitat-firmen-un-acord-historic-per-a-invertir-51-milions-deuros-en-modernitzar-77-depuradores","status":"publish","type":"post","link":"https:\/\/www.tucomarca.com\/wordpress\/segunda\/ca\/la-diputacio-i-la-generalitat-firmen-un-acord-historic-per-a-invertir-51-milions-deuros-en-modernitzar-77-depuradores\/","title":{"rendered":"La Diputaci\u00f3 i la Generalitat firmen un acord hist\u00f2ric per a invertir 51 milions d&#8217;euros en modernitzar 77 depuradores"},"content":{"rendered":"\n<h3 class=\"wp-block-heading\">L&#8217;alian\u00e7a per a millorar el cicle integral de l&#8217;aigua inclou la construcci\u00f3 de 15 noves estacions en Simat, Montserrat, Montroi, Alzira, Godelleta, Genov\u00e9s, Gavarda, Andilla, Almiser\u00e0, Sot de Chera, la Pobla de San Miguel, Alpuente, Albaida, Calles i Requena, i la millora d&#8217;altres 62 depuradores.<\/h3>\n\n\n\n<h3 class=\"wp-block-heading\">El president, Vicent Momp\u00f3, destaca \u201cuna manera de treballar basada en la cooperaci\u00f3, que en este cas no suposa nom\u00e9s una inversi\u00f3 milion\u00e0ria sin\u00f3 un estalvi per a xicotets municipis que paguen un c\u00e0non de residus\u201d.<\/h3>\n\n\n\n<h3 class=\"wp-block-heading\">La vicepresidenta Nat\u00e0lia Enguix destaca la \u201cresposta immediata de la Diputaci\u00f3 per a reparar les depuradores arrasades per la dana\u201d i creu que Egevasa \u201cest\u00e0 llesta per a escometre la modernitzaci\u00f3 h\u00eddrica de la prov\u00edncia\u201d.<\/h3>\n\n\n\n<p>La Diputaci\u00f3 de Val\u00e8ncia i la Generalitat reforcen la seua alian\u00e7a per a millorar el cicle integral de l&#8217;aigua, amb un acord de cooperaci\u00f3 que destina 51 milions d&#8217;euros a la modernitzaci\u00f3 de les infraestructures h\u00eddriques de la prov\u00edncia. La Diputaci\u00f3 i l&#8217;EPSAR, l&#8217;entitat p\u00fablica de sanejament d&#8217;aig\u00fces del Consell, firmen un protocol d&#8217;actuaci\u00f3 en 77 estacions depuradores, garantint la millora del sanejament en tots els municipis valencians i alleujant la c\u00e0rrega inversora dels ajuntaments en mat\u00e8ria d&#8217;aig\u00fces.<\/p>\n\n\n\n<p>En paraules del president de la Diputaci\u00f3, Vicent Momp\u00f3, \u201cel que hui presentem \u00e9s un acord hist\u00f2ric, per\u00f2 tamb\u00e9 una manera de treballar basada en la col\u00b7laboraci\u00f3 institucional, en el nostre cas defensant els interessos dels pobles valencians quan les seues necessitats sobrepassen la capacitat municipal\u201d. L&#8217;entesa entre la Diputaci\u00f3 i l&#8217;EPSAR es tradu\u00efx en una inversi\u00f3 que supera els 50 milions d&#8217;euros per a la reconstrucci\u00f3 de 62 estacions depuradores i la construcci\u00f3 d&#8217;altres 15 noves, per\u00f2 tamb\u00e9 \u201cen l&#8217;estalvi que suposaran estes actuacions per a xicotets municipis que han de pagar un c\u00e0non de residus\u201d, explica Momp\u00f3.<\/p>\n\n\n\n<p>Acompanyat per la vicepresidenta primera, Nat\u00e0lia Enguix, i el conseller de Medi Ambient i Infraestructures, Vicente Mart\u00ednez Mus, el m\u00e0xim responsable provincial ha destacat la \u201cresposta immediata\u201d de la Diputaci\u00f3 per a reconstruir els danys causats per la dana en el cicle de l&#8217;aigua, aix\u00ed com \u201cel proc\u00e9s de quantificaci\u00f3 de les millores necess\u00e0ries en desenes de municipis de totes les comarques en mat\u00e8ria de sanejament i depuraci\u00f3\u201d. \u201cUna vegada hem reparat el passat, vam xafar el terreny per a construir el futur\u201d, ha afegit Momp\u00f3.<\/p>\n\n\n\n<p>Nat\u00e0lia Enguix, presidenta d&#8217;Egevasa, s&#8217;ha detingut en els treballs de reconstrucci\u00f3 que va dur a terme la Diputaci\u00f3 a trav\u00e9s de la seua empresa dedicada al cicle integral de l&#8217;aigua. \u201cDespr\u00e9s de la dana, ens varem reunir r\u00e0pidament amb l&#8217;EPSAR per a iniciar en temps r\u00e8cord la reparaci\u00f3 de les 72 depuradores arrasades per la riuada, que ja estan totes acabades\u201d. Al respecte, Enguix ha insistit en la import\u00e0ncia \u201cde comptar amb el suport administratiu d&#8217;un conveni que permeta fer legalment possible el que t\u00e8cnicament \u00e9s possible\u201d, en refer\u00e8ncia a l&#8217;acord de cooperaci\u00f3 que ara actualitzen les dos institucions en una \u201calian\u00e7a clau per l&#8217;aigua\u201d.<\/p>\n\n\n\n<p>En opini\u00f3 de la vicepresidenta Enguix, \u201cla transformaci\u00f3 integral del parc de depuradores de la prov\u00edncia \u00e9s una infraestructura essencial i un servici p\u00fablic que hem de garantir, adaptant els treballs a la normativa actual i futura per a respectar la qualitat ambiental\u201d. En este sentit, la responsable d&#8217;Egevasa ha assegurat que l&#8217;empresa p\u00fablica de la Diputaci\u00f3 dedicada al cicle integral de l&#8217;aigua \u201cest\u00e0 en disposici\u00f3 d&#8217;escometre de manera immediata les actuacions en les 77 depuradores incloses en el mapa estrat\u00e8gic acordat amb l&#8217;EPSAR\u201d.<\/p>\n\n\n\n<figure class=\"wp-block-image size-large\"><img loading=\"lazy\" decoding=\"async\" width=\"1024\" height=\"691\" src=\"https:\/\/www.tucomarca.com\/wordpress\/segunda\/wp-content\/uploads\/2026\/04\/Dipu-GVA_Depuradoras2-1024x691.jpg\" alt=\"\" class=\"wp-image-298827\" srcset=\"https:\/\/www.tucomarca.com\/wordpress\/segunda\/wp-content\/uploads\/2026\/04\/Dipu-GVA_Depuradoras2-1024x691.jpg 1024w, https:\/\/www.tucomarca.com\/wordpress\/segunda\/wp-content\/uploads\/2026\/04\/Dipu-GVA_Depuradoras2-300x202.jpg 300w, https:\/\/www.tucomarca.com\/wordpress\/segunda\/wp-content\/uploads\/2026\/04\/Dipu-GVA_Depuradoras2-768x518.jpg 768w, https:\/\/www.tucomarca.com\/wordpress\/segunda\/wp-content\/uploads\/2026\/04\/Dipu-GVA_Depuradoras2.jpg 1181w\" sizes=\"auto, (max-width: 1024px) 100vw, 1024px\" \/><\/figure>\n\n\n\n<p><\/p>\n\n\n\n<p><strong>Noves actuacions i inversi\u00f3<\/strong><\/p>\n\n\n\n<p>Entre les noves actuacions incloses en l&#8217;acord, trobem huit depuradores que formen part del pla d&#8217;obres de l&#8217;EPSAR: Andilla, Almiser\u00e0-Llocnou de Sant Jeroni, Requena, la Pobla de San Miguel, Alpuente, Albaida, Gavarda i Sot de Chera. I altres set seran de nova construcci\u00f3 determinades per la pr\u00f2pia Diputaci\u00f3: Simat de la Valldigna, Montserrat, Montroi, Alzira, Godelleta-Loma de los Caballeros, Genov\u00e9s i Calles. En total, 15 noves estacions amb un cost previst de 36 milions d&#8217;euros.<\/p>\n\n\n\n<p>L&#8217;acord de cooperaci\u00f3 per a modernitzar les infraestructures h\u00eddriques de la prov\u00edncia va ser aprovat en el ple de mar\u00e7 de la Diputaci\u00f3, i rebr\u00e0 la llum verda del Consell en el ple d&#8217;este divendres. El nou document de col\u00b7laboraci\u00f3 actualitza aspectes t\u00e8cnics i els imports anuals, com els 700.000 euros assignats per la corporaci\u00f3 provincial per a enguany. Al respecte, el conseller de Medi Ambient, Vicente Mart\u00ednez Mus, ha considerat que esta inversi\u00f3 global de m\u00e9s de 50 milions d&#8217;euros \u201cvertebra el territori i no deixa a cap municipi arrere, amb especial atenci\u00f3 als m\u00e9s xicotets\u201d.<\/p>\n\n\n\n<p>Per al responsable auton\u00f2mic, \u201cl&#8217;acord suposa passar de la planificaci\u00f3 a les actuacions concretes, amb impacte real en el dia a dia de la ciutadania\u201d, i ha subratllat que \u201cno \u00e9s nom\u00e9s un marc de finan\u00e7ament, sin\u00f3 un pla que permetr\u00e0 millorar de manera directa les infraestructures hidr\u00e0uliques dels nostres municipis\u201d.<\/p>\n\n\n\n<p>Quant a les 62 estacions de depuraci\u00f3 que seran reconstru\u00efdes en municipis de 13 comarques, els treballs consistiran en la instal\u00b7laci\u00f3 de maquin\u00e0ria electromec\u00e0nica per a millorar els processos de depuraci\u00f3, desinfecci\u00f3 i gesti\u00f3 de llots, estalviant aix\u00ed energia; i la substituci\u00f3 de quadres el\u00e8ctrics, bombes d&#8217;elevaci\u00f3, turbines, laberints de desinfecci\u00f3 i tecnologia antiemb\u00f3s. Totes les actuacions, estimades en uns 15 milions d&#8217;euros, poden ser realitzades per l&#8217;empresa d&#8217;aig\u00fces de la Diputaci\u00f3.<\/p>\n\n\n\n<p><strong>Atendre les demandes dels pobles<\/strong><\/p>\n\n\n\n<p>Per comarques, les actuacions de reconstrucci\u00f3 i construcci\u00f3 de noves depuradores tindran lloc en huit municipis de la Ribera Alta i tres de la Ribera Baixa; una desena de localitats de la Vall d&#8217;Albaida; huit pobles de la Safor; altres huit de la plana Utiel-Requena; set de la Serran\u00eda; sis de la Costera; cinc de l&#8217;Hoya de Bu\u00f1ol i del Valle de Ayora; tres del Rinc\u00f3n de Ademuz; i dos del Camp de T\u00faria i el Camp de Morvedre.<\/p>\n\n\n\n<p>Per a la presidenta d&#8217;Egevasa, \u201ceste acord llargament negociat amb la Generalitat permet atendre les demandes que ens fan arribar desenes de poblacions valencianes\u201d. Al mateix temps, \u201cla Diputaci\u00f3 complix amb la seua missi\u00f3 de donar resposta a tots els municipis, independentment de la seua grand\u00e0ria i poblaci\u00f3\u201d, afig Enguix. Per part seua, el president Momp\u00f3 posa en valor \u201cl&#8217;\u00e8xit de col\u00b7laboraci\u00f3 institucional que significa que dos administracions s&#8217;unisquen per a treballar en favor d&#8217;altres amb menys recursos\u201d.<\/p>\n","protected":false},"excerpt":{"rendered":"<div class=\"mh-excerpt\">L&#8217;alian\u00e7a per a millorar el cicle integral de l&#8217;aigua inclou la construcci\u00f3 de 15 noves estacions en Simat, Montserrat, Montroi, Alzira, Godelleta, Genov\u00e9s, Gavarda, Andilla, Almiser\u00e0, Sot de Chera, la Pobla de San Miguel, Alpuente, <a class=\"mh-excerpt-more\" href=\"https:\/\/www.tucomarca.com\/wordpress\/segunda\/ca\/la-diputacio-i-la-generalitat-firmen-un-acord-historic-per-a-invertir-51-milions-deuros-en-modernitzar-77-depuradores\/\" title=\"La Diputaci\u00f3 i la Generalitat firmen un acord hist\u00f2ric per a invertir 51 milions d&#8217;euros en modernitzar 77 depuradores\">[+] <\/a><\/div>\n","protected":false},"author":12,"featured_media":298825,"comment_status":"closed","ping_status":"open","sticky":false,"template":"","format":"standard","meta":{"footnotes":""},"categories":[21466,10898,10948,10894,10904,10902,10903,10947,10909,10896,10897],"tags":[21492,11246,12108,11527,11498],"class_list":{"0":"post-298826","1":"post","2":"type-post","3":"status-publish","4":"format-standard","5":"has-post-thumbnail","7":"category-dana-ca","8":"category-ventana-ca","9":"category-infraestructuras-ca","10":"category-la-comarca-ca","11":"category-sin-categorizar-ca","12":"category-la-ribera-ca","13":"category-medio-ambiente-la-comarca-ca","14":"category-politica","15":"category-requena-utiel-ca","16":"category-seccion-ca","17":"category-sucesos-la-comarca-ca","18":"tag-depuradoras-ca","19":"tag-diputacio-de-valencia-ca","20":"tag-egevasa-ca","21":"tag-epsar-ca","22":"tag-generalitat-valenciana-ca"},"_links":{"self":[{"href":"https:\/\/www.tucomarca.com\/wordpress\/segunda\/ca\/wp-json\/wp\/v2\/posts\/298826","targetHints":{"allow":["GET"]}}],"collection":[{"href":"https:\/\/www.tucomarca.com\/wordpress\/segunda\/ca\/wp-json\/wp\/v2\/posts"}],"about":[{"href":"https:\/\/www.tucomarca.com\/wordpress\/segunda\/ca\/wp-json\/wp\/v2\/types\/post"}],"author":[{"embeddable":true,"href":"https:\/\/www.tucomarca.com\/wordpress\/segunda\/ca\/wp-json\/wp\/v2\/users\/12"}],"replies":[{"embeddable":true,"href":"https:\/\/www.tucomarca.com\/wordpress\/segunda\/ca\/wp-json\/wp\/v2\/comments?post=298826"}],"version-history":[{"count":0,"href":"https:\/\/www.tucomarca.com\/wordpress\/segunda\/ca\/wp-json\/wp\/v2\/posts\/298826\/revisions"}],"wp:featuredmedia":[{"embeddable":true,"href":"https:\/\/www.tucomarca.com\/wordpress\/segunda\/ca\/wp-json\/wp\/v2\/media\/298825"}],"wp:attachment":[{"href":"https:\/\/www.tucomarca.com\/wordpress\/segunda\/ca\/wp-json\/wp\/v2\/media?parent=298826"}],"wp:term":[{"taxonomy":"category","embeddable":true,"href":"https:\/\/www.tucomarca.com\/wordpress\/segunda\/ca\/wp-json\/wp\/v2\/categories?post=298826"},{"taxonomy":"post_tag","embeddable":true,"href":"https:\/\/www.tucomarca.com\/wordpress\/segunda\/ca\/wp-json\/wp\/v2\/tags?post=298826"}],"curies":[{"name":"wp","href":"https:\/\/api.w.org\/{rel}","templated":true}]}}