{"id":298841,"date":"2026-04-14T11:55:00","date_gmt":"2026-04-14T09:55:00","guid":{"rendered":"https:\/\/www.tucomarca.com\/wordpress\/segunda\/?p=298841"},"modified":"2026-04-15T21:43:00","modified_gmt":"2026-04-15T19:43:00","slug":"la-diputacio-de-valencia-assigna-quasi-2-milions-deuros-als-ajuntaments-de-la-canal-de-navarres-la-costera-i-la-vall-dalbaida-per-a-gestio-forestal-i-prevencio-dincendis","status":"publish","type":"post","link":"https:\/\/www.tucomarca.com\/wordpress\/segunda\/ca\/la-diputacio-de-valencia-assigna-quasi-2-milions-deuros-als-ajuntaments-de-la-canal-de-navarres-la-costera-i-la-vall-dalbaida-per-a-gestio-forestal-i-prevencio-dincendis\/","title":{"rendered":"La Diputaci\u00f3 de Val\u00e8ncia assigna quasi 2 milions d&#8217;euros als ajuntaments de la Canal de Navarr\u00e9s. la Costera i la Vall d&#8217;Albaida per a gesti\u00f3 forestal i prevenci\u00f3 d&#8217;incendis\u00a0"},"content":{"rendered":"\n<h3 class=\"wp-block-heading\">El president Vicent Momp\u00f3 presenta davant alcaldes i alcaldesses de la prov\u00edncia les novetats del programa de subvencions de l&#8217;\u00e0rea de Medi Ambient per a fer-lo &#8220;m\u00e9s \u00fatil, m\u00e9s intel\u00b7ligent i profundament connectat amb la realitat dels nostres ajuntaments&#8221;.<\/h3>\n\n\n\n<h3 class=\"wp-block-heading\">La distribuci\u00f3 de les ajudes at\u00e9n criteris com la dimensi\u00f3n del municipi, l&#8217;extensi\u00f3 de massa forestal o l&#8217;exist\u00e8ncia de plans forestals.\u00a0<\/h3>\n\n\n\n<h3 class=\"wp-block-heading\">El diputat de Medi Ambient, Avelino Mascarell, destaca com a novetat d&#8217;esta convocat\u00f2ria &#8220;la reducci\u00f3 de la burocr\u00e0cia per a simplificar la gesti\u00f3 per part dels ajuntaments que permetr\u00e0 que les accions es duguen a terme de manera m\u00e9s \u00e0gil&#8221;.<\/h3>\n\n\n\n<p>El president de la Diputaci\u00f3 de Val\u00e8ncia, Vicent Momp\u00f3, ha presentat este mat\u00ed, al costat del diputat de Medi Ambient, Avelino Mascarell, les novetats de l&#8217;edici\u00f3 2026 del programa de subvencions en mat\u00e8ria de gesti\u00f3 forestal i prevenci\u00f3 d&#8217;incendis.<\/p>\n\n\n\n<p>Es tracta del programa anual Gestifoc que enguany, segons ha anunciat el mateix Momp\u00f3 &#8220;ha redissenyat completament la seua operativa per a simplificar al m\u00e0xim la burocr\u00e0cia&#8221;. &#8220;D&#8217;esta manera -ha explicat el mateix president- continuem consolidant una manera d&#8217;entendre l&#8217;acci\u00f3 p\u00fablica m\u00e9s \u00fatil, m\u00e9s intel\u00b7ligent i connectada amb la realitat dels nostres ajuntaments&#8221;.<\/p>\n\n\n\n<p>A la Vall d&#8217;Albaida, l&#8217;assignaci\u00f3 global de l&#8217;\u00e0rea de Medi Ambient de la instituci\u00f3 provincial ascendix a 848.709 euros, que es distribuiran entre els 34 municipis de la comarca, mentres que la Canal de Navarr\u00e9s suma 522.811 euros per als seus 8 ajuntaments i la Costera, 511.000 euros en total.<\/p>\n\n\n\n<p>L&#8217;assignaci\u00f3 de les quantitats que corresponen a cada ajuntament s&#8217;han dut a terme segons el barem t\u00e8cnic que arreplega, entre altres aspectes, els seg\u00fcents: dimensi\u00f3 del municipi (es prioritza els m\u00e9s xicotets), superf\u00edcie forestal (com m\u00e9s muntanya, m\u00e9s ajuda), planificaci\u00f3 (plans forestals o de prevenci\u00f3 d&#8217;incendis), i l&#8217;exist\u00e8ncia d&#8217;espais naturals protegits i\/o muntanyes d&#8217;utilitat p\u00fablica.<\/p>\n\n\n\n<p><strong>Caracter\u00edstiques generals del programa<\/strong><\/p>\n\n\n\n<p>Amb un muntant global de 8 milions d&#8217;euros, l&#8217;edici\u00f3 2026 de Gestifoc presenta com a novetat m\u00e9s rellevant, tal com explica el diputat Avelino Mascarell, &#8220;la reducci\u00f3 a la mitat de la burocr\u00e0cia que fins ara acompanyava a este pla&#8221; i destaca que &#8220;aix\u00f2 t\u00e9 un doble benefici: simplifica la gesti\u00f3 per part dels ajuntaments, i, cosa que \u00e9s m\u00e9s important, permet que les accions preventives es duguen a terme de manera m\u00e9s \u00e0gil&#8221;.<\/p>\n\n\n\n<p>Tamb\u00e9 emmarcat en este proc\u00e9s de simplificaci\u00f3 administrativa, l&#8217;\u00e0rea de Medi Ambient ha avan\u00e7at la convocat\u00f2ria d&#8217;estes subvencions al mes de mar\u00e7, tres mesos abans que en l&#8217;exercici anterior, la qual cosa permetr\u00e0 iniciar abans les actuacions i millorar el seu impacte preventiu.<\/p>\n\n\n\n<p>Quant a la modalitat de les ajudes, Gestifoc contempla dos l\u00ednies d&#8217;actuaci\u00f3. D&#8217;una banda, es destinen 2 milions d&#8217;euros als municipis propietaris de muntanyes per a desenvolupar treballs de gesti\u00f3 forestal, com a tractaments silv\u00edcoles i millora de masses vegetals. Per un altre, es mobilitzen 6 milions d&#8217;euros per a executar les infraestructures previstes en els plans locals de prevenci\u00f3 d&#8217;incendis, incloent-hi \u00e0rees tallafocs, millora de camins forestals i punts d&#8217;aigua per a l&#8217;extinci\u00f3.<\/p>\n\n\n\n<p><strong>MUNICIPIOS DE LA CANAL DE NAVARR\u00c9S<\/strong><\/p>\n\n\n\n<figure class=\"wp-block-table\"><table class=\"has-fixed-layout\"><tbody><tr><td><br><\/td><td><strong>PREVENCI\u00d3N INCENDIOS<\/strong><\/td><td><strong>GESTI\u00d3N FORESTAL<\/strong><\/td><td><strong>TOTAL<\/strong><\/td><\/tr><tr><td>Anna<\/td><td>9.769,96 \u20ac<\/td><td><br><\/td><td>9.769,96 \u20ac<\/td><\/tr><tr><td>Bicorp<\/td><td>60.881,84 \u20ac<\/td><td>23.751,60 \u20ac<\/td><td>84.633,44 \u20ac<\/td><\/tr><tr><td>Bolbaite<\/td><td>33.409,94 \u20ac<\/td><td>21.327,12 \u20ac<\/td><td>54.737,06 \u20ac<\/td><\/tr><tr><td>Chella<\/td><td>33.838,46 \u20ac<\/td><td>21.463,18 \u20ac<\/td><td>55.301,64 \u20ac<\/td><\/tr><tr><td>Enguera<\/td><td>92.070,71 \u20ac<\/td><td>32.418,10 \u20ac<\/td><td>124.488,81 \u20ac<\/td><\/tr><tr><td>Millares<\/td><td>50.473,88 \u20ac<\/td><td>22.672,70 \u20ac<\/td><td>73.146,58 \u20ac<\/td><\/tr><tr><td>Navarr\u00e9s<\/td><td>32.555,66 \u20ac<\/td><td>22.769,73 \u20ac<\/td><td>55.325,39 \u20ac<\/td><\/tr><tr><td>Quesa<\/td><td>43.418,90 \u20ac<\/td><td>21.989,99 \u20ac<\/td><td>65.408,89 \u20ac<\/td><\/tr><\/tbody><\/table><\/figure>\n\n\n\n<p><strong>TOTAL CANAL DE NAVARR\u00c9S: 522.811,77 \u20ac<\/strong><\/p>\n","protected":false},"excerpt":{"rendered":"<div class=\"mh-excerpt\">El president Vicent Momp\u00f3 presenta davant alcaldes i alcaldesses de la prov\u00edncia les novetats del programa de subvencions de l&#8217;\u00e0rea de Medi Ambient per a fer-lo &#8220;m\u00e9s \u00fatil, m\u00e9s intel\u00b7ligent i profundament connectat amb la <a class=\"mh-excerpt-more\" href=\"https:\/\/www.tucomarca.com\/wordpress\/segunda\/ca\/la-diputacio-de-valencia-assigna-quasi-2-milions-deuros-als-ajuntaments-de-la-canal-de-navarres-la-costera-i-la-vall-dalbaida-per-a-gestio-forestal-i-prevencio-dincendis\/\" title=\"La Diputaci\u00f3 de Val\u00e8ncia assigna quasi 2 milions d&#8217;euros als ajuntaments de la Canal de Navarr\u00e9s. la Costera i la Vall d&#8217;Albaida per a gesti\u00f3 forestal i prevenci\u00f3 d&#8217;incendis\u00a0\">[+] <\/a><\/div>\n","protected":false},"author":12,"featured_media":298837,"comment_status":"closed","ping_status":"open","sticky":false,"template":"","format":"standard","meta":{"footnotes":""},"categories":[10964,10965,10966,10968,10969,10898,10948,10963,10894,10903,10970,10971,10947,10972,10896,10897],"tags":[11246,24131,11094],"class_list":{"0":"post-298841","1":"post","2":"type-post","3":"status-publish","4":"format-standard","5":"has-post-thumbnail","7":"category-anna-ca","8":"category-bicorp-ca","9":"category-bolbaite-ca","10":"category-chella-ca","11":"category-enguera-ca","12":"category-ventana-ca","13":"category-infraestructuras-ca","14":"category-la-canal-de-navarres-ca","15":"category-la-comarca-ca","16":"category-medio-ambiente-la-comarca-ca","17":"category-millares-ca","18":"category-navarres-ca","19":"category-politica","20":"category-quesa-ca","21":"category-seccion-ca","22":"category-sucesos-la-comarca-ca","23":"tag-diputacio-de-valencia-ca","24":"tag-gestifoc","25":"tag-la-canal-de-navarres"},"_links":{"self":[{"href":"https:\/\/www.tucomarca.com\/wordpress\/segunda\/ca\/wp-json\/wp\/v2\/posts\/298841","targetHints":{"allow":["GET"]}}],"collection":[{"href":"https:\/\/www.tucomarca.com\/wordpress\/segunda\/ca\/wp-json\/wp\/v2\/posts"}],"about":[{"href":"https:\/\/www.tucomarca.com\/wordpress\/segunda\/ca\/wp-json\/wp\/v2\/types\/post"}],"author":[{"embeddable":true,"href":"https:\/\/www.tucomarca.com\/wordpress\/segunda\/ca\/wp-json\/wp\/v2\/users\/12"}],"replies":[{"embeddable":true,"href":"https:\/\/www.tucomarca.com\/wordpress\/segunda\/ca\/wp-json\/wp\/v2\/comments?post=298841"}],"version-history":[{"count":0,"href":"https:\/\/www.tucomarca.com\/wordpress\/segunda\/ca\/wp-json\/wp\/v2\/posts\/298841\/revisions"}],"wp:featuredmedia":[{"embeddable":true,"href":"https:\/\/www.tucomarca.com\/wordpress\/segunda\/ca\/wp-json\/wp\/v2\/media\/298837"}],"wp:attachment":[{"href":"https:\/\/www.tucomarca.com\/wordpress\/segunda\/ca\/wp-json\/wp\/v2\/media?parent=298841"}],"wp:term":[{"taxonomy":"category","embeddable":true,"href":"https:\/\/www.tucomarca.com\/wordpress\/segunda\/ca\/wp-json\/wp\/v2\/categories?post=298841"},{"taxonomy":"post_tag","embeddable":true,"href":"https:\/\/www.tucomarca.com\/wordpress\/segunda\/ca\/wp-json\/wp\/v2\/tags?post=298841"}],"curies":[{"name":"wp","href":"https:\/\/api.w.org\/{rel}","templated":true}]}}