{"id":298888,"date":"2026-04-16T11:00:00","date_gmt":"2026-04-16T09:00:00","guid":{"rendered":"https:\/\/www.tucomarca.com\/wordpress\/segunda\/?p=298888"},"modified":"2026-04-17T20:28:49","modified_gmt":"2026-04-17T18:28:49","slug":"els-guanyadors-de-lultima-edicio-de-liturbi-inicien-la-seua-gira-de-concerts-per-la-provincia-i-a-roma","status":"publish","type":"post","link":"https:\/\/www.tucomarca.com\/wordpress\/segunda\/ca\/els-guanyadors-de-lultima-edicio-de-liturbi-inicien-la-seua-gira-de-concerts-per-la-provincia-i-a-roma\/","title":{"rendered":"Els guanyadors de l&#8217;\u00faltima edici\u00f3 de l&#8217;Iturbi inicien la seua gira de concerts per la prov\u00edncia i a Roma"},"content":{"rendered":"\n<h3 class=\"wp-block-heading\">Els tres finalistes del concurs internacional de piano de la Diputaci\u00f3 de Val\u00e8ncia, Nabeel Hayek, Uladzislau Khandohi i Ruggiero Fiorella, oferiran recitals a Ll\u00edria, X\u00e0tiva, Chelva, Sollana, Ayora, Guadassuar i Val\u00e8ncia.<\/h3>\n\n\n\n<h3 class=\"wp-block-heading\">El diputat de Cultura, Paco Teruel, assenyala que el cicle de recitals del Concurs Internacional de Piano de Val\u00e8ncia &#8220;sonar\u00e0 tamb\u00e9 en un marc \u00fanic, la Reial Acad\u00e8mia d&#8217;Espanya a Roma&#8221;.<\/h3>\n\n\n\n<p>Els tres finalistes del Premi Iturbi 2025 de la Diputaci\u00f3 de Val\u00e8ncia, Nabeel Hayek, Uladzislau Khandohi i Ruggiero Fiorella, protagonitzaran diversos recitals en diferents escenaris de la prov\u00edncia, concretament en el Centre Cultural La Benefic\u00e8ncia de Val\u00e8ncia i en els municipis de Ll\u00edria, X\u00e0tiva, Chelva, Sollana, Ayora i Guadassuar.&nbsp;<\/p>\n\n\n\n<figure class=\"wp-block-gallery has-nested-images columns-default is-cropped wp-block-gallery-1 is-layout-flex wp-block-gallery-is-layout-flex\">\n<figure class=\"wp-block-image size-full\"><img loading=\"lazy\" decoding=\"async\" width=\"945\" height=\"613\" data-id=\"298880\" src=\"https:\/\/www.tucomarca.com\/wordpress\/segunda\/wp-content\/uploads\/2026\/04\/Dipu_Iturbi_RuggieroFiorella.jpg\" alt=\"\" class=\"wp-image-298880\" srcset=\"https:\/\/www.tucomarca.com\/wordpress\/segunda\/wp-content\/uploads\/2026\/04\/Dipu_Iturbi_RuggieroFiorella.jpg 945w, https:\/\/www.tucomarca.com\/wordpress\/segunda\/wp-content\/uploads\/2026\/04\/Dipu_Iturbi_RuggieroFiorella-300x195.jpg 300w, https:\/\/www.tucomarca.com\/wordpress\/segunda\/wp-content\/uploads\/2026\/04\/Dipu_Iturbi_RuggieroFiorella-768x498.jpg 768w\" sizes=\"auto, (max-width: 945px) 100vw, 945px\" \/><figcaption class=\"wp-element-caption\">Ruggiero Fiorella<\/figcaption><\/figure>\n\n\n\n<figure class=\"wp-block-image size-full\"><img loading=\"lazy\" decoding=\"async\" width=\"945\" height=\"630\" data-id=\"298882\" src=\"https:\/\/www.tucomarca.com\/wordpress\/segunda\/wp-content\/uploads\/2026\/04\/Dipu_Iturbi_UladzislauKhandohi.jpg\" alt=\"\" class=\"wp-image-298882\" srcset=\"https:\/\/www.tucomarca.com\/wordpress\/segunda\/wp-content\/uploads\/2026\/04\/Dipu_Iturbi_UladzislauKhandohi.jpg 945w, https:\/\/www.tucomarca.com\/wordpress\/segunda\/wp-content\/uploads\/2026\/04\/Dipu_Iturbi_UladzislauKhandohi-300x200.jpg 300w, https:\/\/www.tucomarca.com\/wordpress\/segunda\/wp-content\/uploads\/2026\/04\/Dipu_Iturbi_UladzislauKhandohi-768x512.jpg 768w\" sizes=\"auto, (max-width: 945px) 100vw, 945px\" \/><figcaption class=\"wp-element-caption\">Uladzislau Khandohi<\/figcaption><\/figure>\n<\/figure>\n\n\n\n<p><\/p>\n\n\n\n<p>El diputat de Cultura, Paco Teruel, ha assenyalat que l&#8217;objectiu de la Diputaci\u00f3 de Val\u00e8ncia \u00e9s &#8220;impulsar la vertebraci\u00f3 cultural del territori amb una programaci\u00f3 multidisciplin\u00e0ria que visite els diferents municipis, i una mostra d&#8217;aix\u00f2 \u00e9s el cicle de recitals, que comen\u00e7ar\u00e0 el 16 d&#8217;abril i es prolongar\u00e0 fins al 26 de setembre&#8221;. Aix\u00ed mateix, Teruel ha apuntat que el cicle de concerts &#8220;emmarcat en el Concurs Iturbi, amb projecci\u00f3 internacional, sonar\u00e0 tamb\u00e9 en un marc \u00fanic, la Reial Acad\u00e8mia d&#8217;Espanya a Roma, on el primer classificat de la passada edici\u00f3, Nabeel Hayek, oferir\u00e0 un recital&#8221;.&nbsp;<\/p>\n\n\n\n<p>La programaci\u00f3 arrancar\u00e0 este dijous 16 d&#8217;abril a les 19.30 hores amb un recital de Hayek. Esta nova edici\u00f3 de concerts s&#8217;estrenar\u00e0 en el Centre Cultural La Benefic\u00e8ncia. Aix\u00ed mateix, el Conservatori Professional de M\u00fasica de Ll\u00edria acollir\u00e0 el divendres 17 d&#8217;abril un concert del jove israeli\u00e0 a les 20 hores. Hayek, que va interpretar en la gran final el concert per a piano i orquestra n\u00famero 1 de Johannes Brahms, visitar\u00e0 tamb\u00e9 l&#8217;escenari del Sal\u00f3 Noble de la Casa de Cultura de X\u00e0tiva el diumenge 19 a les 11.30 hores. Finalment, la Reial Acad\u00e8mia d&#8217;Espanya a Roma ser\u00e0 l&#8217;escenari del concert que posar\u00e0 el fermall final a la gira de concerts del guanyador de l&#8217;Iturbi m\u00e9s internacional, que va comptar amb la presentaci\u00f3 de 200 candidats de 40 pa\u00efsos.<\/p>\n\n\n\n<p>Nabeel Hayek (Natzaret 2001) \u00e9s llicenciat per l&#8217;Escola de M\u00fasica Buchmann-Mehta, on va estudiar amb Arie Vardi i Asaf Zohar, i t\u00e9 un m\u00e0ster per la Juilliard School amb Julian Martin. Des de 2017, Hayek t\u00e9 com a mentor a Murray Perahia. Nabeel \u00e9s un actiu m\u00fasic de cambra i pianista col\u00b7laborador amb \u00e0mplia experi\u00e8ncia, i continua ampliant el seu repertori com a solista amb una gran passi\u00f3 per la m\u00fasica contempor\u00e0nia i del segle XX. Hayek ha oferit recitals a Europa, \u00c0sia i Am\u00e8rica del Nord, i ha actuat per a la Societat Internacional de M\u00fasica Arthur Rubinstein i la Filharm\u00f2nica d&#8217;Israel.<\/p>\n\n\n\n<p><strong>M\u00e9s recitals per la prov\u00edncia<\/strong><\/p>\n\n\n\n<p>El cicle de recitals continuar\u00e0 al mes de setembre amb diverses cites en diferents municipis a c\u00e0rrec del bielor\u00fas Uladzislau Khandohi, segon premi de la passada edici\u00f3 del concurs internacional, i l&#8217;itali\u00e0 Ruggiero Fiorella, tercer classificat. Fiorella obrir\u00e0 el calendari de setembre amb recitals en l&#8217;espai Multiusos de Chelva (18 de setembre a les 19.30 h). La gira continuar\u00e0 en el Centre Cultural La Benefic\u00e8ncia de Val\u00e8ncia (19 de setembre a les 19.00 hores) i continuar\u00e0 en el Centre Cultural de Sollana (20 de setembre a les 19 hores).<\/p>\n\n\n\n<p>Aix\u00ed mateix, tamb\u00e9 al mes de setembre arribar\u00e0 Uladzislau Khandohi a l&#8217;auditori municipal Menc\u00eda de Mendoza d&#8217;Ayora. Concretament el dia 24 a les 20 hores. La parr\u00f2quia de Sant Vicent M\u00e0rtir de Guadassuar acollir\u00e0 tamb\u00e9 un recital del segon classificat el dia 25 de setembre a les 21 hores. L&#8217;int\u00e8rpret oferir\u00e0 tamb\u00e9 un concert el 26 de setembre a les 19 hores en el Centre Cultural La Benefic\u00e8ncia de Val\u00e8ncia.<\/p>\n\n\n\n<p>L&#8217;acc\u00e9s als recitals que tindran lloc en La Benefic\u00e8ncia s\u00f3n d&#8217;acc\u00e9s lliure i es requerix disposar d&#8217;entrada. Les entrades s&#8217;arrepleguen en el punt d&#8217;Informaci\u00f3 del centre cultural. Els concerts en els municipis seran amb entrada lliure fins a completar aforament.<\/p>\n\n\n\n<figure class=\"wp-block-image size-large\"><img loading=\"lazy\" decoding=\"async\" width=\"740\" height=\"1024\" src=\"https:\/\/www.tucomarca.com\/wordpress\/segunda\/wp-content\/uploads\/2026\/04\/DipuCalendarioIturbi-740x1024.jpg\" alt=\"\" class=\"wp-image-298884\" srcset=\"https:\/\/www.tucomarca.com\/wordpress\/segunda\/wp-content\/uploads\/2026\/04\/DipuCalendarioIturbi-740x1024.jpg 740w, https:\/\/www.tucomarca.com\/wordpress\/segunda\/wp-content\/uploads\/2026\/04\/DipuCalendarioIturbi-217x300.jpg 217w, https:\/\/www.tucomarca.com\/wordpress\/segunda\/wp-content\/uploads\/2026\/04\/DipuCalendarioIturbi-768x1063.jpg 768w, https:\/\/www.tucomarca.com\/wordpress\/segunda\/wp-content\/uploads\/2026\/04\/DipuCalendarioIturbi-1110x1536.jpg 1110w, https:\/\/www.tucomarca.com\/wordpress\/segunda\/wp-content\/uploads\/2026\/04\/DipuCalendarioIturbi-1480x2048.jpg 1480w, https:\/\/www.tucomarca.com\/wordpress\/segunda\/wp-content\/uploads\/2026\/04\/DipuCalendarioIturbi-scaled.jpg 1850w\" sizes=\"auto, (max-width: 740px) 100vw, 740px\" \/><\/figure>\n","protected":false},"excerpt":{"rendered":"<div class=\"mh-excerpt\">Els tres finalistes del concurs internacional de piano de la Diputaci\u00f3 de Val\u00e8ncia, Nabeel Hayek, Uladzislau Khandohi i Ruggiero Fiorella, oferiran recitals a Ll\u00edria, X\u00e0tiva, Chelva, Sollana, Ayora, Guadassuar i Val\u00e8ncia. El diputat de Cultura, <a class=\"mh-excerpt-more\" href=\"https:\/\/www.tucomarca.com\/wordpress\/segunda\/ca\/els-guanyadors-de-lultima-edicio-de-liturbi-inicien-la-seua-gira-de-concerts-per-la-provincia-i-a-roma\/\" title=\"Els guanyadors de l&#8217;\u00faltima edici\u00f3 de l&#8217;Iturbi inicien la seua gira de concerts per la prov\u00edncia i a Roma\">[+] <\/a><\/div>\n","protected":false},"author":12,"featured_media":298879,"comment_status":"closed","ping_status":"open","sticky":false,"template":"","format":"standard","meta":{"footnotes":""},"categories":[11019,10954,10951,10892,11005,11039,11046,10898,10994,10894,10904,10902,10928,11007,10896],"tags":[20845,11246,11785],"class_list":{"0":"post-298888","1":"post","2":"type-post","3":"status-publish","4":"format-standard","5":"has-post-thumbnail","7":"category-agenda-ca","8":"category-ayora-ca","9":"category-ayora-cofrentes-ca","10":"category-camp-de-turia-ca","11":"category-canal-musica","12":"category-chelva-ca","13":"category-los-serranos-ca","14":"category-ventana-ca","15":"category-guadassuar-ca","16":"category-la-comarca-ca","17":"category-sin-categorizar-ca","18":"category-la-ribera-ca","19":"category-lliria-ca","20":"category-ocio-y-cultura-ca","21":"category-seccion-ca","22":"tag-concurso-internacional-de-piano-de-valencia-ca","23":"tag-diputacio-de-valencia-ca","24":"tag-iturbi"},"_links":{"self":[{"href":"https:\/\/www.tucomarca.com\/wordpress\/segunda\/ca\/wp-json\/wp\/v2\/posts\/298888","targetHints":{"allow":["GET"]}}],"collection":[{"href":"https:\/\/www.tucomarca.com\/wordpress\/segunda\/ca\/wp-json\/wp\/v2\/posts"}],"about":[{"href":"https:\/\/www.tucomarca.com\/wordpress\/segunda\/ca\/wp-json\/wp\/v2\/types\/post"}],"author":[{"embeddable":true,"href":"https:\/\/www.tucomarca.com\/wordpress\/segunda\/ca\/wp-json\/wp\/v2\/users\/12"}],"replies":[{"embeddable":true,"href":"https:\/\/www.tucomarca.com\/wordpress\/segunda\/ca\/wp-json\/wp\/v2\/comments?post=298888"}],"version-history":[{"count":0,"href":"https:\/\/www.tucomarca.com\/wordpress\/segunda\/ca\/wp-json\/wp\/v2\/posts\/298888\/revisions"}],"wp:featuredmedia":[{"embeddable":true,"href":"https:\/\/www.tucomarca.com\/wordpress\/segunda\/ca\/wp-json\/wp\/v2\/media\/298879"}],"wp:attachment":[{"href":"https:\/\/www.tucomarca.com\/wordpress\/segunda\/ca\/wp-json\/wp\/v2\/media?parent=298888"}],"wp:term":[{"taxonomy":"category","embeddable":true,"href":"https:\/\/www.tucomarca.com\/wordpress\/segunda\/ca\/wp-json\/wp\/v2\/categories?post=298888"},{"taxonomy":"post_tag","embeddable":true,"href":"https:\/\/www.tucomarca.com\/wordpress\/segunda\/ca\/wp-json\/wp\/v2\/tags?post=298888"}],"curies":[{"name":"wp","href":"https:\/\/api.w.org\/{rel}","templated":true}]}}