{"id":298897,"date":"2026-04-16T11:30:00","date_gmt":"2026-04-16T09:30:00","guid":{"rendered":"https:\/\/www.tucomarca.com\/wordpress\/segunda\/?p=298897"},"modified":"2026-04-16T19:24:52","modified_gmt":"2026-04-16T17:24:52","slug":"la-generalitat-prova-la-tecnologia-de-comunicacions-critiques-5g-emergencies-en-lentorn-rural-de-lembassament-de-benageber","status":"publish","type":"post","link":"https:\/\/www.tucomarca.com\/wordpress\/segunda\/ca\/la-generalitat-prova-la-tecnologia-de-comunicacions-critiques-5g-emergencies-en-lentorn-rural-de-lembassament-de-benageber\/","title":{"rendered":"La Generalitat prova la tecnologia de comunicacions cr\u00edtiques 5G Emerg\u00e8ncies en l\u2019entorn rural de l\u2019embassament de Benag\u00e9ber"},"content":{"rendered":"\n<h3 class=\"wp-block-heading\">El director general d\u2019Emerg\u00e8ncies assenyala que la fi \u00e9s comprovar com funciona el 5G en un \u00e0mbit rural poc poblat i amb baixa cobertura de xarxa.<\/h3>\n\n\n\n<h3 class=\"wp-block-heading\">L\u2019exercici pr\u00e0ctic ha simulat un incendi forestal i la busca i el rescat en el pant\u00e0 d\u2019una aeronau sinistrada.<\/h3>\n\n\n\n<p>La Generalitat ha provat el funcionament de la tecnologia de comunicacions cr\u00edtiques 5G Emerg\u00e8ncies en l\u2019entorn de l\u2019embassament de Benag\u00e9ber mitjan\u00e7ant un exercici pilot per a comprovar com respon este projecte en un \u00e0mbit rural poc poblat i amb baixa cobertura de xarxa, segons ha assenyalat el director general d\u2019Emerg\u00e8ncies i Extinci\u00f3 d\u2019Incendis, Vicente Le\u00f3n.<\/p>\n\n\n\n<p>L\u2019exercici ha simulat un incendi forestal i la busca i el rescat en el pant\u00e0 de Benag\u00e9ber d\u2019una aeronau sinistrada, per a la qual cosa s\u2019ha comptat amb la intervenci\u00f3 de drons terrestres i aqu\u00e0tics, entre altres recursos, segons ha explicat Vicente Le\u00f3n.<\/p>\n\n\n\n<p>Esta pr\u00e0ctica forma part d\u2019una s\u00e8rie de proves pilot que la Generalitat du a terme en diferents entorns geogr\u00e0fics (urbans, industrials i rurals) per a validar sobre el terreny el funcionament del 5G en la gesti\u00f3 de cat\u00e0strofes.<\/p>\n\n\n\n<p>Le\u00f3n ha indicat que es tracta de constatar com funciona esta tecnologia experimental \u201cquan s\u2019utilitza de suport i complement a l\u2019actual Xarxa de Comunicacions M\u00f2bils Digitals d\u2019Emerg\u00e8ncies i Seguretat de la Comunitat Valenciana (COMDES), de manera que es puga avaluar el seu correcte funcionament en la pr\u00e0ctica, detectar possibles limitacions o la seua aportaci\u00f3 real davant d\u2019una potencial emerg\u00e8ncia\u201d.<\/p>\n\n\n\n<p>Aix\u00ed, durant la prova en l\u2019entorn de Benag\u00e9ber, s\u2019ha comprovat la resposta de les comunicacions entre els diferents recursos desplegats tant en el terreny com en els centres de coordinaci\u00f3, aix\u00ed com el maneig dels drons o la transmissi\u00f3 i distribuci\u00f3 de v\u00eddeo i&nbsp;<em>tracks&nbsp;<\/em>durant la gesti\u00f3 de l\u2019emerg\u00e8ncia.<\/p>\n\n\n\n<figure class=\"wp-block-image size-full\"><img loading=\"lazy\" decoding=\"async\" width=\"945\" height=\"638\" src=\"https:\/\/www.tucomarca.com\/wordpress\/segunda\/wp-content\/uploads\/2026\/04\/5G_benageber2.jpg\" alt=\"\" class=\"wp-image-298894\" srcset=\"https:\/\/www.tucomarca.com\/wordpress\/segunda\/wp-content\/uploads\/2026\/04\/5G_benageber2.jpg 945w, https:\/\/www.tucomarca.com\/wordpress\/segunda\/wp-content\/uploads\/2026\/04\/5G_benageber2-300x203.jpg 300w, https:\/\/www.tucomarca.com\/wordpress\/segunda\/wp-content\/uploads\/2026\/04\/5G_benageber2-768x519.jpg 768w\" sizes=\"auto, (max-width: 945px) 100vw, 945px\" \/><\/figure>\n\n\n\n<p>El director general ha recordat que l\u2019\u00fas de 5G \u201ces planteja com un recurs complementari de l\u2019actual xarxa COMDES d\u2019emerg\u00e8ncies i, en cap cas, com a substituci\u00f3 d\u2019esta, que continuar\u00e0 operativa amb la tecnologia TETRA que li dona suport\u201d en tota la Comunitat Valenciana.<\/p>\n\n\n\n<p>Per la seua banda, el responsable de l\u2019\u00e0rea d\u2019enginyeria i projectes de l\u2019empresa p\u00fablica d\u2019Infraestructures i Serveis de Telecomunicacions i Certificaci\u00f3 (ISTEC), Antonio Ram\u00edrez, ha indicat que les proves que s\u2019han portat a cap&nbsp;este dimecres en l\u2019embassament de Benag\u00e9ber \u201chan perm\u00e9s acostar la tecnologia de comunicacions de banda ampla 5G als nostres cossos d\u2019emerg\u00e8ncies\u201d.<\/p>\n\n\n\n<p>\u201cEls intervinents en el simulacre han pogut fer \u00fas de dispositius i aplicacions pensades per a millorar les capacitats i la seguretat, i s\u2019ha aconseguit dotar de cobertura de comunicacions una zona a on no existix desplegament\u201d, ha afegit.<\/p>\n\n\n\n<p>\u201cLa banda ampla ha perm\u00e9s usar v\u00eddeo i tripular remotament un vehicle aqu\u00e0tic, i amb el vehicle submar\u00ed s\u2019aconseguix disminuir el risc que suposa la immersi\u00f3 de bussos. Gr\u00e0cies a estes proves, podem vore els l\u00edmits de la tecnologia, arreplegar les impressions dels usuaris i traure conclusions de cara a l\u2019evoluci\u00f3 tecnol\u00f2gica\u201d, ha detallat Antonio Ram\u00edrez.<\/p>\n\n\n\n<p>El projecte 5G \u00e9s una iniciativa conjunta de les conselleries d\u2019Economia, Hisenda i Administraci\u00f3 P\u00fablica i d\u2019Emerg\u00e8ncies i Interior i compta amb 4.069.270 euros de finan\u00e7ament europeu Next Generation EU, mitjan\u00e7ant el Pla de recuperaci\u00f3, transformaci\u00f3 i resili\u00e8ncia.<\/p>\n\n\n\n<p>En concret, est\u00e0 coordinat per Infraestructures i Serveis de Telecomunicacions i Certificaci\u00f3 (ISTEC), l\u2019entitat p\u00fablica adscrita a Economia i Hisenda que gestiona les infraestructures de telecomunicacions i els servicis de certificaci\u00f3 de la Generalitat, a partir de la proposta de l\u2019Ag\u00e8ncia Valenciana de Seguretat i Resposta a les Emerg\u00e8ncies (AVSRE), dependent de la Conselleria d\u2019Emerg\u00e8ncies i Interior.<\/p>\n","protected":false},"excerpt":{"rendered":"<div class=\"mh-excerpt\">El director general d\u2019Emerg\u00e8ncies assenyala que la fi \u00e9s comprovar com funciona el 5G en un \u00e0mbit rural poc poblat i amb baixa cobertura de xarxa. L\u2019exercici pr\u00e0ctic ha simulat un incendi forestal i la <a class=\"mh-excerpt-more\" href=\"https:\/\/www.tucomarca.com\/wordpress\/segunda\/ca\/la-generalitat-prova-la-tecnologia-de-comunicacions-critiques-5g-emergencies-en-lentorn-rural-de-lembassament-de-benageber\/\" title=\"La Generalitat prova la tecnologia de comunicacions cr\u00edtiques 5G Emerg\u00e8ncies en l\u2019entorn rural de l\u2019embassament de Benag\u00e9ber\">[+] <\/a><\/div>\n","protected":false},"author":12,"featured_media":298893,"comment_status":"closed","ping_status":"open","sticky":false,"template":"","format":"standard","meta":{"footnotes":""},"categories":[11041,11046,10898,10948,10894,10903,10947,10896,10897],"tags":[24136,11198,24137,11928,11080],"class_list":{"0":"post-298897","1":"post","2":"type-post","3":"status-publish","4":"format-standard","5":"has-post-thumbnail","7":"category-benageber-ca","8":"category-los-serranos-ca","9":"category-ventana-ca","10":"category-infraestructuras-ca","11":"category-la-comarca-ca","12":"category-medio-ambiente-la-comarca-ca","13":"category-politica","14":"category-seccion-ca","15":"category-sucesos-la-comarca-ca","16":"tag-5g","17":"tag-benageber-ca","18":"tag-comunicaciones","19":"tag-la-serrania-ca","20":"tag-los-serranos-ca"},"_links":{"self":[{"href":"https:\/\/www.tucomarca.com\/wordpress\/segunda\/ca\/wp-json\/wp\/v2\/posts\/298897","targetHints":{"allow":["GET"]}}],"collection":[{"href":"https:\/\/www.tucomarca.com\/wordpress\/segunda\/ca\/wp-json\/wp\/v2\/posts"}],"about":[{"href":"https:\/\/www.tucomarca.com\/wordpress\/segunda\/ca\/wp-json\/wp\/v2\/types\/post"}],"author":[{"embeddable":true,"href":"https:\/\/www.tucomarca.com\/wordpress\/segunda\/ca\/wp-json\/wp\/v2\/users\/12"}],"replies":[{"embeddable":true,"href":"https:\/\/www.tucomarca.com\/wordpress\/segunda\/ca\/wp-json\/wp\/v2\/comments?post=298897"}],"version-history":[{"count":0,"href":"https:\/\/www.tucomarca.com\/wordpress\/segunda\/ca\/wp-json\/wp\/v2\/posts\/298897\/revisions"}],"wp:featuredmedia":[{"embeddable":true,"href":"https:\/\/www.tucomarca.com\/wordpress\/segunda\/ca\/wp-json\/wp\/v2\/media\/298893"}],"wp:attachment":[{"href":"https:\/\/www.tucomarca.com\/wordpress\/segunda\/ca\/wp-json\/wp\/v2\/media?parent=298897"}],"wp:term":[{"taxonomy":"category","embeddable":true,"href":"https:\/\/www.tucomarca.com\/wordpress\/segunda\/ca\/wp-json\/wp\/v2\/categories?post=298897"},{"taxonomy":"post_tag","embeddable":true,"href":"https:\/\/www.tucomarca.com\/wordpress\/segunda\/ca\/wp-json\/wp\/v2\/tags?post=298897"}],"curies":[{"name":"wp","href":"https:\/\/api.w.org\/{rel}","templated":true}]}}