{"id":298906,"date":"2026-04-16T12:00:00","date_gmt":"2026-04-16T10:00:00","guid":{"rendered":"https:\/\/www.tucomarca.com\/wordpress\/segunda\/?p=298906"},"modified":"2026-04-16T19:18:55","modified_gmt":"2026-04-16T17:18:55","slug":"la-generalitat-promou-la-proteccio-del-teix-amb-la-celebracio-a-requena-de-les-v-jornades-internacionals-sobre-esta-especie-forestal","status":"publish","type":"post","link":"https:\/\/www.tucomarca.com\/wordpress\/segunda\/ca\/la-generalitat-promou-la-proteccio-del-teix-amb-la-celebracio-a-requena-de-les-v-jornades-internacionals-sobre-esta-especie-forestal\/","title":{"rendered":"La Generalitat promou la protecci\u00f3 del teix amb la celebraci\u00f3 a Requena de les V jornades internacionals sobre esta esp\u00e8cie forestal"},"content":{"rendered":"\n<h3 class=\"wp-block-heading\">La trobada reunix, fins al 17 d\u2019abril, experts nacionals i internacionals en conservaci\u00f3 del teix.<\/h3>\n\n\n\n<p>La Vicepresid\u00e8ncia Tercera i Conselleria de Medi Ambient, Infraestructures, Territori i de la Recuperaci\u00f3 ha organitzat a Requena les V Jornades Internacionals del Teix, que se celebren des de hui i fins al 17 d\u2019abril, amb l\u2019objectiu de promoure la protecci\u00f3 i conservaci\u00f3 d\u2019esta esp\u00e8cie forestal de gran valor ecol\u00f2gic.<\/p>\n\n\n\n<p>El director general de Medi Natural i Animal, Luis Gomis, ha assistit a la inauguraci\u00f3 d\u2019esta trobada, que convertix, durant estos dies, Requena en punt de refer\u00e8ncia per a especialistes i professionals vinculats a l\u2019estudi i la conservaci\u00f3 del teix. En l\u2019acte tamb\u00e9 han sigut presents l\u2019alcalde de Requena, Mario S\u00e1nchez, i la presidenta de l\u2019Associaci\u00f3 d\u2019Amics del Teix i els Teixars, Ana Collados.<\/p>\n\n\n\n<figure class=\"wp-block-image size-full\"><img loading=\"lazy\" decoding=\"async\" width=\"945\" height=\"638\" src=\"https:\/\/www.tucomarca.com\/wordpress\/segunda\/wp-content\/uploads\/2026\/04\/TejoPNPenyagolosa.jpg\" alt=\"\" class=\"wp-image-298903\" srcset=\"https:\/\/www.tucomarca.com\/wordpress\/segunda\/wp-content\/uploads\/2026\/04\/TejoPNPenyagolosa.jpg 945w, https:\/\/www.tucomarca.com\/wordpress\/segunda\/wp-content\/uploads\/2026\/04\/TejoPNPenyagolosa-300x203.jpg 300w, https:\/\/www.tucomarca.com\/wordpress\/segunda\/wp-content\/uploads\/2026\/04\/TejoPNPenyagolosa-768x519.jpg 768w\" sizes=\"auto, (max-width: 945px) 100vw, 945px\" \/><\/figure>\n\n\n\n<p>Durant la seua intervenci\u00f3, Gomis ha destacat que este f\u00f2rum \u201cno nom\u00e9s permet avan\u00e7ar en el coneixement sobre els h\u00e0bitats del teix, sin\u00f3 que tamb\u00e9 suposa una oportunitat per a dinamitzar el medi rural mitjan\u00e7ant projectes europeus com LIFE\u201d. En este sentit, ha afegit que \u201cdes de la Direcci\u00f3 General de Medi Natural i Animal continuarem sumant esfor\u00e7os en favor de la conservaci\u00f3, treballant juntament amb centres com el CIEF i el conjunt del sector\u201d.<\/p>\n\n\n\n<p>La trobada, promoguda en el marc del projecte europeu LIFE Teixeres i organitzat en col\u00b7laboraci\u00f3 amb l\u2019Associaci\u00f3 Amics del Teix i els Teixars, ha reunit especialistes nacionals i internacionals que compartixen coneixements cient\u00edfics i experi\u00e8ncies de gesti\u00f3 sobre el teix (<em>Taxus baccata<\/em>).<\/p>\n\n\n\n<p>Prop d\u2019un centenar de persones procedents de diferents regions d\u2019Espanya i d\u2019altres pa\u00efsos participen en esta cita, el programa cient\u00edfic de la qual inclou m\u00e9s de 20 comunicacions centrades en la conservaci\u00f3 d\u2019esta esp\u00e8cie. La pres\u00e8ncia d\u2019experts internacionals permet, a m\u00e9s, abordar els principals reptes per a la preservaci\u00f3 dels boscos de teix en l\u2019\u00e0mbit mediterrani des d\u2019una perspectiva cient\u00edfica i t\u00e8cnica.<\/p>\n\n\n\n<p>El programa s\u2019estructura en quatre blocs tem\u00e0tics: projectes LIFE relacionats amb el teix a Espanya, ecologia i biogeografia, gesti\u00f3 i conservaci\u00f3, i cultura i participaci\u00f3 social. Aix\u00ed mateix, s\u2019ha organitzat una eixida de camp al paratge de Las Hoyuelas, a Sinarcas, a on el Centre per a la Investigaci\u00f3 i Experimentaci\u00f3 Forestal (CIEF) va impulsar fa una d\u00e8cada un hort llavorer de teixos.<\/p>\n\n\n\n<p>La celebraci\u00f3 d\u2019esta trobada ha comptat amb la col\u00b7laboraci\u00f3 de l\u2019Ajuntament de Requena, l\u2019Escola de Viticultura i Enologia de Requena, la Fundaci\u00f3 Lucio Gil de Fagoaga i la Plataforma per la Conservaci\u00f3 de la Serra de Chiva, entitats que contribu\u00efxen a consolidar esta cita com un referent internacional en l\u2019\u00e0mbit de la conservaci\u00f3 del teix.<\/p>\n","protected":false},"excerpt":{"rendered":"<div class=\"mh-excerpt\">La trobada reunix, fins al 17 d\u2019abril, experts nacionals i internacionals en conservaci\u00f3 del teix. La Vicepresid\u00e8ncia Tercera i Conselleria de Medi Ambient, Infraestructures, Territori i de la Recuperaci\u00f3 ha organitzat a Requena les V <a class=\"mh-excerpt-more\" href=\"https:\/\/www.tucomarca.com\/wordpress\/segunda\/ca\/la-generalitat-promou-la-proteccio-del-teix-amb-la-celebracio-a-requena-de-les-v-jornades-internacionals-sobre-esta-especie-forestal\/\" title=\"La Generalitat promou la protecci\u00f3 del teix amb la celebraci\u00f3 a Requena de les V jornades internacionals sobre esta esp\u00e8cie forestal\">[+] <\/a><\/div>\n","protected":false},"author":12,"featured_media":298902,"comment_status":"closed","ping_status":"open","sticky":false,"template":"","format":"standard","meta":{"footnotes":""},"categories":[10898,10948,10894,10904,10903,10947,10908,10909,10896],"tags":[11099,10910,24139],"class_list":{"0":"post-298906","1":"post","2":"type-post","3":"status-publish","4":"format-standard","5":"has-post-thumbnail","7":"category-ventana-ca","8":"category-infraestructuras-ca","9":"category-la-comarca-ca","10":"category-sin-categorizar-ca","11":"category-medio-ambiente-la-comarca-ca","12":"category-politica","13":"category-requena-ca","14":"category-requena-utiel-ca","15":"category-seccion-ca","16":"tag-requena-ca","17":"tag-requena-utiel-ca","18":"tag-v-jornadas-internacionales-del-tejo"},"_links":{"self":[{"href":"https:\/\/www.tucomarca.com\/wordpress\/segunda\/ca\/wp-json\/wp\/v2\/posts\/298906","targetHints":{"allow":["GET"]}}],"collection":[{"href":"https:\/\/www.tucomarca.com\/wordpress\/segunda\/ca\/wp-json\/wp\/v2\/posts"}],"about":[{"href":"https:\/\/www.tucomarca.com\/wordpress\/segunda\/ca\/wp-json\/wp\/v2\/types\/post"}],"author":[{"embeddable":true,"href":"https:\/\/www.tucomarca.com\/wordpress\/segunda\/ca\/wp-json\/wp\/v2\/users\/12"}],"replies":[{"embeddable":true,"href":"https:\/\/www.tucomarca.com\/wordpress\/segunda\/ca\/wp-json\/wp\/v2\/comments?post=298906"}],"version-history":[{"count":0,"href":"https:\/\/www.tucomarca.com\/wordpress\/segunda\/ca\/wp-json\/wp\/v2\/posts\/298906\/revisions"}],"wp:featuredmedia":[{"embeddable":true,"href":"https:\/\/www.tucomarca.com\/wordpress\/segunda\/ca\/wp-json\/wp\/v2\/media\/298902"}],"wp:attachment":[{"href":"https:\/\/www.tucomarca.com\/wordpress\/segunda\/ca\/wp-json\/wp\/v2\/media?parent=298906"}],"wp:term":[{"taxonomy":"category","embeddable":true,"href":"https:\/\/www.tucomarca.com\/wordpress\/segunda\/ca\/wp-json\/wp\/v2\/categories?post=298906"},{"taxonomy":"post_tag","embeddable":true,"href":"https:\/\/www.tucomarca.com\/wordpress\/segunda\/ca\/wp-json\/wp\/v2\/tags?post=298906"}],"curies":[{"name":"wp","href":"https:\/\/api.w.org\/{rel}","templated":true}]}}