{"id":298963,"date":"2026-04-16T10:15:00","date_gmt":"2026-04-16T08:15:00","guid":{"rendered":"https:\/\/www.tucomarca.com\/wordpress\/segunda\/?p=298963"},"modified":"2026-04-16T19:11:06","modified_gmt":"2026-04-16T17:11:06","slug":"bunyol-celebra-el-dia-internacional-del-llibre-amb-una-completa-programacio-cultural-sota-el-titol-abril-un-mes-entre-llibres","status":"publish","type":"post","link":"https:\/\/www.tucomarca.com\/wordpress\/segunda\/ca\/bunyol-celebra-el-dia-internacional-del-llibre-amb-una-completa-programacio-cultural-sota-el-titol-abril-un-mes-entre-llibres\/","title":{"rendered":"Bunyol celebra el Dia Internacional del Llibre amb una completa programaci\u00f3 cultural sota el t\u00edtol &#8220;Abril, un mes entre llibres&#8221;"},"content":{"rendered":"\n<p>Bunyol commemora el Dia Internacional del Llibre amb una \u00e0mplia i variada programaci\u00f3 d\u2019activitats culturals que es desenvoluparan al llarg del mes d\u2019abril, amb propostes per a tots els p\u00fablics que combinen literatura, m\u00fasica, teatre i divulgaci\u00f3.<\/p>\n\n\n\n<p>L\u2019agenda va arrancar el dimecres 15 d\u2019abril amb la xarrada <em>\u201c32 segundos y 320 a\u00f1os\u201d<\/em>, a c\u00e0rrec de Roberto Palmer Navarro, centrada en l\u2019eclipsi previst per a 2026, i amb un laboratori teatral dirigit a majors de 18 anys a la Sala Raga.<\/p>\n\n\n\n<p>Les activitats continuen el divendres 17 d\u2019abril amb la presentaci\u00f3 del llibre infantil <em>\u201cTengo una familia en la cabeza\u201d<\/em> de Luc\u00eda Villanueva Cus\u00ed, mentre que el dimecres 22 tindr\u00e0 lloc la trobada <em>Libros &amp; Cine<\/em>, condu\u00efda per Juan Le\u00f3n, que abordar\u00e0 la relaci\u00f3 entre literatura i cinema.<\/p>\n\n\n\n<p>El dia gran arribar\u00e0 el dijous 23 d\u2019abril, amb motiu del Dia Internacional del Llibre, amb una programaci\u00f3 especial de Radio Bu\u00f1ol des de les 10:00 hores i un concert recital titulat <em>\u201cEternidades: Sorolla &amp; Jim\u00e9nez\u201d<\/em>, que combinar\u00e0 m\u00fasica i poesia a la Sala Raga.<\/p>\n\n\n\n<p>La programaci\u00f3 liter\u00e0ria continuar\u00e0 el divendres 24 d\u2019abril amb la presentaci\u00f3 de <em>\u201cSingapur\u201d<\/em>, d\u2019Alfons Cervera, seguida el dissabte 25 per <em>\u201cEl elogio del equilibrio\u201d<\/em>, de Domingo Mart\u00ednez.<\/p>\n\n\n\n<p>El dimarts 28 d\u2019abril se celebrar\u00e0 una nova sessi\u00f3 del club de lectura amb l\u2019obra <em>\u201cEl balc\u00f3n en invierno\u201d<\/em> de Luis Landero. Ja en la recta final del mes, el dimecres 29 es presentar\u00e0 <em>\u201cEl vuelo de la nieve, traves\u00eda hacia la luz\u201d<\/em> de Denise Blais, i el dijous 30 es tancar\u00e0 el cicle amb <em>\u201cLa \u00faltima fiesta\u201d<\/em>, amb la participaci\u00f3 de Guillermo Estivalles i Ana Perell\u00f3.<\/p>\n\n\n\n<p>La majoria dels actes es desenvoluparan a la Sala Raga.<\/p>\n\n\n\n<figure class=\"wp-block-image size-large\"><img loading=\"lazy\" decoding=\"async\" width=\"1024\" height=\"724\" src=\"https:\/\/www.tucomarca.com\/wordpress\/segunda\/wp-content\/uploads\/2026\/04\/ProgramaAbrilLibro-1024x724.jpg\" alt=\"\" class=\"wp-image-298957\" srcset=\"https:\/\/www.tucomarca.com\/wordpress\/segunda\/wp-content\/uploads\/2026\/04\/ProgramaAbrilLibro-1024x724.jpg 1024w, https:\/\/www.tucomarca.com\/wordpress\/segunda\/wp-content\/uploads\/2026\/04\/ProgramaAbrilLibro-300x212.jpg 300w, https:\/\/www.tucomarca.com\/wordpress\/segunda\/wp-content\/uploads\/2026\/04\/ProgramaAbrilLibro-768x543.jpg 768w, https:\/\/www.tucomarca.com\/wordpress\/segunda\/wp-content\/uploads\/2026\/04\/ProgramaAbrilLibro-1536x1085.jpg 1536w, https:\/\/www.tucomarca.com\/wordpress\/segunda\/wp-content\/uploads\/2026\/04\/ProgramaAbrilLibro-2048x1447.jpg 2048w\" sizes=\"auto, (max-width: 1024px) 100vw, 1024px\" \/><\/figure>\n","protected":false},"excerpt":{"rendered":"<div class=\"mh-excerpt\">Bunyol commemora el Dia Internacional del Llibre amb una \u00e0mplia i variada programaci\u00f3 d\u2019activitats culturals que es desenvoluparan al llarg del mes d\u2019abril, amb propostes per a tots els p\u00fablics que combinen literatura, m\u00fasica, teatre <a class=\"mh-excerpt-more\" href=\"https:\/\/www.tucomarca.com\/wordpress\/segunda\/ca\/bunyol-celebra-el-dia-internacional-del-llibre-amb-una-completa-programacio-cultural-sota-el-titol-abril-un-mes-entre-llibres\/\" title=\"Bunyol celebra el Dia Internacional del Llibre amb una completa programaci\u00f3 cultural sota el t\u00edtol &#8220;Abril, un mes entre llibres&#8221;\">[+] <\/a><\/div>\n","protected":false},"author":12,"featured_media":298961,"comment_status":"closed","ping_status":"open","sticky":false,"template":"","format":"standard","meta":{"footnotes":""},"categories":[11019,10911,10894,10912,11007,10896],"tags":[24141,10913,14547,10914],"class_list":{"0":"post-298963","1":"post","2":"type-post","3":"status-publish","4":"format-standard","5":"has-post-thumbnail","7":"category-agenda-ca","8":"category-bunol-ca","9":"category-la-comarca-ca","10":"category-la-hoya-ca","11":"category-ocio-y-cultura-ca","12":"category-seccion-ca","13":"tag-abril-un-mes-entre-libros","14":"tag-bunol-ca","15":"tag-dia-internacional-del-libro-ca","16":"tag-la-hoya-de-bunol-chiva-ca"},"_links":{"self":[{"href":"https:\/\/www.tucomarca.com\/wordpress\/segunda\/ca\/wp-json\/wp\/v2\/posts\/298963","targetHints":{"allow":["GET"]}}],"collection":[{"href":"https:\/\/www.tucomarca.com\/wordpress\/segunda\/ca\/wp-json\/wp\/v2\/posts"}],"about":[{"href":"https:\/\/www.tucomarca.com\/wordpress\/segunda\/ca\/wp-json\/wp\/v2\/types\/post"}],"author":[{"embeddable":true,"href":"https:\/\/www.tucomarca.com\/wordpress\/segunda\/ca\/wp-json\/wp\/v2\/users\/12"}],"replies":[{"embeddable":true,"href":"https:\/\/www.tucomarca.com\/wordpress\/segunda\/ca\/wp-json\/wp\/v2\/comments?post=298963"}],"version-history":[{"count":0,"href":"https:\/\/www.tucomarca.com\/wordpress\/segunda\/ca\/wp-json\/wp\/v2\/posts\/298963\/revisions"}],"wp:featuredmedia":[{"embeddable":true,"href":"https:\/\/www.tucomarca.com\/wordpress\/segunda\/ca\/wp-json\/wp\/v2\/media\/298961"}],"wp:attachment":[{"href":"https:\/\/www.tucomarca.com\/wordpress\/segunda\/ca\/wp-json\/wp\/v2\/media?parent=298963"}],"wp:term":[{"taxonomy":"category","embeddable":true,"href":"https:\/\/www.tucomarca.com\/wordpress\/segunda\/ca\/wp-json\/wp\/v2\/categories?post=298963"},{"taxonomy":"post_tag","embeddable":true,"href":"https:\/\/www.tucomarca.com\/wordpress\/segunda\/ca\/wp-json\/wp\/v2\/tags?post=298963"}],"curies":[{"name":"wp","href":"https:\/\/api.w.org\/{rel}","templated":true}]}}