{"id":298973,"date":"2026-04-16T10:00:00","date_gmt":"2026-04-16T08:00:00","guid":{"rendered":"https:\/\/www.tucomarca.com\/wordpress\/segunda\/?p=298973"},"modified":"2026-04-16T19:02:44","modified_gmt":"2026-04-16T17:02:44","slug":"benaguasil-llanca-una-nova-edicio-de-anem-de-ruta","status":"publish","type":"post","link":"https:\/\/www.tucomarca.com\/wordpress\/segunda\/ca\/benaguasil-llanca-una-nova-edicio-de-anem-de-ruta\/","title":{"rendered":"Benaguasil llan\u00e7a una nova edici\u00f3 de \u201cAnem de ruta\u201d"},"content":{"rendered":"\n<h3 class=\"wp-block-heading\">El programa municipal de senderisme inclou quatre eixides guiades fins a finals de maig.<\/h3>\n\n\n\n<p>L&#8217;Ajuntament de Benaguasil, a trav\u00e9s de l&#8217;\u00e0rea d&#8217;Esports, torna a posar en marxa el programa municipal de senderisme \u201cAnem de ruta\u201d, una iniciativa que busca fomentar l&#8217;activitat f\u00edsica a l&#8217;aire lliure i el contacte amb la naturalesa entre la ciutadania.<br>La programaci\u00f3 de caminades s&#8217;estendr\u00e0 fins a finals de maig, oferint als participants diverses oportunitats per a gaudir d&#8217;entorns naturals pr\u00f2xims. La primera eixida tindr\u00e0 lloc el pr\u00f2xim 26 d&#8217;abril i recorrer\u00e0 l&#8217;itinerari Olocau\u2013Puntal dels Llops, una ruta d&#8217;aproximadament 7 quil\u00f2metres de longitud i de dificultat baixa, pensada perqu\u00e8 puga ser gaudida per persones de diferents nivells.<br>El calendari continuar\u00e0 amb noves rutes els dies 3, 17 i 31 de maig, completant aix\u00ed una proposta variada que permetr\u00e0 redescobrir alguns dels espais naturals m\u00e9s emblem\u00e0tics de l&#8217;entorn de Benaguasil.<br>Des del Consistori destaquen que aquest programa no sols promou la pr\u00e0ctica esportiva, sin\u00f3 que tamb\u00e9 busca acostar el patrimoni natural als ve\u00efns i fomentar h\u00e0bits de vida saludables a trav\u00e9s de l&#8217;exercici en grup.<br>Les persones interessades a participar en qualsevol de les rutes poden formalitzar la seua inscripci\u00f3 en l&#8217;Oficina d&#8217;Atenci\u00f3 Ciutadana (OAC) de l&#8217;Ajuntament.<\/p>\n","protected":false},"excerpt":{"rendered":"<div class=\"mh-excerpt\">El programa municipal de senderisme inclou quatre eixides guiades fins a finals de maig. L&#8217;Ajuntament de Benaguasil, a trav\u00e9s de l&#8217;\u00e0rea d&#8217;Esports, torna a posar en marxa el programa municipal de senderisme \u201cAnem de ruta\u201d, <a class=\"mh-excerpt-more\" href=\"https:\/\/www.tucomarca.com\/wordpress\/segunda\/ca\/benaguasil-llanca-una-nova-edicio-de-anem-de-ruta\/\" title=\"Benaguasil llan\u00e7a una nova edici\u00f3 de \u201cAnem de ruta\u201d\">[+] <\/a><\/div>\n","protected":false},"author":12,"featured_media":298972,"comment_status":"closed","ping_status":"open","sticky":false,"template":"","format":"standard","meta":{"footnotes":""},"categories":[11019,10952,10892,11003,10894,11007,11009,10896],"tags":[24143,11136,10899],"class_list":{"0":"post-298973","1":"post","2":"type-post","3":"status-publish","4":"format-standard","5":"has-post-thumbnail","7":"category-agenda-ca","8":"category-benaguasil-ca","9":"category-camp-de-turia-ca","10":"category-sports","11":"category-la-comarca-ca","12":"category-ocio-y-cultura-ca","13":"category-polideportivo-ca","14":"category-seccion-ca","15":"tag-anem-de-ruta","16":"tag-benaguasil-ca","17":"tag-camp-de-turia-ca"},"_links":{"self":[{"href":"https:\/\/www.tucomarca.com\/wordpress\/segunda\/ca\/wp-json\/wp\/v2\/posts\/298973","targetHints":{"allow":["GET"]}}],"collection":[{"href":"https:\/\/www.tucomarca.com\/wordpress\/segunda\/ca\/wp-json\/wp\/v2\/posts"}],"about":[{"href":"https:\/\/www.tucomarca.com\/wordpress\/segunda\/ca\/wp-json\/wp\/v2\/types\/post"}],"author":[{"embeddable":true,"href":"https:\/\/www.tucomarca.com\/wordpress\/segunda\/ca\/wp-json\/wp\/v2\/users\/12"}],"replies":[{"embeddable":true,"href":"https:\/\/www.tucomarca.com\/wordpress\/segunda\/ca\/wp-json\/wp\/v2\/comments?post=298973"}],"version-history":[{"count":0,"href":"https:\/\/www.tucomarca.com\/wordpress\/segunda\/ca\/wp-json\/wp\/v2\/posts\/298973\/revisions"}],"wp:featuredmedia":[{"embeddable":true,"href":"https:\/\/www.tucomarca.com\/wordpress\/segunda\/ca\/wp-json\/wp\/v2\/media\/298972"}],"wp:attachment":[{"href":"https:\/\/www.tucomarca.com\/wordpress\/segunda\/ca\/wp-json\/wp\/v2\/media?parent=298973"}],"wp:term":[{"taxonomy":"category","embeddable":true,"href":"https:\/\/www.tucomarca.com\/wordpress\/segunda\/ca\/wp-json\/wp\/v2\/categories?post=298973"},{"taxonomy":"post_tag","embeddable":true,"href":"https:\/\/www.tucomarca.com\/wordpress\/segunda\/ca\/wp-json\/wp\/v2\/tags?post=298973"}],"curies":[{"name":"wp","href":"https:\/\/api.w.org\/{rel}","templated":true}]}}