{"id":298979,"date":"2026-04-16T10:40:00","date_gmt":"2026-04-16T08:40:00","guid":{"rendered":"https:\/\/www.tucomarca.com\/wordpress\/segunda\/?p=298979"},"modified":"2026-04-16T21:51:38","modified_gmt":"2026-04-16T19:51:38","slug":"el-zorricos-fest-torna-aquest-cap-de-setmana-a-alboraig-amb-circ-al-carrer-i-el-gran-dinamic-show-a-lauditori-municipal","status":"publish","type":"post","link":"https:\/\/www.tucomarca.com\/wordpress\/segunda\/ca\/el-zorricos-fest-torna-aquest-cap-de-setmana-a-alboraig-amb-circ-al-carrer-i-el-gran-dinamic-show-a-lauditori-municipal\/","title":{"rendered":"El Zorricos Fest torna aquest cap de setmana a Alboraig amb circ al carrer i el gran Dinamic Show a l&#8217;Auditori Municipal"},"content":{"rendered":"\n<h3 class=\"wp-block-heading\">Un dels moments m\u00e9s destacats arribar\u00e0 el dissabte a la nit amb el Dinamic Show a l\u2019Auditori Municipal Jos\u00e9 Mar\u00eda Cervera.<\/h3>\n\n\n\n<p>Alborache es prepara per a viure un cap de setmana ple d\u2019espectacle amb l\u2019arribada del Zorricos Fest, que celebrar\u00e0 la seua nova edici\u00f3 els dies 17, 18 i 19 d\u2019abril de 2026. Despr\u00e9s de l\u2019\u00e8xit d\u2019anys anteriors, el festival torna amb una proposta m\u00e9s ambiciosa que convertir\u00e0 el municipi en un gran escenari a l\u2019aire lliure pensat per a gaudir en fam\u00edlia.<\/p>\n\n\n\n<p>Durant tres dies, els carrers del poble acolliran una intensa programaci\u00f3 de circ amb actuacions repartides en diferents espais. Malabaristes, acr\u00f2bates, equilibristes i pallassos oferiran espectacles per a tots els p\u00fablics, consolidant esta cita com un dels esdeveniments culturals m\u00e9s atractius de la comarca.<\/p>\n\n\n\n<p>Un dels moments m\u00e9s destacats arribar\u00e0 el dissabte a la nit amb el Dinamic Show a l\u2019Auditori Municipal Jos\u00e9 Mar\u00eda Cervera, una proposta especial que promet sorprendre amb una posada en escena din\u00e0mica, visual i plena d\u2019energia, convertint-se en un dels plats forts del festival.<\/p>\n\n\n\n<p>A m\u00e9s, esta edici\u00f3 incorpora novetats com una zona de marxandatge oficial del Zorricos Fest i un espai ampliat d\u2019artesania, on el p\u00fablic podr\u00e0 descobrir productes \u00fanics elaborats a m\u00e0. L\u2019oferta gastron\u00f2mica tamb\u00e9 es refor\u00e7a amb la pres\u00e8ncia de food trucks que oferiran opcions variades, incloent alternatives sense gluten i vegetarianes.<\/p>\n\n\n\n<p>El programa es completa amb tallers de circ dirigits al p\u00fablic infantil, on els m\u00e9s menuts podran iniciar-se en disciplines com els malabars o l\u2019equilibri, aix\u00ed com amb un cercavila participatiu que recorrer\u00e0 els carrers implicant tant artistes com assistents.<\/p>\n\n\n\n<p>L\u2019Ajuntament d\u2019Alborache i l\u2019organitzaci\u00f3 conviden ve\u00efns i visitants a sumar-se a esta tercera edici\u00f3 d\u2019un festival que continua creixent i que aposta per la cultura, l\u2019art al carrer i la dinamitzaci\u00f3 de l\u2019entorn rural. Un cap de setmana per a deixar-se sorprendre per la m\u00e0gia del circ.<\/p>\n","protected":false},"excerpt":{"rendered":"<div class=\"mh-excerpt\">Un dels moments m\u00e9s destacats arribar\u00e0 el dissabte a la nit amb el Dinamic Show a l\u2019Auditori Municipal Jos\u00e9 Mar\u00eda Cervera. Alborache es prepara per a viure un cap de setmana ple d\u2019espectacle amb l\u2019arribada <a class=\"mh-excerpt-more\" href=\"https:\/\/www.tucomarca.com\/wordpress\/segunda\/ca\/el-zorricos-fest-torna-aquest-cap-de-setmana-a-alboraig-amb-circ-al-carrer-i-el-gran-dinamic-show-a-lauditori-municipal\/\" title=\"El Zorricos Fest torna aquest cap de setmana a Alboraig amb circ al carrer i el gran Dinamic Show a l&#8217;Auditori Municipal\">[+] <\/a><\/div>\n","protected":false},"author":12,"featured_media":298557,"comment_status":"closed","ping_status":"open","sticky":false,"template":"","format":"standard","meta":{"footnotes":""},"categories":[11019,10973,10894,10912,11007,10896],"tags":[11224,10914,19925],"class_list":{"0":"post-298979","1":"post","2":"type-post","3":"status-publish","4":"format-standard","5":"has-post-thumbnail","7":"category-agenda-ca","8":"category-alborache-ca","9":"category-la-comarca-ca","10":"category-la-hoya-ca","11":"category-ocio-y-cultura-ca","12":"category-seccion-ca","13":"tag-alborache-ca","14":"tag-la-hoya-de-bunol-chiva-ca","15":"tag-zorricos-fest-ca"},"_links":{"self":[{"href":"https:\/\/www.tucomarca.com\/wordpress\/segunda\/ca\/wp-json\/wp\/v2\/posts\/298979","targetHints":{"allow":["GET"]}}],"collection":[{"href":"https:\/\/www.tucomarca.com\/wordpress\/segunda\/ca\/wp-json\/wp\/v2\/posts"}],"about":[{"href":"https:\/\/www.tucomarca.com\/wordpress\/segunda\/ca\/wp-json\/wp\/v2\/types\/post"}],"author":[{"embeddable":true,"href":"https:\/\/www.tucomarca.com\/wordpress\/segunda\/ca\/wp-json\/wp\/v2\/users\/12"}],"replies":[{"embeddable":true,"href":"https:\/\/www.tucomarca.com\/wordpress\/segunda\/ca\/wp-json\/wp\/v2\/comments?post=298979"}],"version-history":[{"count":0,"href":"https:\/\/www.tucomarca.com\/wordpress\/segunda\/ca\/wp-json\/wp\/v2\/posts\/298979\/revisions"}],"wp:featuredmedia":[{"embeddable":true,"href":"https:\/\/www.tucomarca.com\/wordpress\/segunda\/ca\/wp-json\/wp\/v2\/media\/298557"}],"wp:attachment":[{"href":"https:\/\/www.tucomarca.com\/wordpress\/segunda\/ca\/wp-json\/wp\/v2\/media?parent=298979"}],"wp:term":[{"taxonomy":"category","embeddable":true,"href":"https:\/\/www.tucomarca.com\/wordpress\/segunda\/ca\/wp-json\/wp\/v2\/categories?post=298979"},{"taxonomy":"post_tag","embeddable":true,"href":"https:\/\/www.tucomarca.com\/wordpress\/segunda\/ca\/wp-json\/wp\/v2\/tags?post=298979"}],"curies":[{"name":"wp","href":"https:\/\/api.w.org\/{rel}","templated":true}]}}